{"id":13020,"date":"2009-09-20T09:36:41","date_gmt":"2009-09-20T07:36:41","guid":{"rendered":"http:\/\/kulturbloggen.com\/?p=13020"},"modified":"2009-09-20T09:36:41","modified_gmt":"2009-09-20T07:36:41","slug":"sa-kom-thatcher-och-inforde-egennyttan-som-forhallningssatt-det-forstorde-landet","status":"publish","type":"post","link":"https:\/\/kulturbloggen.com\/?p=13020","title":{"rendered":"&#8230; s\u00e5 kom Thatcher och inf\u00f6rde egennyttan som f\u00f6rh\u00e5llningss\u00e4tt. Det f\u00f6rst\u00f6rde landet"},"content":{"rendered":"<p><a href=\"http:\/\/sodergren.com\/kulturbloggen\/wp-content\/uploads\/2009\/09\/hawley1.jpg\"><img loading=\"lazy\" decoding=\"async\" src=\"http:\/\/sodergren.com\/kulturbloggen\/wp-content\/uploads\/2009\/09\/hawley1.jpg\" alt=\"hawley\" title=\"hawley\" width=\"300\" height=\"297\" class=\"aligncenter size-full wp-image-13022\" \/><\/a><\/p>\n<blockquote><p>Vi brukade ha fackf\u00f6reningar i det h\u00e4r landet. Men s\u00e5 kom Margareth Thatcher och inf\u00f6rde egennyttan som politiskt f\u00f6rh\u00e5llningss\u00e4tt. Det f\u00f6rst\u00f6rde landet.<\/p><\/blockquote>\n<p>Citat av musikern Richard Hawley.<\/p>\n<p>Richard Hawley \u00e4r en mycket sp\u00e4nnande brititsk artist som skildrar sin hemstad Sheffield och m\u00e4nniskorna d\u00e4r, i sin musik.<\/p>\n<p>Senaste numret &#8211; nummer 48 h\u00f6sten 2009 &#8211; av musiktidningen Sonic har en l\u00e5ng intervju med Richard Hawley.<\/p>\n<p>Han s\u00e4ger ocks\u00e5: <\/p>\n<blockquote><p>Var inte r\u00e4tt f\u00f6r att vara annorlunda, brukar jag s\u00e4ga till mina barn. Det \u00e4r det som\u00e4r det b\u00e4sta med dig.<\/p><\/blockquote>\n<p>Richard Hawley &#8211; The Ocean<\/p>\n<p><object width=\"425\" height=\"344\"><param name=\"movie\" value=\"http:\/\/www.youtube.com\/v\/ynf0ERJVB9I&#038;hl=sv&#038;fs=1&#038;\"><\/param><param name=\"allowFullScreen\" value=\"true\"><\/param><param name=\"allowscriptaccess\" value=\"always\"><\/param><embed src=\"http:\/\/www.youtube.com\/v\/ynf0ERJVB9I&#038;hl=sv&#038;fs=1&#038;\" type=\"application\/x-shockwave-flash\" allowscriptaccess=\"always\" allowfullscreen=\"true\" width=\"425\" height=\"344\"><\/embed><\/object><\/p>\n<p>Tonight The Streets Are Our<\/p>\n<p><object width=\"425\" height=\"344\"><param name=\"movie\" value=\"http:\/\/www.youtube.com\/v\/5eBkrs4YpzI&#038;hl=sv&#038;fs=1&#038;\"><\/param><param name=\"allowFullScreen\" value=\"true\"><\/param><param name=\"allowscriptaccess\" value=\"always\"><\/param><embed src=\"http:\/\/www.youtube.com\/v\/5eBkrs4YpzI&#038;hl=sv&#038;fs=1&#038;\" type=\"application\/x-shockwave-flash\" allowscriptaccess=\"always\" allowfullscreen=\"true\" width=\"425\" height=\"344\"><\/embed><\/object><\/p>\n<p>Just Like The Rain<\/p>\n<p><object width=\"425\" height=\"344\"><param name=\"movie\" value=\"http:\/\/www.youtube.com\/v\/f_V_KqfUhHE&#038;hl=sv&#038;fs=1&#038;\"><\/param><param name=\"allowFullScreen\" value=\"true\"><\/param><param name=\"allowscriptaccess\" value=\"always\"><\/param><embed src=\"http:\/\/www.youtube.com\/v\/f_V_KqfUhHE&#038;hl=sv&#038;fs=1&#038;\" type=\"application\/x-shockwave-flash\" allowscriptaccess=\"always\" allowfullscreen=\"true\" width=\"425\" height=\"344\"><\/embed><\/object><\/p>\n<p><a href=\"http:\/\/sodergren.com\/kulturbloggen\/wp-content\/uploads\/2009\/09\/Richard-Hawley-Ladys-Bridge-411155.jpg\"><img loading=\"lazy\" decoding=\"async\" src=\"http:\/\/sodergren.com\/kulturbloggen\/wp-content\/uploads\/2009\/09\/Richard-Hawley-Ladys-Bridge-411155.jpg\" alt=\"Richard-Hawley-Ladys-Bridge-411155\" title=\"Richard-Hawley-Ladys-Bridge-411155\" width=\"450\" height=\"450\" class=\"aligncenter size-full wp-image-13023\" \/><\/a><\/p>\n<p>L\u00e4s \u00e4ven andra bloggares \u00e5sikter om <a href=\"http:\/\/bloggar.se\/om\/musik\" rel=\"tag\">musik<\/a>, <a href=\"http:\/\/bloggar.se\/om\/politik\" rel=\"tag\">politik<\/a>, <a href=\"http:\/\/bloggar.se\/om\/fackligt\" rel=\"tag\">fackligt<\/a>, <a href=\"http:\/\/bloggar.se\/om\/popmusik\" rel=\"tag\">popmusik<\/a>, <a href=\"http:\/\/bloggar.se\/om\/Storbritannien\" rel=\"tag\">Storbritannien<\/a>, <a href=\"http:\/\/bloggar.se\/om\/Sheffield\" rel=\"tag\">Sheffield<\/a>, <a href=\"http:\/\/bloggar.se\/om\/Richard+Hawley\" rel=\"tag\">Richard Hawley<\/a><\/p>\n","protected":false},"excerpt":{"rendered":"<p>Vi brukade ha fackf\u00f6reningar i det h\u00e4r landet. Men s\u00e5 kom Margareth Thatcher och inf\u00f6rde egennyttan som politiskt f\u00f6rh\u00e5llningss\u00e4tt. Det f\u00f6rst\u00f6rde landet. Citat av musikern Richard Hawley. Richard Hawley \u00e4r en mycket sp\u00e4nnande brititsk artist som skildrar sin hemstad Sheffield och m\u00e4nniskorna d\u00e4r, i sin musik. Senaste numret &#8211; nummer 48 h\u00f6sten 2009 &#8211; av [&hellip;]<\/p>\n","protected":false},"author":2,"featured_media":0,"comment_status":"open","ping_status":"open","sticky":false,"template":"","format":"standard","meta":{"_genesis_hide_title":false,"_genesis_hide_breadcrumbs":false,"_genesis_hide_singular_image":false,"_genesis_hide_footer_widgets":false,"_genesis_custom_body_class":"","_genesis_custom_post_class":"","_genesis_layout":"","footnotes":""},"categories":[7],"tags":[1635,12282,12284,4436,5429],"class_list":{"0":"post-13020","1":"post","2":"type-post","3":"status-publish","4":"format-standard","6":"category-musik","7":"tag-fackligt","8":"tag-musik","9":"tag-politik","10":"tag-popmusik","11":"tag-storbritannien","12":"entry"},"_links":{"self":[{"href":"https:\/\/kulturbloggen.com\/index.php?rest_route=\/wp\/v2\/posts\/13020","targetHints":{"allow":["GET"]}}],"collection":[{"href":"https:\/\/kulturbloggen.com\/index.php?rest_route=\/wp\/v2\/posts"}],"about":[{"href":"https:\/\/kulturbloggen.com\/index.php?rest_route=\/wp\/v2\/types\/post"}],"author":[{"embeddable":true,"href":"https:\/\/kulturbloggen.com\/index.php?rest_route=\/wp\/v2\/users\/2"}],"replies":[{"embeddable":true,"href":"https:\/\/kulturbloggen.com\/index.php?rest_route=%2Fwp%2Fv2%2Fcomments&post=13020"}],"version-history":[{"count":0,"href":"https:\/\/kulturbloggen.com\/index.php?rest_route=\/wp\/v2\/posts\/13020\/revisions"}],"wp:attachment":[{"href":"https:\/\/kulturbloggen.com\/index.php?rest_route=%2Fwp%2Fv2%2Fmedia&parent=13020"}],"wp:term":[{"taxonomy":"category","embeddable":true,"href":"https:\/\/kulturbloggen.com\/index.php?rest_route=%2Fwp%2Fv2%2Fcategories&post=13020"},{"taxonomy":"post_tag","embeddable":true,"href":"https:\/\/kulturbloggen.com\/index.php?rest_route=%2Fwp%2Fv2%2Ftags&post=13020"}],"curies":[{"name":"wp","href":"https:\/\/api.w.org\/{rel}","templated":true}]}}