{"id":130116,"date":"2019-11-16T23:09:24","date_gmt":"2019-11-16T21:09:24","guid":{"rendered":"https:\/\/kulturbloggen.com\/?p=130116"},"modified":"2019-11-16T23:09:24","modified_gmt":"2019-11-16T21:09:24","slug":"lyssna-pernilla-andersson-feat-viktor-olsson-decemberblues","status":"publish","type":"post","link":"https:\/\/kulturbloggen.com\/?p=130116","title":{"rendered":"Lyssna: Pernilla Andersson feat. Viktor Olsson &#8211; Decemberblues"},"content":{"rendered":"<p><img loading=\"lazy\" decoding=\"async\" class=\"aligncenter size-full wp-image-130119\" src=\"https:\/\/kulturbloggen.com\/wp-content\/uploads\/2019\/11\/unnamed-6.jpg\" alt=\"\" width=\"337\" height=\"337\" srcset=\"https:\/\/kulturbloggen.com\/wp-content\/uploads\/2019\/11\/unnamed-6.jpg 337w, https:\/\/kulturbloggen.com\/wp-content\/uploads\/2019\/11\/unnamed-6-150x150.jpg 150w, https:\/\/kulturbloggen.com\/wp-content\/uploads\/2019\/11\/unnamed-6-300x300.jpg 300w\" sizes=\"auto, (max-width: 337px) 100vw, 337px\" \/><\/p>\n<p>Pernilla Andersson har sl\u00e4ppt julduetten &#8221;Decemberblues&#8221; med Viktor Olsson.<\/p>\n<p>Ett pressmeddelande:<br \/>\nN\u00e5gra veckor innan julturn\u00e9premi\u00e4ren sl\u00e4pper Pernilla Andersson nya &#8221;Decemberblues&#8221; som \u00e4r lika gripande som vacker. En duett med Viktor Olsson fr\u00e5n ett vintrigt Bohusl\u00e4n.<\/p>\n<p>\u2013 &#8221;Decemberblues&#8221; \u00e4r s\u00e5ngen om den d\u00e4r k\u00e4rleken som aldrig blev och beslutet att v\u00e4lja bort den. Att rymma \u00f6ver Atlanten f\u00f6r att komma undan och \u00e4nd\u00e5 k\u00e4nna den, men veta att den i verkligheten aldrig kunnat bli lika vacker som i dr\u00f6mmen.<\/p>\n<p>F\u00f6r andra \u00e5ret i rad \u00e5ker Pernilla Andersson p\u00e5 julturn\u00e9 och spelar hyllade albumet \u201dVinters\u00e5nger fr\u00e5n Garbo\u201d. Det v\u00e4ntas st\u00e4mningsfull och hj\u00e4rtsk\u00e4rande musik, stilfullt komponerat med komplett band. Efter nio studioalbum best\u00e4mde sig Pernilla Andersson f\u00f6r att g\u00f6ra ett julalbum. F\u00f6rra vintern tog hon med sig albumet p\u00e5 turn\u00e9 och det blev en omedelbar succ\u00e9.<\/p>\n<p><iframe loading=\"lazy\" src=\"https:\/\/open.spotify.com\/embed\/album\/7s1lonqyZ8zaJ4TKP0nFoI\" width=\"300\" height=\"380\" frameborder=\"0\"><\/iframe><\/p>\n","protected":false},"excerpt":{"rendered":"<p>Pernilla Andersson har sl\u00e4ppt julduetten &#8221;Decemberblues&#8221; med Viktor Olsson. Ett pressmeddelande: N\u00e5gra veckor innan julturn\u00e9premi\u00e4ren sl\u00e4pper Pernilla Andersson nya &#8221;Decemberblues&#8221; som \u00e4r lika gripande som vacker. En duett med Viktor Olsson fr\u00e5n ett vintrigt Bohusl\u00e4n. \u2013 &#8221;Decemberblues&#8221; \u00e4r s\u00e5ngen om den d\u00e4r k\u00e4rleken som aldrig blev och beslutet att v\u00e4lja bort den. Att rymma \u00f6ver [&hellip;]<\/p>\n","protected":false},"author":13,"featured_media":0,"comment_status":"closed","ping_status":"closed","sticky":false,"template":"","format":"standard","meta":{"_genesis_hide_title":false,"_genesis_hide_breadcrumbs":false,"_genesis_hide_singular_image":false,"_genesis_hide_footer_widgets":false,"_genesis_custom_body_class":"","_genesis_custom_post_class":"","_genesis_layout":"","footnotes":""},"categories":[7,13624],"tags":[],"class_list":{"0":"post-130116","1":"post","2":"type-post","3":"status-publish","4":"format-standard","6":"category-musik","7":"category-toppnytt","8":"entry"},"_links":{"self":[{"href":"https:\/\/kulturbloggen.com\/index.php?rest_route=\/wp\/v2\/posts\/130116","targetHints":{"allow":["GET"]}}],"collection":[{"href":"https:\/\/kulturbloggen.com\/index.php?rest_route=\/wp\/v2\/posts"}],"about":[{"href":"https:\/\/kulturbloggen.com\/index.php?rest_route=\/wp\/v2\/types\/post"}],"author":[{"embeddable":true,"href":"https:\/\/kulturbloggen.com\/index.php?rest_route=\/wp\/v2\/users\/13"}],"replies":[{"embeddable":true,"href":"https:\/\/kulturbloggen.com\/index.php?rest_route=%2Fwp%2Fv2%2Fcomments&post=130116"}],"version-history":[{"count":3,"href":"https:\/\/kulturbloggen.com\/index.php?rest_route=\/wp\/v2\/posts\/130116\/revisions"}],"predecessor-version":[{"id":130120,"href":"https:\/\/kulturbloggen.com\/index.php?rest_route=\/wp\/v2\/posts\/130116\/revisions\/130120"}],"wp:attachment":[{"href":"https:\/\/kulturbloggen.com\/index.php?rest_route=%2Fwp%2Fv2%2Fmedia&parent=130116"}],"wp:term":[{"taxonomy":"category","embeddable":true,"href":"https:\/\/kulturbloggen.com\/index.php?rest_route=%2Fwp%2Fv2%2Fcategories&post=130116"},{"taxonomy":"post_tag","embeddable":true,"href":"https:\/\/kulturbloggen.com\/index.php?rest_route=%2Fwp%2Fv2%2Ftags&post=130116"}],"curies":[{"name":"wp","href":"https:\/\/api.w.org\/{rel}","templated":true}]}}