{"id":130101,"date":"2019-11-16T22:55:50","date_gmt":"2019-11-16T20:55:50","guid":{"rendered":"https:\/\/kulturbloggen.com\/?p=130101"},"modified":"2019-11-16T22:55:51","modified_gmt":"2019-11-16T20:55:51","slug":"lyssna-vita-bergen-emotions","status":"publish","type":"post","link":"https:\/\/kulturbloggen.com\/?p=130101","title":{"rendered":"Lyssna: Vita Bergen &#8211; Emotions"},"content":{"rendered":"<p><img loading=\"lazy\" decoding=\"async\" class=\"aligncenter size-full wp-image-130102\" src=\"https:\/\/kulturbloggen.com\/wp-content\/uploads\/2019\/11\/unnamed-3-1.jpg\" alt=\"\" width=\"650\" height=\"650\" srcset=\"https:\/\/kulturbloggen.com\/wp-content\/uploads\/2019\/11\/unnamed-3-1.jpg 650w, https:\/\/kulturbloggen.com\/wp-content\/uploads\/2019\/11\/unnamed-3-1-150x150.jpg 150w, https:\/\/kulturbloggen.com\/wp-content\/uploads\/2019\/11\/unnamed-3-1-300x300.jpg 300w\" sizes=\"auto, (max-width: 650px) 100vw, 650px\" \/><\/p>\n<p>Vita Bergen har sl\u00e4ppt den dansanta singeln \u201dEmotions\u201d.<\/p>\n<p>Ett pressmeddelande ber\u00e4ttar:<br \/>\nIndiesucc\u00e9n Vita Bergen har precis kommit hem fr\u00e5n turn\u00e9 i Asien och de \u00e4r sedan tidigare klara f\u00f6r Eurosonic i Nederl\u00e4nderna i januari. I dag sl\u00e4pps dessutom nya singeln \u201dEmotions\u201d.<br \/>\n&#8221;Som om att Swedish House Maffia hade haft ett indiehj\u00e4rta\u201d s\u00e4ger William Hellstr\u00f6m i Vita Bergen om den energifylld l\u00e5ten.<\/p>\n<p>Just hemkomna fr\u00e5n turn\u00e9 i b\u00e5de USA och Asien med spelning mitt under brinnande Hong Kong-demonstrationer sl\u00e4pper nu indiesucc\u00e9n Vita Bergen och William Hellstr\u00f6m singeln \u201dEmotions\u201d.<br \/>\nVita Bergen forts\u00e4tter p\u00e5 den inslagna banan och p\u00e5 samma s\u00e4tt som p\u00e5 singeln \u201dFalcons\u201d fr\u00e5n i v\u00e5ras, det \u00e4r \u00e5terigen ljuskonstn\u00e4ren och flickv\u00e4nnen Josefin Eklund som g\u00f6r William s\u00e4llskap p\u00e5 s\u00e5ng.<\/p>\n<p>William Hellstr\u00f6m ber\u00e4ttar om \u201dEmotions\u201d:<br \/>\n\u201dEmotions \u00e4r det mest dansanta och energifyllda som Vita Bergen har sl\u00e4ppt. Den handlar om att v\u00e5ga sl\u00e5 sig fri. Som om att Swedish House Maffia hade haft ett indiehj\u00e4rta, det k\u00e4ndes v\u00e4ldigt naturligt att det vi har varit med om i \u00e5r resulterade i detta.\u201d<\/p>\n<p>Vita Bergen, som har upplevt ett fullsp\u00e4ckat 2019, forts\u00e4tter att accelerera in i 2020 med \u201dEmotions&#8221; som producerades tillsammans med Martin Forslund (H\u00e5kan Hellstr\u00f6m, Silvana Imam etc.).<\/p>\n<p>Omslaget gjordes \u00e5terigen av konstn\u00e4rinnan Yoyo-Nasty, ett samarbete som forts\u00e4tter.<\/p>\n<p><iframe loading=\"lazy\" src=\"https:\/\/open.spotify.com\/embed\/album\/0LGEipgISwtABVJI8iaA2k\" width=\"300\" height=\"380\" frameborder=\"0\"><\/iframe><\/p>\n","protected":false},"excerpt":{"rendered":"<p>Vita Bergen har sl\u00e4ppt den dansanta singeln \u201dEmotions\u201d. Ett pressmeddelande ber\u00e4ttar: Indiesucc\u00e9n Vita Bergen har precis kommit hem fr\u00e5n turn\u00e9 i Asien och de \u00e4r sedan tidigare klara f\u00f6r Eurosonic i Nederl\u00e4nderna i januari. I dag sl\u00e4pps dessutom nya singeln \u201dEmotions\u201d. &#8221;Som om att Swedish House Maffia hade haft ett indiehj\u00e4rta\u201d s\u00e4ger William Hellstr\u00f6m i [&hellip;]<\/p>\n","protected":false},"author":13,"featured_media":0,"comment_status":"closed","ping_status":"closed","sticky":false,"template":"","format":"standard","meta":{"_genesis_hide_title":false,"_genesis_hide_breadcrumbs":false,"_genesis_hide_singular_image":false,"_genesis_hide_footer_widgets":false,"_genesis_custom_body_class":"","_genesis_custom_post_class":"","_genesis_layout":"","footnotes":""},"categories":[7,13624],"tags":[],"class_list":{"0":"post-130101","1":"post","2":"type-post","3":"status-publish","4":"format-standard","6":"category-musik","7":"category-toppnytt","8":"entry"},"_links":{"self":[{"href":"https:\/\/kulturbloggen.com\/index.php?rest_route=\/wp\/v2\/posts\/130101","targetHints":{"allow":["GET"]}}],"collection":[{"href":"https:\/\/kulturbloggen.com\/index.php?rest_route=\/wp\/v2\/posts"}],"about":[{"href":"https:\/\/kulturbloggen.com\/index.php?rest_route=\/wp\/v2\/types\/post"}],"author":[{"embeddable":true,"href":"https:\/\/kulturbloggen.com\/index.php?rest_route=\/wp\/v2\/users\/13"}],"replies":[{"embeddable":true,"href":"https:\/\/kulturbloggen.com\/index.php?rest_route=%2Fwp%2Fv2%2Fcomments&post=130101"}],"version-history":[{"count":1,"href":"https:\/\/kulturbloggen.com\/index.php?rest_route=\/wp\/v2\/posts\/130101\/revisions"}],"predecessor-version":[{"id":130103,"href":"https:\/\/kulturbloggen.com\/index.php?rest_route=\/wp\/v2\/posts\/130101\/revisions\/130103"}],"wp:attachment":[{"href":"https:\/\/kulturbloggen.com\/index.php?rest_route=%2Fwp%2Fv2%2Fmedia&parent=130101"}],"wp:term":[{"taxonomy":"category","embeddable":true,"href":"https:\/\/kulturbloggen.com\/index.php?rest_route=%2Fwp%2Fv2%2Fcategories&post=130101"},{"taxonomy":"post_tag","embeddable":true,"href":"https:\/\/kulturbloggen.com\/index.php?rest_route=%2Fwp%2Fv2%2Ftags&post=130101"}],"curies":[{"name":"wp","href":"https:\/\/api.w.org\/{rel}","templated":true}]}}