{"id":129970,"date":"2019-11-09T14:02:08","date_gmt":"2019-11-09T12:02:08","guid":{"rendered":"https:\/\/kulturbloggen.com\/?p=129970"},"modified":"2019-11-09T14:02:09","modified_gmt":"2019-11-09T12:02:09","slug":"lyssna-thomas-stenstrom-dreamer","status":"publish","type":"post","link":"https:\/\/kulturbloggen.com\/?p=129970","title":{"rendered":"Lyssna: Thomas Stenstr\u00f6m &#8211; Dreamer"},"content":{"rendered":"<p><img loading=\"lazy\" decoding=\"async\" class=\"aligncenter size-full wp-image-129972\" src=\"https:\/\/kulturbloggen.com\/wp-content\/uploads\/2019\/11\/image001.jpg\" alt=\"\" width=\"650\" height=\"650\" srcset=\"https:\/\/kulturbloggen.com\/wp-content\/uploads\/2019\/11\/image001.jpg 650w, https:\/\/kulturbloggen.com\/wp-content\/uploads\/2019\/11\/image001-150x150.jpg 150w, https:\/\/kulturbloggen.com\/wp-content\/uploads\/2019\/11\/image001-300x300.jpg 300w\" sizes=\"auto, (max-width: 650px) 100vw, 650px\" \/><\/p>\n<p>Thomas Stenstr\u00f6m sl\u00e4ppte sitt nya album, &#8221;Dreamer&#8221;, den 8 november.<\/p>\n<p>Ett pressmeddelande ber\u00e4ttar:<\/p>\n<p>Titeln och albumkonceptet \u00e4r ett slagord t\u00e4nkt att kunna ta till varje g\u00e5ng sj\u00e4lvf\u00f6rtroenden sviker. Konceptet har \u00e4ven tagits ut i en fanaktivering d\u00e4r Thomas fans redan i onsdags kunde bes\u00f6ka hemsidan dreamer.nu. D\u00e4r kunde de skapa sin egen omslagsbild och dela vilken dreamer just dem \u00e4r f\u00f6r att f\u00e5 en f\u00f6rhandslyssning av fokussingeln &#8221;Aldrig v\u00e5gat&#8221;. Albumet best\u00e5r av moderna popproduktioner, uppslukande melodier och sm\u00e4rtande l\u00e5ttexter. N\u00e4rvarande \u00e4r hela tiden \u00e5ngesten och r\u00e4dslan f\u00f6r att allting n\u00e4r som helst kan g\u00e5 av helvete.<\/p>\n<p>\u201dDet k\u00e4nns som jag alltid dr\u00f6mt mer om saker jag vill g\u00f6ra \u00e4n att leva i nuet. D\u00e4r jag kommer ifr\u00e5n \u00e4r inte ens h\u00f6ghusen s\u00e4rskilt h\u00f6ga och det k\u00e4nns som att inget riktigt v\u00e5gar l\u00e4mna marken. Med min nya skiva dreamer \u00e4r tanken att den ska fungera som ett slagord och bensin dom dagarna som sj\u00e4lvf\u00f6rtroendet sviker dig.\u201d<\/p>\n<p>Musikaliskt har Thomas hittat hem i popv\u00e4rlden. Han har p\u00e5 albumet \u201dDreamer\u201d bland annat samarbetat med producenterna Jens \u201dChords\u201d Resch, Charlie Bernardo, David Axelsson, Emil Gustafsson och Calle Ask. Texterna \u00e4r personligare \u00e4n n\u00e5gonsin och f\u00f6r f\u00f6rsta g\u00e5ngen k\u00e4nner Thomas att han \u00e4ger sitt spr\u00e5k till fullo.<\/p>\n<p>Thomas Stenstr\u00f6m \u00e4r en av Sveriges mest uppskattade artister och har g\u00e5tt igenom flera varv av sj\u00e4lvkritik och eufori. Han har gjort sina tiotusen timmar. 2012 sl\u00e4ppte han sitt debutalbum \u201dN\u00e5t annat, n\u00e5n annanstans\u201d och l\u00e5ten \u201dDetsamma\u201d fick stor spridning. Tv\u00e5 \u00e5r senare b\u00f6rjade saker h\u00e4nda p\u00e5 riktigt; 2014 kom albumet \u201dFulkultur\u201d och singeln \u201dSl\u00e5 mig h\u00e5rt i ansiktet\u201d skar sig genom alla lager. L\u00e5ten blev nominerad till b\u00e5de P3 Guld och Grammis. D\u00e4remellan hann han spela p\u00e5 klubbar, festival- och sommarscener landet runt innan han 2017 sl\u00e4ppte sitt tredje album \u201dR\u00f6r inte min kompis\u201d. I fjol kom EPn \u201dUddevalla Dreamer (del1)&#8221; som bland annat inneh\u00f6ll det framg\u00e5ngsrika singlarna \u201dAdios Amigos\u201d och &#8221;Himlen \u00f6ver City\u201d. Uddevalla Dreamer var b\u00f6rjan p\u00e5 ett omsp\u00e4nnande koncept d\u00e4r mer musik v\u00e4ntar efter \u00e5rsskiftet.<\/p>\n<p><iframe loading=\"lazy\" src=\"https:\/\/open.spotify.com\/embed\/album\/17HW6fD36A6ggqSOPuj7GK\" width=\"300\" height=\"380\" frameborder=\"0\"><\/iframe><\/p>\n","protected":false},"excerpt":{"rendered":"<p>Thomas Stenstr\u00f6m sl\u00e4ppte sitt nya album, &#8221;Dreamer&#8221;, den 8 november. Ett pressmeddelande ber\u00e4ttar: Titeln och albumkonceptet \u00e4r ett slagord t\u00e4nkt att kunna ta till varje g\u00e5ng sj\u00e4lvf\u00f6rtroenden sviker. Konceptet har \u00e4ven tagits ut i en fanaktivering d\u00e4r Thomas fans redan i onsdags kunde bes\u00f6ka hemsidan dreamer.nu. D\u00e4r kunde de skapa sin egen omslagsbild och dela [&hellip;]<\/p>\n","protected":false},"author":13,"featured_media":0,"comment_status":"closed","ping_status":"closed","sticky":false,"template":"","format":"standard","meta":{"_genesis_hide_title":false,"_genesis_hide_breadcrumbs":false,"_genesis_hide_singular_image":false,"_genesis_hide_footer_widgets":false,"_genesis_custom_body_class":"","_genesis_custom_post_class":"","_genesis_layout":"","footnotes":""},"categories":[7,13624],"tags":[],"class_list":{"0":"post-129970","1":"post","2":"type-post","3":"status-publish","4":"format-standard","6":"category-musik","7":"category-toppnytt","8":"entry"},"_links":{"self":[{"href":"https:\/\/kulturbloggen.com\/index.php?rest_route=\/wp\/v2\/posts\/129970","targetHints":{"allow":["GET"]}}],"collection":[{"href":"https:\/\/kulturbloggen.com\/index.php?rest_route=\/wp\/v2\/posts"}],"about":[{"href":"https:\/\/kulturbloggen.com\/index.php?rest_route=\/wp\/v2\/types\/post"}],"author":[{"embeddable":true,"href":"https:\/\/kulturbloggen.com\/index.php?rest_route=\/wp\/v2\/users\/13"}],"replies":[{"embeddable":true,"href":"https:\/\/kulturbloggen.com\/index.php?rest_route=%2Fwp%2Fv2%2Fcomments&post=129970"}],"version-history":[{"count":3,"href":"https:\/\/kulturbloggen.com\/index.php?rest_route=\/wp\/v2\/posts\/129970\/revisions"}],"predecessor-version":[{"id":129974,"href":"https:\/\/kulturbloggen.com\/index.php?rest_route=\/wp\/v2\/posts\/129970\/revisions\/129974"}],"wp:attachment":[{"href":"https:\/\/kulturbloggen.com\/index.php?rest_route=%2Fwp%2Fv2%2Fmedia&parent=129970"}],"wp:term":[{"taxonomy":"category","embeddable":true,"href":"https:\/\/kulturbloggen.com\/index.php?rest_route=%2Fwp%2Fv2%2Fcategories&post=129970"},{"taxonomy":"post_tag","embeddable":true,"href":"https:\/\/kulturbloggen.com\/index.php?rest_route=%2Fwp%2Fv2%2Ftags&post=129970"}],"curies":[{"name":"wp","href":"https:\/\/api.w.org\/{rel}","templated":true}]}}