{"id":129646,"date":"2019-10-28T01:25:52","date_gmt":"2019-10-27T23:25:52","guid":{"rendered":"https:\/\/kulturbloggen.com\/?p=129646"},"modified":"2019-10-29T12:20:58","modified_gmt":"2019-10-29T10:20:58","slug":"berorande-bitterljuvt-program-satumaa-av-anna-heikkinen-langtans-kapell","status":"publish","type":"post","link":"https:\/\/kulturbloggen.com\/?p=129646","title":{"rendered":"Ber\u00f6rande bitterljuvt program &#8211; Satumaa av Anna Heikkinen &amp; L\u00e4ngtans Kapell"},"content":{"rendered":"\n<figure class=\"wp-block-image\"><img loading=\"lazy\" decoding=\"async\" width=\"650\" height=\"254\" src=\"https:\/\/kulturbloggen.com\/wp-content\/uploads\/2019\/10\/v43-1600x624-satumaa-sagolandet.jpg\" alt=\"\" class=\"wp-image-129647\" srcset=\"https:\/\/kulturbloggen.com\/wp-content\/uploads\/2019\/10\/v43-1600x624-satumaa-sagolandet.jpg 650w, https:\/\/kulturbloggen.com\/wp-content\/uploads\/2019\/10\/v43-1600x624-satumaa-sagolandet-300x117.jpg 300w\" sizes=\"auto, (max-width: 650px) 100vw, 650px\" \/><figcaption>foto fr\u00e5n G\u00f6teborgs Stadsteaters hemsida<\/figcaption><\/figure>\n\n\n\n<p>Lunchteater p\u00e5 G\u00f6teborgs Stadsteater<\/p>\n\n\n\n<p>vecka 43 2019<\/p>\n\n\n\n<p>Satumaa (Sagolandet)<\/p>\n\n\n\n<p>N\u00e5s t\u00e4tt inp\u00e5 av inbjudan till ett evenemang som pension\u00e4rer k\u00f6ar till vid biljettsl\u00e4pp inf\u00f6r varje ny s\u00e4song. Popul\u00e4rt s\u00e5 det f\u00f6rsl\u00e5r!  N\u00e4r publiken vid l\u00e5ngborden \u00e4tit f\u00e4rdigt, kliver Lunchteaterns ansvarige  upp p\u00e5  scen f\u00f6r att presentera. Marie Delleskog f\u00e5r reda p\u00e5 att antagligen s\u00e4tts rekord betr\u00e4ffande f\u00f6rstag\u00e5ngs-bes\u00f6kare. Sannolikt lockar \u00e4mnet f\u00f6r veckan m\u00e5nga med finskt p\u00e5br\u00e5 till nostalgisk igenk\u00e4nning. Delleskog passar p\u00e5 att framh\u00e5lla aftonens premi\u00e4r p\u00e5 stora scen, en pj\u00e4s med finsk anknytning. I sammanhanget l\u00e4mpligt att foga in  <em>Fosterlandet <\/em>(recenserad i Kulturbloggen),  det delvis sj\u00e4lvbiografiska familjeepos som blev det sista Anna Takanen satte upp p\u00e5 G\u00f6teborgs Stadsteater.  Historieskrivningen tar liksom i <em>Satumaa, <\/em>avstamp i s\u00e5 kallade finska krigsbarn. I b\u00e5da fallen r\u00f6r det sig om sm\u00e5 pojkar som f\u00e5r fosterf\u00f6r\u00e4ldrar i Sverige.<\/p>\n\n\n\n<p>Draperierna dras f\u00f6r. Enda ljusk\u00e4lla i foaj\u00e9n stearinljus.  Belysta p\u00e5 scen syns Anna Heikkinen &amp; L\u00e4ngtans kapell. De best\u00e5r av Ida Gillner p\u00e5 sopransax vars mormor flydde hit fr\u00e5n Tyskland under andra v\u00e4rldskriget, Leonor Palazzo p\u00e5 cello vars pappa \u00e4r fr\u00e5n Argentina samt dragspelaren Larisa Ljungkrona &#8211; M\u00f6nttinen ingift i finsk sl\u00e4kt. Samtliga  sjunger och involveras i vad som f\u00f6rt\u00e4ljs. Heikkinen st\u00e5r f\u00f6r manus och filmprojektioner, ber\u00e4ttar och sjunger med \u00f6ppna spj\u00e4ll. Upptr\u00e4der som en brobyggare genom att med v\u00f6rdnad ta sig an arvet fr\u00e5n sina f\u00f6rf\u00e4der. Id\u00e9n till f\u00f6rest\u00e4llningen f\u00f6ddes n\u00e4r  artisten som \u00e4gnat sig \u00e5t argentinsk tango, fick erbjudande om den finska varianten. M\u00e4rkligt nog hade hon noll koll, men fick r\u00e5det att b\u00f6rja med Unto Mononen.<\/p>\n\n\n\n<figure class=\"wp-block-image\"><img loading=\"lazy\" decoding=\"async\" width=\"650\" height=\"650\" src=\"https:\/\/kulturbloggen.com\/wp-content\/uploads\/2019\/10\/73523501_530358501085273_8064852862716346368_n.jpg\" alt=\"\" class=\"wp-image-129659\" srcset=\"https:\/\/kulturbloggen.com\/wp-content\/uploads\/2019\/10\/73523501_530358501085273_8064852862716346368_n.jpg 650w, https:\/\/kulturbloggen.com\/wp-content\/uploads\/2019\/10\/73523501_530358501085273_8064852862716346368_n-150x150.jpg 150w, https:\/\/kulturbloggen.com\/wp-content\/uploads\/2019\/10\/73523501_530358501085273_8064852862716346368_n-300x300.jpg 300w\" sizes=\"auto, (max-width: 650px) 100vw, 650px\" \/><figcaption>fr\u00e5n facebooksida med Anna Heikkinen &amp; L\u00e4ngtans kapell<\/figcaption><\/figure>\n\n\n\n<p><\/p>\n\n\n\n<p>F\u00f6rest\u00e4llningen sjuder av ett \u00f6dmjukt chosefritt  tilltal, musikalisk pregnans och v\u00e4l avv\u00e4gd rytm.  Den har med varsam hand regisserats av David Sperling Bolander. Under en knapp timme  ges elva l\u00e5tar\/ stycken, vilka inramas av monologer i kronologisk ordning. P\u00e5 ett smart s\u00e4tt ackompanjeras det ber\u00e4ttade ibland av enskilda instrument. Texten utg\u00e5r fr\u00e5n intervjuer, brev och dagboksanteckningar fr\u00e5n tidigt 40-tal samt personliga minnen.  Heikkinen uppv\u00e4xt i Bohusl\u00e4n  \u00e4r inte tv\u00e5spr\u00e5kig. Hon redovisar i ord och bild bokstavligt talat frukten av en resa 2013,  tillsammans med pappa till hans barndomslanskap. Mycket r\u00f6rande!  Det hela b\u00f6rjar med att hon s\u00f6ker i ordbok efter finska spr\u00e5kets motsvarighet till v\u00e4lkommen och farfar.<\/p>\n\n\n\n<p>Heikkinen i r\u00f6d kl\u00e4nning r\u00f6r sig barfota \u00f6ver scen, medan musikerna \u00e4r placerade runt om i sittande st\u00e4llning. Eftersom Sagolandet p\u00e5minner om ett allkonstverk, roterar de samtrimmade musikerna. Blir indragna i sl\u00e4ktskildringen, f\u00e5r exempelvis f\u00f6rest\u00e4lla de tv\u00e5 sm\u00e5 syskonen (Annas far och faster) som hamnar i trygga Sverige. Tvillingsyskon som slits mellan fosterf\u00f6r\u00e4ldrar och biologiska f\u00f6r\u00e4ldrar i tv\u00e5 l\u00e4nder, vilket m\u00e5lande beskrivs. Ofr\u00e5nkomligen \u00e4r grundtonen vemodig d\u00e5 ber\u00e4ttandet kretsar kring  f\u00f6rlust och \u00f6vergivenhet.  Det sjungs med \u00f6vertygelse. Musiken uttrycker kongenialt starka k\u00e4nslor, rent av sorg n\u00e4r k\u00f6rs\u00e5ng anspelar p\u00e5 farfars grymma \u00f6de. <\/p>\n\n\n\n<p>Ser  m\u00e5ngfasetterat musikaliskt ber\u00e4ttande om kulturell identitet genomf\u00f6ras med m\u00e5lmedvetet lugn. Det ljusa, gl\u00e4djerika och k\u00e4rleksfulla har ocks\u00e5 sin givna plats.  Planterandet av tr\u00e4d var en s\u00e5dan mark\u00f6r, symboliserar tillf\u00f6rsikt och hopp om livet; liksom en korg fylld med  \u00e4ppleblomblad Heikkinen \u00f6ser ur. Och den ystra, successivt stegrande <i>S\u00e4kkij\u00e4rven polkka <\/i>visar p\u00e5 lusten att ge sig h\u00e4n. Iscens\u00e4ttningen av Tvillingsyskonens nerv\u00f6sa uppbrott fr\u00e5n Finland som krigsbarn, skildras genom fantasifull, komisk iscens\u00e4ttning. <\/p>\n\n\n\n<p>Oavsett om \u00e5sk\u00e5daren har liknande erfarenheter ber\u00f6r <em>Satumma<\/em> <em>Sagolandet<\/em>. M\u00e5nga blev tagna, vilket reporter p\u00e5 finskspr\u00e5kig radio p\u00e5pekade f\u00f6r mig. Passade inte att jubla efter\u00e5t, hade n\u00e4stan varit ett etikettsbrott. Noterar ist\u00e4llet v\u00e4rdiga, tacksamma appl\u00e5der. M\u00e4rktes att den totala n\u00e4rvaro  som h\u00e4rskade p\u00e5 scen fortplantade sig till publiken.  Ljudet var perfekt. Varenda nyans gick fram.  F\u00f6rest\u00e4llningen hade premi\u00e4r  p\u00e5 G\u00f6teborgs Dramatiska Teater och  ska ut p\u00e5 turn\u00e9.<\/p>\n\n\n\n<p><\/p>\n\n\n\n<p><\/p>\n","protected":false},"excerpt":{"rendered":"<p>Lunchteater p\u00e5 G\u00f6teborgs Stadsteater vecka 43 2019 Satumaa (Sagolandet) N\u00e5s t\u00e4tt inp\u00e5 av inbjudan till ett evenemang som pension\u00e4rer k\u00f6ar till vid biljettsl\u00e4pp inf\u00f6r varje ny s\u00e4song. Popul\u00e4rt s\u00e5 det f\u00f6rsl\u00e5r! N\u00e4r publiken vid l\u00e5ngborden \u00e4tit f\u00e4rdigt, kliver Lunchteaterns ansvarige upp p\u00e5 scen f\u00f6r att presentera. Marie Delleskog f\u00e5r reda p\u00e5 att antagligen s\u00e4tts rekord [&hellip;]<\/p>\n","protected":false},"author":34,"featured_media":0,"comment_status":"closed","ping_status":"closed","sticky":false,"template":"","format":"standard","meta":{"_genesis_hide_title":false,"_genesis_hide_breadcrumbs":false,"_genesis_hide_singular_image":false,"_genesis_hide_footer_widgets":false,"_genesis_custom_body_class":"","_genesis_custom_post_class":"","_genesis_layout":"","footnotes":""},"categories":[20,30],"tags":[],"class_list":{"0":"post-129646","1":"post","2":"type-post","3":"status-publish","4":"format-standard","6":"category-film","7":"category-teater","8":"entry"},"_links":{"self":[{"href":"https:\/\/kulturbloggen.com\/index.php?rest_route=\/wp\/v2\/posts\/129646","targetHints":{"allow":["GET"]}}],"collection":[{"href":"https:\/\/kulturbloggen.com\/index.php?rest_route=\/wp\/v2\/posts"}],"about":[{"href":"https:\/\/kulturbloggen.com\/index.php?rest_route=\/wp\/v2\/types\/post"}],"author":[{"embeddable":true,"href":"https:\/\/kulturbloggen.com\/index.php?rest_route=\/wp\/v2\/users\/34"}],"replies":[{"embeddable":true,"href":"https:\/\/kulturbloggen.com\/index.php?rest_route=%2Fwp%2Fv2%2Fcomments&post=129646"}],"version-history":[{"count":18,"href":"https:\/\/kulturbloggen.com\/index.php?rest_route=\/wp\/v2\/posts\/129646\/revisions"}],"predecessor-version":[{"id":129696,"href":"https:\/\/kulturbloggen.com\/index.php?rest_route=\/wp\/v2\/posts\/129646\/revisions\/129696"}],"wp:attachment":[{"href":"https:\/\/kulturbloggen.com\/index.php?rest_route=%2Fwp%2Fv2%2Fmedia&parent=129646"}],"wp:term":[{"taxonomy":"category","embeddable":true,"href":"https:\/\/kulturbloggen.com\/index.php?rest_route=%2Fwp%2Fv2%2Fcategories&post=129646"},{"taxonomy":"post_tag","embeddable":true,"href":"https:\/\/kulturbloggen.com\/index.php?rest_route=%2Fwp%2Fv2%2Ftags&post=129646"}],"curies":[{"name":"wp","href":"https:\/\/api.w.org\/{rel}","templated":true}]}}