{"id":129586,"date":"2019-10-24T14:39:01","date_gmt":"2019-10-24T12:39:01","guid":{"rendered":"https:\/\/kulturbloggen.com\/?p=129586"},"modified":"2019-10-24T14:39:02","modified_gmt":"2019-10-24T12:39:02","slug":"titta-destroyer-crimson-tide","status":"publish","type":"post","link":"https:\/\/kulturbloggen.com\/?p=129586","title":{"rendered":"Titta: Destroyer &#8211; Crimson Tide"},"content":{"rendered":"<p><img loading=\"lazy\" decoding=\"async\" class=\"aligncenter size-full wp-image-129589\" src=\"https:\/\/kulturbloggen.com\/wp-content\/uploads\/2019\/10\/unnamed-4-2.jpg\" alt=\"\" width=\"650\" height=\"433\" srcset=\"https:\/\/kulturbloggen.com\/wp-content\/uploads\/2019\/10\/unnamed-4-2.jpg 650w, https:\/\/kulturbloggen.com\/wp-content\/uploads\/2019\/10\/unnamed-4-2-300x200.jpg 300w\" sizes=\"auto, (max-width: 650px) 100vw, 650px\" \/><\/p>\n<p>Dan Bejar, frontperson i kanadensiska bandet Destroyer, har nu avsl\u00f6jat att deras 13:e album Have We Met kommer att sl\u00e4ppas den 31 januari 2020. Bandet passar \u00e4ven p\u00e5 att dela med sig av en f\u00f6rsta singel med musikvideo fr\u00e5n albumet, Crimson Tide, en karakt\u00e4ristiskt melankolisk l\u00e5t som f\u00f6ljer upp den kritikerrosade full\u00e4ngdaren Ken fr\u00e5n 2017.<\/p>\n<p>Bejar ber\u00e4ttar att Have We Met kom till under sm\u00e5tt kaotiska former, genom \u201dequal parts ecstasy and terror\u201d. Albumet best\u00e5r av verk som Bejar har samlat p\u00e5 sig under flera \u00e5r som egentligen reserverats f\u00f6r andra projekt. Vi f\u00e5r h\u00e4r h\u00f6ra tv\u00e5 Destroyer-v\u00e4rldar m\u00f6tas: ett kraftfullt Destroyer fr\u00e5n f\u00f6rr blandat med ett nyfunnet, avslappnat sound, levererat med en imponerande l\u00e4tthet och \u00e4rlighet.<\/p>\n<p><iframe loading=\"lazy\" src=\"https:\/\/www.youtube.com\/embed\/9mFTgJQtCPk\" width=\"560\" height=\"315\" frameborder=\"0\" allowfullscreen=\"allowfullscreen\"><\/iframe><\/p>\n","protected":false},"excerpt":{"rendered":"<p>Dan Bejar, frontperson i kanadensiska bandet Destroyer, har nu avsl\u00f6jat att deras 13:e album Have We Met kommer att sl\u00e4ppas den 31 januari 2020. Bandet passar \u00e4ven p\u00e5 att dela med sig av en f\u00f6rsta singel med musikvideo fr\u00e5n albumet, Crimson Tide, en karakt\u00e4ristiskt melankolisk l\u00e5t som f\u00f6ljer upp den kritikerrosade full\u00e4ngdaren Ken fr\u00e5n 2017. [&hellip;]<\/p>\n","protected":false},"author":2,"featured_media":0,"comment_status":"closed","ping_status":"closed","sticky":false,"template":"","format":"standard","meta":{"_genesis_hide_title":false,"_genesis_hide_breadcrumbs":false,"_genesis_hide_singular_image":false,"_genesis_hide_footer_widgets":false,"_genesis_custom_body_class":"","_genesis_custom_post_class":"","_genesis_layout":"","footnotes":""},"categories":[7,13624],"tags":[],"class_list":{"0":"post-129586","1":"post","2":"type-post","3":"status-publish","4":"format-standard","6":"category-musik","7":"category-toppnytt","8":"entry"},"_links":{"self":[{"href":"https:\/\/kulturbloggen.com\/index.php?rest_route=\/wp\/v2\/posts\/129586","targetHints":{"allow":["GET"]}}],"collection":[{"href":"https:\/\/kulturbloggen.com\/index.php?rest_route=\/wp\/v2\/posts"}],"about":[{"href":"https:\/\/kulturbloggen.com\/index.php?rest_route=\/wp\/v2\/types\/post"}],"author":[{"embeddable":true,"href":"https:\/\/kulturbloggen.com\/index.php?rest_route=\/wp\/v2\/users\/2"}],"replies":[{"embeddable":true,"href":"https:\/\/kulturbloggen.com\/index.php?rest_route=%2Fwp%2Fv2%2Fcomments&post=129586"}],"version-history":[{"count":4,"href":"https:\/\/kulturbloggen.com\/index.php?rest_route=\/wp\/v2\/posts\/129586\/revisions"}],"predecessor-version":[{"id":129591,"href":"https:\/\/kulturbloggen.com\/index.php?rest_route=\/wp\/v2\/posts\/129586\/revisions\/129591"}],"wp:attachment":[{"href":"https:\/\/kulturbloggen.com\/index.php?rest_route=%2Fwp%2Fv2%2Fmedia&parent=129586"}],"wp:term":[{"taxonomy":"category","embeddable":true,"href":"https:\/\/kulturbloggen.com\/index.php?rest_route=%2Fwp%2Fv2%2Fcategories&post=129586"},{"taxonomy":"post_tag","embeddable":true,"href":"https:\/\/kulturbloggen.com\/index.php?rest_route=%2Fwp%2Fv2%2Ftags&post=129586"}],"curies":[{"name":"wp","href":"https:\/\/api.w.org\/{rel}","templated":true}]}}