{"id":129581,"date":"2019-10-24T14:36:09","date_gmt":"2019-10-24T12:36:09","guid":{"rendered":"https:\/\/kulturbloggen.com\/?p=129581"},"modified":"2019-10-24T14:36:10","modified_gmt":"2019-10-24T12:36:10","slug":"titta-alice-boman-wish-we-had-more-time","status":"publish","type":"post","link":"https:\/\/kulturbloggen.com\/?p=129581","title":{"rendered":"Titta: Alice Boman &#8211; Wish We Had More Time"},"content":{"rendered":"<p><img loading=\"lazy\" decoding=\"async\" class=\"aligncenter size-full wp-image-129584\" src=\"https:\/\/kulturbloggen.com\/wp-content\/uploads\/2019\/10\/unnamed-3-2.jpg\" alt=\"\" width=\"650\" height=\"473\" srcset=\"https:\/\/kulturbloggen.com\/wp-content\/uploads\/2019\/10\/unnamed-3-2.jpg 650w, https:\/\/kulturbloggen.com\/wp-content\/uploads\/2019\/10\/unnamed-3-2-300x218.jpg 300w\" sizes=\"auto, (max-width: 650px) 100vw, 650px\" \/><\/p>\n<p>Alice Boman har sl\u00e4ppt tv\u00e5 EPs, Skisser (2013) och 2014 \u00e5rs EP II, f\u00e5tt lovord fr\u00e5n kritiker och hennes musik har h\u00f6rts i TV-serier som Transparent, Wanderlust, 13 Reasons Why och G\u00f6sta. Sedan EP-sl\u00e4ppen har hon ocks\u00e5 sl\u00e4ppt enskilda singlar som \u201cHeartbeat\u201d, \u201cDreams\u201d och \u201cEnd of Time\u201d. Nu \u00e4r det \u00e4ntligen dags f\u00f6r debutalbumet, d\u00e4r hon bl.a. samarbetat med producenten Patrik Berger (Robyn, Charli XCX, Icona Pop, Santigold). \u201dDream On\u201d sl\u00e4pps den 17 januari.<\/p>\n<p>Ett par albuml\u00e5tar finns redan ute: \u201dThis Is Where It Ends\u201d och \u201dWish We Had More Time\u201d med tillh\u00f6rande video.<\/p>\n<p>Om kommande albumet Dream On:<\/p>\n<p>\u201dDet \u00e4r en m\u00e4ktig k\u00e4nsla n\u00e4r du \u00e4r inne i den d\u00e4r bubblan och liksom f\u00f6rlorar tidsuppfattningen\u201d, s\u00e4ger Alice Boman n\u00e4r hon beskriver det hypnotiska tillst\u00e5nd hon befann sig i n\u00e4r hon skapade sitt kommande debutalbum.<\/p>\n<p>Inledningsvis b\u00f6rjade l\u00e5tskrivandet p\u00e5 hennes vanliga, avskilda s\u00e4tt. Sen samlade hon ihop instrument och inspelningsutrustning och begav sig till ett hus p\u00e5 landet i n\u00e5gra veckor tillsammans med Tom Malmros. Snart ville Alice Boman f\u00e5 in \u00e4nnu mer samarbete i processen; hon b\u00f6rjade \u00e5terigen samarbeta med producenten Fabian Prynn \u2013 som hon spelade in &#8221;Heartbeat\u201d, \u201cDreams\u201d och \u201cEnd of Time\u201d med \u2013 men hittade ocks\u00e5 en ny kreativ dynamik med producenten Patrik Berger.<\/p>\n<p>\u201dDet h\u00e4r albumet \u00e4r ett nytt s\u00e4tt f\u00f6r mig att utforska den typen av intimitet. Det kan vara l\u00e4skigt att skapa tillsammans med andra, men du m\u00e5ste v\u00e5ga l\u00e5ta personen komma n\u00e4ra och inte h\u00e5lla tillbaka\u201d, s\u00e4ger hon.<\/p>\n<p>Patrik Berger om samarbetet:<br \/>\n\u201dAtt samarbeta med Alice fick mig att t\u00e4nka p\u00e5 musik p\u00e5 ett nytt s\u00e4tt. Jag trodde inte att n\u00e5got s\u00e5 mjukt kunde l\u00e5ta s\u00e5 intensivt.\u201d<\/p>\n<p>&#8221;Dream On&#8221; \u00e4r ett personligt album om k\u00e4rlek och uppbrott. Alice n\u00e4mner ocks\u00e5 att musiken formats av olika milj\u00f6er och platser hon befunnit sig p\u00e5, som svensk landsbygd, K\u00f6penhamn, London, Los Angeles \u2013 och genom att lyssna p\u00e5 bl.a. Elvis Presley, Cindy Lauper, Portishead och Pink Floyd.<\/p>\n<p>De f\u00f6rsta turn\u00e9datumen:<\/p>\n<p>15 feb \u2013 K\u00f6penhamn, DK (Hotel Cecil)<br \/>\n18 feb \u2013 Berlin, DE (Kantine am Berghain)<br \/>\n19 feb \u2013 Amsterdam, NL (Paradiso)<br \/>\n20 feb \u2013 Paris, FR (Le Pop-Up du Label)<br \/>\n21 feb \u2013 Bryssel, BE (Witloof Bar)<br \/>\n23 feb \u2013 Brighton, UK (The Latest Music Bar) &#8211; nytt datum!<br \/>\n24 feb \u2013 Manchester, UK (Gullivers) &#8211; nytt datum!<br \/>\n25 feb \u2013 London, UK (Union Chapel)<\/p>\n<p>Fler datum tillkommer (inkl. konserter i Sverige)<\/p>\n<p><iframe loading=\"lazy\" src=\"https:\/\/www.youtube.com\/embed\/Vhg4eIB0d7c\" width=\"560\" height=\"315\" frameborder=\"0\" allowfullscreen=\"allowfullscreen\"><\/iframe><\/p>\n","protected":false},"excerpt":{"rendered":"<p>Alice Boman har sl\u00e4ppt tv\u00e5 EPs, Skisser (2013) och 2014 \u00e5rs EP II, f\u00e5tt lovord fr\u00e5n kritiker och hennes musik har h\u00f6rts i TV-serier som Transparent, Wanderlust, 13 Reasons Why och G\u00f6sta. Sedan EP-sl\u00e4ppen har hon ocks\u00e5 sl\u00e4ppt enskilda singlar som \u201cHeartbeat\u201d, \u201cDreams\u201d och \u201cEnd of Time\u201d. Nu \u00e4r det \u00e4ntligen dags f\u00f6r debutalbumet, d\u00e4r [&hellip;]<\/p>\n","protected":false},"author":13,"featured_media":0,"comment_status":"closed","ping_status":"closed","sticky":false,"template":"","format":"standard","meta":{"_genesis_hide_title":false,"_genesis_hide_breadcrumbs":false,"_genesis_hide_singular_image":false,"_genesis_hide_footer_widgets":false,"_genesis_custom_body_class":"","_genesis_custom_post_class":"","_genesis_layout":"","footnotes":""},"categories":[7,13624],"tags":[],"class_list":{"0":"post-129581","1":"post","2":"type-post","3":"status-publish","4":"format-standard","6":"category-musik","7":"category-toppnytt","8":"entry"},"_links":{"self":[{"href":"https:\/\/kulturbloggen.com\/index.php?rest_route=\/wp\/v2\/posts\/129581","targetHints":{"allow":["GET"]}}],"collection":[{"href":"https:\/\/kulturbloggen.com\/index.php?rest_route=\/wp\/v2\/posts"}],"about":[{"href":"https:\/\/kulturbloggen.com\/index.php?rest_route=\/wp\/v2\/types\/post"}],"author":[{"embeddable":true,"href":"https:\/\/kulturbloggen.com\/index.php?rest_route=\/wp\/v2\/users\/13"}],"replies":[{"embeddable":true,"href":"https:\/\/kulturbloggen.com\/index.php?rest_route=%2Fwp%2Fv2%2Fcomments&post=129581"}],"version-history":[{"count":3,"href":"https:\/\/kulturbloggen.com\/index.php?rest_route=\/wp\/v2\/posts\/129581\/revisions"}],"predecessor-version":[{"id":129585,"href":"https:\/\/kulturbloggen.com\/index.php?rest_route=\/wp\/v2\/posts\/129581\/revisions\/129585"}],"wp:attachment":[{"href":"https:\/\/kulturbloggen.com\/index.php?rest_route=%2Fwp%2Fv2%2Fmedia&parent=129581"}],"wp:term":[{"taxonomy":"category","embeddable":true,"href":"https:\/\/kulturbloggen.com\/index.php?rest_route=%2Fwp%2Fv2%2Fcategories&post=129581"},{"taxonomy":"post_tag","embeddable":true,"href":"https:\/\/kulturbloggen.com\/index.php?rest_route=%2Fwp%2Fv2%2Ftags&post=129581"}],"curies":[{"name":"wp","href":"https:\/\/api.w.org\/{rel}","templated":true}]}}