{"id":12916,"date":"2009-09-17T07:11:15","date_gmt":"2009-09-17T05:11:15","guid":{"rendered":"http:\/\/kulturbloggen.com\/?p=12916"},"modified":"2009-09-17T07:11:15","modified_gmt":"2009-09-17T05:11:15","slug":"veckans-daliga-skamt-forst-anna-anka-och-nu-goran-hagglund","status":"publish","type":"post","link":"https:\/\/kulturbloggen.com\/?p=12916","title":{"rendered":"Veckans d\u00e5liga sk\u00e4mt: f\u00f6rst Anna Anka och nu G\u00f6ran H\u00e4gglund"},"content":{"rendered":"<p><a href=\"http:\/\/sodergren.com\/kulturbloggen\/wp-content\/uploads\/2009\/04\/kristdemokraterna290.jpg\"><img loading=\"lazy\" decoding=\"async\" src=\"http:\/\/sodergren.com\/kulturbloggen\/wp-content\/uploads\/2009\/04\/kristdemokraterna290.jpg\" alt=\"kristdemokraterna290\" title=\"kristdemokraterna290\" width=\"290\" height=\"200\" class=\"aligncenter size-full wp-image-8375\" \/><\/a><br \/>\nAnna Anka, svensk Hollywoodfru, menar hon allvar eller \u00e4r det ett d\u00e5ligt sk\u00e4mt? Ja vi \u00e4r m\u00e5nga som undrar om hon sj\u00e4lv tror p\u00e5 sina v\u00e4rderingar, att m\u00e4n ska jobba och tj\u00e4na pengar och f\u00f6rs\u00f6rja frun, som ska vara hemmafru med uppdrag att behaga mannen.<br \/>\nOch nu kristdemokraternas partiledare G\u00f6ran H\u00e4gglund som delar in svenskarna i tv\u00e5 grupper: de som \u00e4r vanligt folk och \u00f6vriga.<br \/>\nUndrar om det h\u00e4r \u00e4r hans utspel f\u00f6r att kristdemokraterna legat risigt till i senaste opinionsunders\u00f6kningarna och kanske trillar ur riksdagen. Stackars H\u00e4gglund f\u00f6rlorar ju jobbet i s\u00e5 fall, v\u00e4l?<\/p>\n<p>P\u00e5 fullt allvar tycks H\u00e4gglund tro att det finns n\u00e5got som heter vanligt folk. Hurdana de \u00e4r?<br \/>\nEnligt H\u00e4gglund jagar de f\u00e4stingar och \u00e4r inte intresserade av politik.<br \/>\nVilket f\u00f6rakt f\u00f6r m\u00e4nniskor han visar p\u00e5 s\u00e5 s\u00e4tt, herr H\u00e4gglund.<\/p>\n<p><a href=\"http:\/\/www.dn.se\/opinion\/debatt\/sveriges-radikala-elit-har-blivit-den-nya-overheten-1.954221\">H\u00e4gglund p\u00e5 DN Debatt<\/a>:<\/p>\n<blockquote><p>Verklighetens folk har jag kallat den breda del av Sveriges befolkning som lever ett alldeles vanligt, hederligt arbetande liv och f\u00f6r vilka politik kommer i andra hand. Det kan vara allt fr\u00e5n undersk\u00f6terskor till professorer; i sommar har de s\u00e4kert gjort som de brukar: bara tagit det lugnt, \u00e5kt till landet och snickrat, g\u00e5tt p\u00e5 loppmarknad, slagits mot f\u00e4stingar, tagit barnen till stranden eller \u00e5kt utomlands.<\/p><\/blockquote>\n<p>H\u00e4gglund visar ju p\u00e5 s\u00e5 s\u00e4tt ett v\u00e4ldigt f\u00f6rakt f\u00f6r m\u00e4nniskor. Dels de som \u00e4r vanligt folk, han har en r\u00e4tt mycket von-oben-attityd mot dem. Men om n\u00e5gon av oss inte r\u00e5kar passa in i den mallen d\u00e5 \u00e4r det \u00e4nnu v\u00e4rre. D\u00e5 \u00e4r vi ju uppenbarligen v\u00e4rda \u00e4nnu mer f\u00f6rakt. Det \u00e4r s\u00e5dana som H\u00e4gglund som skapar grogrund f\u00f6r mobbning och f\u00f6rtryck. F\u00f6r alla som inte passar in i mallen &#8221;vanligt folk&#8221;.<\/p>\n<p>Sedan mots\u00e4ger H\u00e4gglund sig sj\u00e4lv dessutom:<\/p>\n<blockquote><p>Jag tycker mig se en v\u00e4xande klyfta mellan folk och etablissemang. Om jag har r\u00e4tt s\u00e5 \u00e4r det i grunden ett demokratiproblem. F\u00f6r om allm\u00e4nheten upplever att den offentliga debatten envist kretsar kring perifera fr\u00e5gor, d\u00e5 v\u00e4nder man den ju ryggen.<\/p><\/blockquote>\n<p>Han gl\u00f6mde bort att han sj\u00e4lv \u00e4r en del av etablissemanget. Han \u00e4r en del i detta demokratiproblem. Han och hans regeringskollegor som instiftat den ena integritetskr\u00e4nkande lagen efter den andra.<\/p>\n<p><strong><\/p>\n","protected":false},"excerpt":{"rendered":"<p>Anna Anka, svensk Hollywoodfru, menar hon allvar eller \u00e4r det ett d\u00e5ligt sk\u00e4mt? Ja vi \u00e4r m\u00e5nga som undrar om hon sj\u00e4lv tror p\u00e5 sina v\u00e4rderingar, att m\u00e4n ska jobba och tj\u00e4na pengar och f\u00f6rs\u00f6rja frun, som ska vara hemmafru med uppdrag att behaga mannen. Och nu kristdemokraternas partiledare G\u00f6ran H\u00e4gglund som delar in svenskarna [&hellip;]<\/p>\n","protected":false},"author":2,"featured_media":0,"comment_status":"open","ping_status":"open","sticky":false,"template":"","format":"standard","meta":{"_genesis_hide_title":false,"_genesis_hide_breadcrumbs":false,"_genesis_hide_singular_image":false,"_genesis_hide_footer_widgets":false,"_genesis_custom_body_class":"","_genesis_custom_post_class":"","_genesis_layout":"","footnotes":""},"categories":[20],"tags":[],"class_list":{"0":"post-12916","1":"post","2":"type-post","3":"status-publish","4":"format-standard","6":"category-film","7":"entry"},"_links":{"self":[{"href":"https:\/\/kulturbloggen.com\/index.php?rest_route=\/wp\/v2\/posts\/12916","targetHints":{"allow":["GET"]}}],"collection":[{"href":"https:\/\/kulturbloggen.com\/index.php?rest_route=\/wp\/v2\/posts"}],"about":[{"href":"https:\/\/kulturbloggen.com\/index.php?rest_route=\/wp\/v2\/types\/post"}],"author":[{"embeddable":true,"href":"https:\/\/kulturbloggen.com\/index.php?rest_route=\/wp\/v2\/users\/2"}],"replies":[{"embeddable":true,"href":"https:\/\/kulturbloggen.com\/index.php?rest_route=%2Fwp%2Fv2%2Fcomments&post=12916"}],"version-history":[{"count":0,"href":"https:\/\/kulturbloggen.com\/index.php?rest_route=\/wp\/v2\/posts\/12916\/revisions"}],"wp:attachment":[{"href":"https:\/\/kulturbloggen.com\/index.php?rest_route=%2Fwp%2Fv2%2Fmedia&parent=12916"}],"wp:term":[{"taxonomy":"category","embeddable":true,"href":"https:\/\/kulturbloggen.com\/index.php?rest_route=%2Fwp%2Fv2%2Fcategories&post=12916"},{"taxonomy":"post_tag","embeddable":true,"href":"https:\/\/kulturbloggen.com\/index.php?rest_route=%2Fwp%2Fv2%2Ftags&post=12916"}],"curies":[{"name":"wp","href":"https:\/\/api.w.org\/{rel}","templated":true}]}}