{"id":128938,"date":"2019-10-08T08:38:15","date_gmt":"2019-10-08T07:38:15","guid":{"rendered":"https:\/\/kulturbloggen.com\/?p=128938"},"modified":"2019-10-08T08:44:11","modified_gmt":"2019-10-08T07:44:11","slug":"filmrecension-monos","status":"publish","type":"post","link":"https:\/\/kulturbloggen.com\/?p=128938","title":{"rendered":"Filmrecension: Monos &#8211; Colombias Oscarsbidrag"},"content":{"rendered":"<p><img loading=\"lazy\" decoding=\"async\" class=\"aligncenter size-full wp-image-128957\" src=\"https:\/\/kulturbloggen.com\/wp-content\/uploads\/2019\/10\/unnamed-2.jpg\" alt=\"\" width=\"650\" height=\"366\" srcset=\"https:\/\/kulturbloggen.com\/wp-content\/uploads\/2019\/10\/unnamed-2.jpg 650w, https:\/\/kulturbloggen.com\/wp-content\/uploads\/2019\/10\/unnamed-2-300x169.jpg 300w\" sizes=\"auto, (max-width: 650px) 100vw, 650px\" \/><\/p>\n<p>Monos<br \/>\nBetyg 4<br \/>\nSvensk biopremi\u00e4r 22 november 2019<br \/>\nRegi Alejandro Landes<\/p>\n<p>En bildm\u00e4ssigt storartad skildring av m\u00e4nsklighetens grymma sidor, skildrad genom n\u00e5gra ungdomar som lever \u00f6dsligt p\u00e5 en bergstopp n\u00e5gonstans i Sydamerika. En mystisk, stark och skr\u00e4mmande film som jag tror ingen kan se ober\u00f6rd. Ungdomarna \u00e4r en slags rebeller, de tillh\u00f6r n\u00e5got som kallar organisationen.<\/p>\n<p><img loading=\"lazy\" decoding=\"async\" class=\"alignright size-medium wp-image-128964\" src=\"https:\/\/kulturbloggen.com\/wp-content\/uploads\/2019\/10\/unnamed-3-300x169.jpg\" alt=\"\" width=\"300\" height=\"169\" srcset=\"https:\/\/kulturbloggen.com\/wp-content\/uploads\/2019\/10\/unnamed-3-300x169.jpg 300w, https:\/\/kulturbloggen.com\/wp-content\/uploads\/2019\/10\/unnamed-3.jpg 600w\" sizes=\"auto, (max-width: 300px) 100vw, 300px\" \/>Denna rebellgrupp av ungdomar har stenh\u00e5rd disciplin och en ledargestalt g\u00e4star dem och ger dem ordet att vakta en mj\u00f6lkko och en ung amerikanska kvinna som \u00e4r gisslan. Ledargestalten ger sig iv\u00e4g och ungdomarna tr\u00e4nar och sk\u00f6ter om kon och gisslan tills en av ungdomarna en kv\u00e4ll blir f\u00f6r full och fyrar av sin k-pist och n\u00e5got tragiskt h\u00e4nder. Olyckan s\u00e4tter ig\u00e5ng en l\u00e5ng rad mardr\u00f6mslika h\u00e4ndelser.<\/p>\n<p>Filmen \u00e4r utsedd till \u00e4r Colombias Oscarsbidrag 2020. Den som l\u00e4st klassikern &#8221;Flugornas herre&#8221; av William Golding kan se paralleller i skildringen av maktkamp, solidaritet, v\u00e4nskap och svek. Filmen \u00e4r grym och samtidigt som den \u00e4r skickligt ber\u00e4ttat visuellt knyter det sig i magen. Den ger inte mycket hopp, den \u00e4r obehaglig men samtidigt g\u00e5r det inte att sluta titta. Den ber\u00e4ttar s\u00e5 mycket om hur m\u00e4nniskor kan bete sig, speciellt under mer extrema f\u00f6rh\u00e5llanden d\u00e4r v\u00e5ld tillh\u00f6r vardagen. Jag ser ocks\u00e5 filmen som en ber\u00e4ttelse om vad milit\u00e4ra strukturer g\u00f6r med m\u00e4nniskor.<\/p>\n<p>Det finns en scen jag hoppas inte spelats in med djurpl\u00e5geri. Jag var tvungen att blunda ett tag. S\u00e5 d\u00e4rf\u00f6r k\u00e4nde jag mig lite tveksam till hur jag skulle betygs\u00e4tta den. Hur g\u00e4rna en filmskapare \u00e4n vill ber\u00e4tta en historia och hur viktig ber\u00e4ttelsen \u00e4n \u00e4r s\u00e5 anser jag \u00e4nd\u00e5 inte att det \u00e4r r\u00e4tt att pl\u00e5ga djur under inspelningen.<\/p>\n<p>Men det \u00e4r en engagerande film och en handling som sitter kvar efter\u00e5t och som kan ge mycket att diskutera om.<\/p>\n<p><iframe loading=\"lazy\" src=\"https:\/\/www.youtube.com\/embed\/disclpVzoMQ\" width=\"560\" height=\"315\" frameborder=\"0\" allowfullscreen=\"allowfullscreen\"><\/iframe><\/p>\n","protected":false},"excerpt":{"rendered":"<p>Monos Betyg 4 Svensk biopremi\u00e4r 22 november 2019 Regi Alejandro Landes En bildm\u00e4ssigt storartad skildring av m\u00e4nsklighetens grymma sidor, skildrad genom n\u00e5gra ungdomar som lever \u00f6dsligt p\u00e5 en bergstopp n\u00e5gonstans i Sydamerika. En mystisk, stark och skr\u00e4mmande film som jag tror ingen kan se ober\u00f6rd. Ungdomarna \u00e4r en slags rebeller, de tillh\u00f6r n\u00e5got som kallar [&hellip;]<\/p>\n","protected":false},"author":2,"featured_media":0,"comment_status":"closed","ping_status":"closed","sticky":false,"template":"","format":"standard","meta":{"_genesis_hide_title":false,"_genesis_hide_breadcrumbs":false,"_genesis_hide_singular_image":false,"_genesis_hide_footer_widgets":false,"_genesis_custom_body_class":"","_genesis_custom_post_class":"","_genesis_layout":"","footnotes":""},"categories":[50,51,16,20],"tags":[9407,1738,13749,12285,12286],"class_list":{"0":"post-128938","1":"post","2":"type-post","3":"status-publish","4":"format-standard","6":"category-filmfilm","7":"category-filmer","8":"category-recension","9":"category-film","10":"tag-colombia","11":"tag-filmrecension","12":"tag-oscarsbidrag","13":"tag-recension","14":"tag-film","15":"entry"},"_links":{"self":[{"href":"https:\/\/kulturbloggen.com\/index.php?rest_route=\/wp\/v2\/posts\/128938","targetHints":{"allow":["GET"]}}],"collection":[{"href":"https:\/\/kulturbloggen.com\/index.php?rest_route=\/wp\/v2\/posts"}],"about":[{"href":"https:\/\/kulturbloggen.com\/index.php?rest_route=\/wp\/v2\/types\/post"}],"author":[{"embeddable":true,"href":"https:\/\/kulturbloggen.com\/index.php?rest_route=\/wp\/v2\/users\/2"}],"replies":[{"embeddable":true,"href":"https:\/\/kulturbloggen.com\/index.php?rest_route=%2Fwp%2Fv2%2Fcomments&post=128938"}],"version-history":[{"count":12,"href":"https:\/\/kulturbloggen.com\/index.php?rest_route=\/wp\/v2\/posts\/128938\/revisions"}],"predecessor-version":[{"id":128968,"href":"https:\/\/kulturbloggen.com\/index.php?rest_route=\/wp\/v2\/posts\/128938\/revisions\/128968"}],"wp:attachment":[{"href":"https:\/\/kulturbloggen.com\/index.php?rest_route=%2Fwp%2Fv2%2Fmedia&parent=128938"}],"wp:term":[{"taxonomy":"category","embeddable":true,"href":"https:\/\/kulturbloggen.com\/index.php?rest_route=%2Fwp%2Fv2%2Fcategories&post=128938"},{"taxonomy":"post_tag","embeddable":true,"href":"https:\/\/kulturbloggen.com\/index.php?rest_route=%2Fwp%2Fv2%2Ftags&post=128938"}],"curies":[{"name":"wp","href":"https:\/\/api.w.org\/{rel}","templated":true}]}}