{"id":128726,"date":"2019-09-29T15:05:48","date_gmt":"2019-09-29T14:05:48","guid":{"rendered":"https:\/\/kulturbloggen.com\/?p=128726"},"modified":"2019-09-29T15:05:49","modified_gmt":"2019-09-29T14:05:49","slug":"rebellisk-fortvivlan-karleken-doden-och-vi-adas-musikaliska-teater","status":"publish","type":"post","link":"https:\/\/kulturbloggen.com\/?p=128726","title":{"rendered":"Rebellisk f\u00f6rtvivlan &#8211; K\u00e4rleken, d\u00f6den och vi &#8211; Adas Musikaliska Teater"},"content":{"rendered":"\n<figure class=\"wp-block-image\"><img loading=\"lazy\" decoding=\"async\" width=\"650\" height=\"487\" src=\"https:\/\/kulturbloggen.com\/wp-content\/uploads\/2019\/09\/70002027_2901478583409762_7799848385506181120_o.jpg\" alt=\"\" class=\"wp-image-128727\" srcset=\"https:\/\/kulturbloggen.com\/wp-content\/uploads\/2019\/09\/70002027_2901478583409762_7799848385506181120_o.jpg 650w, https:\/\/kulturbloggen.com\/wp-content\/uploads\/2019\/09\/70002027_2901478583409762_7799848385506181120_o-300x225.jpg 300w\" sizes=\"auto, (max-width: 650px) 100vw, 650px\" \/><figcaption>fr\u00e5n ADAS facebooksida &#8211; foto Lisa Hjert\u00e9n<\/figcaption><\/figure>\n\n\n\n<p>Id\u00e9, manus &amp; regi: Fia Adler Sandblad<\/p>\n\n\n\n<p>Koreograf: Mireille Leblanc<\/p>\n\n\n\n<p>Musik &amp; Ljud: Jonas Franke Blom<\/p>\n\n\n\n<p>Scenografi, kostym &amp; mask: Lisa Hjert\u00e9n<\/p>\n\n\n\n<p>Sk\u00e5despelare: Mirja Burlin, Cassandra Hedberg &amp; Anette Sevreus<\/p>\n\n\n\n<p>Spelas p\u00e5 Konstepidemin atelj\u00e9 201 i G\u00f6teborg t.o.m 3\/11<\/p>\n\n\n\n<p>Urpremi\u00e4r: 26\/9 2019<\/p>\n\n\n\n<p>En pj\u00e4s i tv\u00e5 akter om kvinnors psykiska oh\u00e4lsa, beskrivet som ett k\u00f6rverk med tre solopartier. <em>K\u00e4rleken, d\u00f6den och vi <\/em>utg\u00f6r avslutande delen i en trippel (recenserat de tv\u00e5 f\u00f6reg\u00e5ende) med likartad problematik.  Den \u00e4r baserad p\u00e5 en rad k\u00e4llor, s\u00e5som samtal med \u00f6verl\u00e4kare i psykiatri, professor i mikrobiologi, docent p\u00e5 Chalmers och id\u00e9historikern Karin Johannissons bok <em>Den s\u00e5rade divan. <\/em>De tre sk\u00e5despelarna representerar sinsemellan olikartade livs\u00f6den, vars gemensamma n\u00e4mnare best\u00e5r i att befinna sig utanf\u00f6r normalitetsf\u00e5llan. Kvinnorna saknar f\u00f6ruts\u00e4ttningar att fungera, enligt den miniminorm som kr\u00e4vs f\u00f6r ett dr\u00e4gligt liv.  Sk\u00e5despelarnas ber\u00e4ttelser har Fia Adler Sandblad h\u00e4mtat fr\u00e5n en m\u00e4ngd djupintervjuer hon genomf\u00f6rt under de sex senaste \u00e5ren.  Tystade erfarenheter och problematiska myndighetskontakter f\u00f6renar  informanterna.<\/p>\n\n\n\n<p>P\u00e5 den black box som utg\u00f6r ADAS intima scen f\u00f6rmedlas s\u00e5r i sj\u00e4len, historiska trauman fr\u00e5n en trio sk\u00e5despelare \u00f6ver tv\u00e5 akter. De angriper sitt utanf\u00f6rskap p\u00e5 olika s\u00e4tt, blir en angel\u00e4genhet f\u00f6r psykiatrin. Den yngsta,  tr\u00e4ffs\u00e4kert gestaltad av Cassandra Hedberg, har vad det verkar m\u00e5tt s\u00e5 d\u00e5ligt, att hon aldrig varit en del av samh\u00e4llet som en fungerande varelse.  Dysfunktionalteten  definierar henne och diagnosen blir b\u00e5de en l\u00e4ttnad och h\u00e4msko n\u00e4r den fastst\u00e4lls. De andra har kraschat och g\u00e5tt s\u00f6nder mitt i en tillvaro fylld av vardagens sysslor. Pl\u00f6tsligt  p\u00e5 v\u00e4g till jobbet p\u00e5 sp\u00e5rvagnen dr\u00e4neras en medel\u00e5lders kvinna (Anette Sevreus) p\u00e5 all energi och fram\u00e5tr\u00f6relse. Mirja Burlin som jag uppskattat p\u00e5 flera scener i G\u00f6teborg inklusive Stadsteatern, spelar en person vars identitet hon kopplar till sin tj\u00e4nst som forskare i cell- och molekyl\u00e4rbiologi. Ett par av hennes monologer blir till minif\u00f6rel\u00e4sningar om just livets minsta best\u00e5ndsdelar. Ett lite apart sidosp\u00e5r fr\u00e5n huvudtemat om kvinnors \u00f6kande psykiska oh\u00e4lsa.<\/p>\n\n\n\n<p>Scenografin best\u00e5r av en h\u00f6g tr\u00e4konstruktion att ta spj\u00e4rn mot eller kl\u00e4ttra p\u00e5. I andra akten \u00e5terst\u00e5r bara en rektangul\u00e4r botten. D\u00e5 kommer kvinnor n\u00e4rmare varandra fysiskt, utan att f\u00f6ra n\u00e5gra samtal bildar de \u00e4nd\u00e5 n\u00e5gon sorts stumt systerskap. D\u00e4remot kastar tar de av sig kl\u00e4desplagg, vilka bildar en h\u00f6g med p\u00e5nyttf\u00f6dd energi. P\u00e5 ett tragikomiskt vis imiteras den makt som styr \u00f6ver deras underordning, ett  perspektiv som st\u00e4rker medvetandet. Den yngsta av dem v\u00e4grar acceptera klassificeringen &#8221;f\u00e4rdigbehandlad&#8221;.  Gryende, famlande kampvilja  antyder m\u00f6jligheten till f\u00f6r\u00e4ndring. I s\u00e5 fall m\u00e5ste de namnl\u00f6sa kvinnorna synligg\u00f6ras och ges r\u00e4tt verktyg, n\u00e5got annat \u00e4n medicinering. Barnhemsbarnet Adler Sandblad drivs  av egen agenda (framkommer i ess\u00e4 i viktiga programh\u00e4ftet). Hon lyfter ett eskalerande h\u00e4lsoproblem hos m\u00e4nniskor som riskerar att bli \u00f6vergivna. <\/p>\n\n\n\n<p>Duktiga sk\u00e5despelare f\u00e5r fram frustrationen hos rollfigurerna. Vankelmod och desperation m\u00e4rks genom tomma blickar, talande tystnader och ivriga utl\u00e4ggningar. Cassandra Hedberg f\u00f6rtj\u00e4nar en extra eloge f\u00f6r att hon i sin hood  med sina  tics och f\u00e5taliga maniska utbrott, bottnar s\u00e5 totalt i sin karakt\u00e4r.<\/p>\n\n\n\n<p><\/p>\n\n\n\n<p><\/p>\n\n\n\n<p>Ser en angel\u00e4gen pj\u00e4s som inte fastnar som f\u00f6rv\u00e4ntat, m\u00e4rkligt med tanke p\u00e5 tidigare upps\u00e4ttningar i denna svit. Kan inte f\u00f6rklaras av mitt k\u00f6n,  att jag d\u00e4rmed skulle vara inkompatibel med de \u00f6den som skildras.  Kan ist\u00e4llet ha att g\u00f6ra med s\u00e5ngerna akt\u00f6rerna framf\u00f6r, som  inlagda i manus bryter av f\u00f6rloppet, \u00e4ven om det sjungna ocks\u00e5 kommenterar trions bel\u00e4genhet. Fr\u00e4mst beror det nog p\u00e5 n\u00e5got som egentligen \u00e4r positivt, n\u00e4mligen att verket har en \u00f6ppen tendens.  Att man, som man s\u00e4ger, \u00f6ppnar upp f\u00f6r diskussion om komplexa sammanhang \u00e4r lovv\u00e4rt. Men kan samtidigt vara det som g\u00f6r att upplevelsen inte leder till f\u00f6rl\u00f6sande slutsats, i en pj\u00e4s som vill rikta str\u00e5lkastarljuset mot destruktiva strukturer. <\/p>\n\n\n\n<p><\/p>\n\n\n\n<p><\/p>\n\n\n\n<p><\/p>\n\n\n\n<p><\/p>\n\n\n\n<p><\/p>\n\n\n\n<p><\/p>\n","protected":false},"excerpt":{"rendered":"<p>Id\u00e9, manus &amp; regi: Fia Adler Sandblad Koreograf: Mireille Leblanc Musik &amp; Ljud: Jonas Franke Blom Scenografi, kostym &amp; mask: Lisa Hjert\u00e9n Sk\u00e5despelare: Mirja Burlin, Cassandra Hedberg &amp; Anette Sevreus Spelas p\u00e5 Konstepidemin atelj\u00e9 201 i G\u00f6teborg t.o.m 3\/11 Urpremi\u00e4r: 26\/9 2019 En pj\u00e4s i tv\u00e5 akter om kvinnors psykiska oh\u00e4lsa, beskrivet som ett k\u00f6rverk [&hellip;]<\/p>\n","protected":false},"author":34,"featured_media":0,"comment_status":"closed","ping_status":"closed","sticky":false,"template":"","format":"standard","meta":{"_genesis_hide_title":false,"_genesis_hide_breadcrumbs":false,"_genesis_hide_singular_image":false,"_genesis_hide_footer_widgets":false,"_genesis_custom_body_class":"","_genesis_custom_post_class":"","_genesis_layout":"","footnotes":""},"categories":[20,30,31],"tags":[],"class_list":{"0":"post-128726","1":"post","2":"type-post","3":"status-publish","4":"format-standard","6":"category-film","7":"category-teater","8":"category-teaterrecension","9":"entry"},"_links":{"self":[{"href":"https:\/\/kulturbloggen.com\/index.php?rest_route=\/wp\/v2\/posts\/128726","targetHints":{"allow":["GET"]}}],"collection":[{"href":"https:\/\/kulturbloggen.com\/index.php?rest_route=\/wp\/v2\/posts"}],"about":[{"href":"https:\/\/kulturbloggen.com\/index.php?rest_route=\/wp\/v2\/types\/post"}],"author":[{"embeddable":true,"href":"https:\/\/kulturbloggen.com\/index.php?rest_route=\/wp\/v2\/users\/34"}],"replies":[{"embeddable":true,"href":"https:\/\/kulturbloggen.com\/index.php?rest_route=%2Fwp%2Fv2%2Fcomments&post=128726"}],"version-history":[{"count":8,"href":"https:\/\/kulturbloggen.com\/index.php?rest_route=\/wp\/v2\/posts\/128726\/revisions"}],"predecessor-version":[{"id":128820,"href":"https:\/\/kulturbloggen.com\/index.php?rest_route=\/wp\/v2\/posts\/128726\/revisions\/128820"}],"wp:attachment":[{"href":"https:\/\/kulturbloggen.com\/index.php?rest_route=%2Fwp%2Fv2%2Fmedia&parent=128726"}],"wp:term":[{"taxonomy":"category","embeddable":true,"href":"https:\/\/kulturbloggen.com\/index.php?rest_route=%2Fwp%2Fv2%2Fcategories&post=128726"},{"taxonomy":"post_tag","embeddable":true,"href":"https:\/\/kulturbloggen.com\/index.php?rest_route=%2Fwp%2Fv2%2Ftags&post=128726"}],"curies":[{"name":"wp","href":"https:\/\/api.w.org\/{rel}","templated":true}]}}