{"id":128648,"date":"2019-09-25T16:13:35","date_gmt":"2019-09-25T15:13:35","guid":{"rendered":"https:\/\/kulturbloggen.com\/?p=128648"},"modified":"2019-09-25T16:14:18","modified_gmt":"2019-09-25T15:14:18","slug":"filmrecension-blinded-by-the-light","status":"publish","type":"post","link":"https:\/\/kulturbloggen.com\/?p=128648","title":{"rendered":"Filmrecension: Blinded by the Light &#8211; en varm film, en hyllning till The Boss och till ungdomen och musiken"},"content":{"rendered":"<p><img loading=\"lazy\" decoding=\"async\" class=\"aligncenter size-full wp-image-128658\" src=\"https:\/\/kulturbloggen.com\/wp-content\/uploads\/2019\/09\/unnamed-1.png\" alt=\"\" width=\"650\" height=\"366\" srcset=\"https:\/\/kulturbloggen.com\/wp-content\/uploads\/2019\/09\/unnamed-1.png 650w, https:\/\/kulturbloggen.com\/wp-content\/uploads\/2019\/09\/unnamed-1-300x169.png 300w\" sizes=\"auto, (max-width: 650px) 100vw, 650px\" \/><\/p>\n<p><strong>Blinded by the Light<\/strong><br \/>\nBetyg 4<br \/>\nSvensk biopremi\u00e4r 27 september 2019<br \/>\nRegi Gurinder Chadha<\/p>\n<p>En hyllning till Bruce Springsteen, till hans musik, hans texter och hans v\u00e4rderingar. En film som utan tvekan \u00e4r ett m\u00e5ste f\u00f6r alla Springsteen-fans, f\u00f6rst\u00e5s.<\/p>\n<p><img loading=\"lazy\" decoding=\"async\" class=\"alignright size-medium wp-image-128665\" src=\"https:\/\/kulturbloggen.com\/wp-content\/uploads\/2019\/09\/blinded2-300x169.jpg\" alt=\"\" width=\"300\" height=\"169\" srcset=\"https:\/\/kulturbloggen.com\/wp-content\/uploads\/2019\/09\/blinded2-300x169.jpg 300w, https:\/\/kulturbloggen.com\/wp-content\/uploads\/2019\/09\/blinded2.jpg 650w\" sizes=\"auto, (max-width: 300px) 100vw, 300px\" \/>Handlingen kretsar kring en ung pojke med pakistanskt ursprung i den brittiska staden Luton i mitten av 1980-talet. Hans f\u00f6r\u00e4ldrar, i synnerhet hans pappa, h\u00e5ller h\u00e5rt p\u00e5 traditioner. N\u00e4r Javed arbetar extra p\u00e5 sommarlovet m\u00e5ste han ge hela sin l\u00f6n till pappan. Alla i familjen m\u00e5ste ge sina inkomster till pappan som \u00e4r familjens \u00f6verhuvud. Javed k\u00e4nner sig splittrad, han \u00e4r f\u00f6dd i Storbritannien och k\u00e4nner sig b\u00e5de som britt och som pakistanier. Samtidigt \u00e4r inte alla inv\u00e5nare v\u00e4nliga, rasismen v\u00e4xer och ungar kissar p\u00e5 pakistaniers d\u00f6rrar och National Front demonstrerar.<\/p>\n<p>Hans b\u00e4sta v\u00e4n, Matt, \u00e4r britt. De bor grannar och h\u00e5ller ihop, fast deras liv \u00e4r s\u00e5 olika. N\u00e4r de blivit ton\u00e5ringar och Matt har fest f\u00e5r Javed inte g\u00e5 dit f\u00f6r sin pappa. Matt \u00e5ker p\u00e5 semester utomlands med sina f\u00f6r\u00e4ldrar medan Javeds pappa tillh\u00f6r de som blir arbetsl\u00f6sa n\u00e4r GM halverar sin verksamhet i Luton.<\/p>\n<p>Av en slump st\u00f6ter Javed ihop med en sikhisk ton\u00e5rspojke, Roops, f\u00f6rsta dagen i high school. Genom honom uppt\u00e4cker Javed Bruce Springsteen. Det blir en enorm aha-upplevelse f\u00f6r Javed att lyssna p\u00e5 Bruce Springsteens musik och texter, han k\u00e4nner att texterna talar direkt till honom och hans verklighet. N\u00e4r han uppt\u00e4cker Bruce Springsteens musik f\u00f6r\u00e4ndras allt.<\/p>\n<p>Javed \u00e4r duktig p\u00e5 att skriva och f\u00e5r st\u00f6d i skolan av sin l\u00e4rare som uppt\u00e4ckt hans f\u00f6rm\u00e5ga. Ocks\u00e5 med detta kommer Javed i konflikt med pappan. Pappans planer f\u00f6r Javed \u00e4r att han ska bli fastighetsm\u00e4klare eller ekonomi. Att bli f\u00f6rfattare, som Javed dr\u00f6mmer om, finns inte p\u00e5 pappans karta alls. F\u00f6r m\u00e5nga av oss som inte v\u00e4xt upp i n\u00e5gon tradition med starka krav att underordna sig f\u00f6r\u00e4ldrarna och speciellt pappan \u00e4r det sv\u00e5rsm\u00e4lt att se hur Javed inte f\u00e5r ha sina dr\u00f6mmar.<\/p>\n<p>En av filmens styrkor \u00e4r att den inte sk\u00f6nm\u00e5lar n\u00e5got men inte heller framst\u00e4ller exempelvis pappan som alltigenom ond, \u00e4ven om det g\u00f6r ont i mig som betraktare att inse att m\u00e5nga barn v\u00e4xer \u00e4n idag upp med dessa h\u00e5rda regler fr\u00e5n andra traditioner.<\/p>\n<p>Viveik Kalra \u00e4r j\u00e4tteduktig i rollen som Javed. Vi l\u00e4r se honom i andra filmer fram \u00f6ver. Regiss\u00f6ren  Gurinder Chadha (som gjorde \u201dSkruva den som Beckham\u201d) har f\u00e5tt tag p\u00e5 ett bra g\u00e4ng unga sk\u00e5despelare: Kit Reeve som Emma, Dean-Charles Chapman som Matt och Aaron Phagura som Roops.<\/p>\n<p>Det \u00e4r en varm film om hur stort det kan vara att som ung hitta n\u00e5gon som formulerat det man sj\u00e4lv k\u00e4nner, ofta vid musik och musikens texten, men det kan f\u00f6rst\u00e5s ocks\u00e5 vara p\u00e5 annat s\u00e4tt. En film om att vara ung och s\u00f6ka efter sin roll i livet och en gigantisk hyllning till Bruce Springsteen.<\/p>\n<p><iframe loading=\"lazy\" src=\"https:\/\/www.youtube.com\/embed\/DmmHvnS0IKM\" width=\"560\" height=\"315\" frameborder=\"0\" allowfullscreen=\"allowfullscreen\"><\/iframe><\/p>\n","protected":false},"excerpt":{"rendered":"<p>Blinded by the Light Betyg 4 Svensk biopremi\u00e4r 27 september 2019 Regi Gurinder Chadha En hyllning till Bruce Springsteen, till hans musik, hans texter och hans v\u00e4rderingar. En film som utan tvekan \u00e4r ett m\u00e5ste f\u00f6r alla Springsteen-fans, f\u00f6rst\u00e5s. Handlingen kretsar kring en ung pojke med pakistanskt ursprung i den brittiska staden Luton i mitten [&hellip;]<\/p>\n","protected":false},"author":2,"featured_media":0,"comment_status":"closed","ping_status":"closed","sticky":false,"template":"","format":"standard","meta":{"_genesis_hide_title":false,"_genesis_hide_breadcrumbs":false,"_genesis_hide_singular_image":false,"_genesis_hide_footer_widgets":false,"_genesis_custom_body_class":"","_genesis_custom_post_class":"","_genesis_layout":"","footnotes":""},"categories":[50,51,16,20,13624],"tags":[],"class_list":{"0":"post-128648","1":"post","2":"type-post","3":"status-publish","4":"format-standard","6":"category-filmfilm","7":"category-filmer","8":"category-recension","9":"category-film","10":"category-toppnytt","11":"entry"},"_links":{"self":[{"href":"https:\/\/kulturbloggen.com\/index.php?rest_route=\/wp\/v2\/posts\/128648","targetHints":{"allow":["GET"]}}],"collection":[{"href":"https:\/\/kulturbloggen.com\/index.php?rest_route=\/wp\/v2\/posts"}],"about":[{"href":"https:\/\/kulturbloggen.com\/index.php?rest_route=\/wp\/v2\/types\/post"}],"author":[{"embeddable":true,"href":"https:\/\/kulturbloggen.com\/index.php?rest_route=\/wp\/v2\/users\/2"}],"replies":[{"embeddable":true,"href":"https:\/\/kulturbloggen.com\/index.php?rest_route=%2Fwp%2Fv2%2Fcomments&post=128648"}],"version-history":[{"count":16,"href":"https:\/\/kulturbloggen.com\/index.php?rest_route=\/wp\/v2\/posts\/128648\/revisions"}],"predecessor-version":[{"id":128673,"href":"https:\/\/kulturbloggen.com\/index.php?rest_route=\/wp\/v2\/posts\/128648\/revisions\/128673"}],"wp:attachment":[{"href":"https:\/\/kulturbloggen.com\/index.php?rest_route=%2Fwp%2Fv2%2Fmedia&parent=128648"}],"wp:term":[{"taxonomy":"category","embeddable":true,"href":"https:\/\/kulturbloggen.com\/index.php?rest_route=%2Fwp%2Fv2%2Fcategories&post=128648"},{"taxonomy":"post_tag","embeddable":true,"href":"https:\/\/kulturbloggen.com\/index.php?rest_route=%2Fwp%2Fv2%2Ftags&post=128648"}],"curies":[{"name":"wp","href":"https:\/\/api.w.org\/{rel}","templated":true}]}}