{"id":128570,"date":"2019-09-23T14:45:26","date_gmt":"2019-09-23T13:45:26","guid":{"rendered":"https:\/\/kulturbloggen.com\/?p=128570"},"modified":"2019-09-23T14:45:27","modified_gmt":"2019-09-23T13:45:27","slug":"barnlitteratur-allt-som-hander-inuti-mycket-tankvard-for-alla","status":"publish","type":"post","link":"https:\/\/kulturbloggen.com\/?p=128570","title":{"rendered":"Barnlitteratur: Allt som h\u00e4nder inuti &#8211; mycket t\u00e4nkv\u00e4rd f\u00f6r alla"},"content":{"rendered":"<p><img loading=\"lazy\" decoding=\"async\" class=\"aligncenter size-full wp-image-128572\" src=\"https:\/\/kulturbloggen.com\/wp-content\/uploads\/2019\/09\/allt-som-hander-inuti-om-tankar-och-kanslor-fran-a-till-o.jpg\" alt=\"\" width=\"201\" height=\"265\"><\/p>\n<p><a href=\"https:\/\/www.adlibris.com\/se\/bok\/allt-som-hander-inuti-om-tankar-och-kanslor-fran-a-till-o-9789132210600\">Allt som h\u00e4nder inuti<\/a><br \/>\nAv Reyhaneh <a href=\"https:\/\/www.bokus.com\/bok\/9789132210600\/allt-som-hander-inuti-om-tankar-och-kanslor-fran-a-till-o\/\">Ahangaran<\/a><br \/>\nIllustration Annika Lundholm Moberg<br \/>\nF\u00f6rlag: <a href=\"http:\/\/www.wahlstroms.se\/bocker\/188919-allt-som-hander-inuti\">B Wahlstr\u00f6ms Bokf\u00f6rlag (Nordstedts F\u00f6rlagsgrupp AB)<\/a><br \/>\nISBN 9789132210600<\/p>\n<p>Det h\u00e4r \u00e4r en viktig bok eftersom den handlar om tankar och k\u00e4nslor fr\u00e5n A till \u00d6. Det \u00e4r l\u00e4tt f\u00f6r den vuxne att sj\u00e4lv l\u00e4sa p\u00e5 om man \u00e4r os\u00e4ker kring hur man ska prata om visa l\u00e4tt kniviga saker i ett barns uppv\u00e4xt, \u201dinget barn ska beh\u00f6va l\u00f6sa jobbiga saker p\u00e5 egen hand\u201d<\/p>\n<p>Dessutom \u00e4r det l\u00e4tt som vuxen l\u00e4sare att med hj\u00e4lp av alfabetet faktiskt beta av och komma ih\u00e5g viktiga saker som man b\u00e5de som f\u00f6r\u00e4lder, annan vuxen eller pedagog kan beh\u00f6va vara medveten om att dagens unga funderar kring.<\/p>\n<p>Boken har fantastiska bilder och \u00e4r rolig, samtidigt som skickligt motiverande f\u00f6r den som ska f\u00f6rklara en k\u00e4nsla eller situation f\u00f6r ett barn.<br \/>\nMan k\u00e4nner sig som vuxen ocks\u00e5 mycket trygg eftersom f\u00f6rfattaren av boken \u00e4r legitimerad psykolog och det m\u00e4rks tydligt att hon \u00e4r p\u00e5l\u00e4st och inte fr\u00e4mmande f\u00f6r att diskutera komplicerade utg\u00e5ngspunkter genom ett barnperspektiv<\/p>\n<p>Jag skulle l\u00e4tt kunna s\u00e4ga att alla vuxna som har med v\u00e5r nya generation att g\u00f6ra skulle beh\u00f6va den h\u00e4r boken. Den har redan gett mig professionella uppslag och tankar som jag t\u00e4nker anv\u00e4nda i mitt jobb. Den \u00e4r ocks\u00e5 bra f\u00f6r att faktiskt f\u00f6rst\u00e5 saker som jag jag \u00f6nskar att n\u00e5gon vuxen hade f\u00f6rklarat f\u00f6r mig n\u00e4r jag var liten. Men b\u00e4ttre sent \u00e4n aldrig, t\u00e4nker jag.<\/p>\n","protected":false},"excerpt":{"rendered":"<p>Allt som h\u00e4nder inuti Av Reyhaneh Ahangaran Illustration Annika Lundholm Moberg F\u00f6rlag: B Wahlstr\u00f6ms Bokf\u00f6rlag (Nordstedts F\u00f6rlagsgrupp AB) ISBN 9789132210600 Det h\u00e4r \u00e4r en viktig bok eftersom den handlar om tankar och k\u00e4nslor fr\u00e5n A till \u00d6. Det \u00e4r l\u00e4tt f\u00f6r den vuxne att sj\u00e4lv l\u00e4sa p\u00e5 om man \u00e4r os\u00e4ker kring hur man ska [&hellip;]<\/p>\n","protected":false},"author":32,"featured_media":0,"comment_status":"closed","ping_status":"closed","sticky":false,"template":"","format":"standard","meta":{"_genesis_hide_title":false,"_genesis_hide_breadcrumbs":false,"_genesis_hide_singular_image":false,"_genesis_hide_footer_widgets":false,"_genesis_custom_body_class":"","_genesis_custom_post_class":"","_genesis_layout":"","footnotes":""},"categories":[43,3,16],"tags":[541,12285],"class_list":{"0":"post-128570","1":"post","2":"type-post","3":"status-publish","4":"format-standard","6":"category-bokrecension","7":"category-litteratur","8":"category-recension","9":"tag-barnlitteratur","10":"tag-recension","11":"entry"},"_links":{"self":[{"href":"https:\/\/kulturbloggen.com\/index.php?rest_route=\/wp\/v2\/posts\/128570","targetHints":{"allow":["GET"]}}],"collection":[{"href":"https:\/\/kulturbloggen.com\/index.php?rest_route=\/wp\/v2\/posts"}],"about":[{"href":"https:\/\/kulturbloggen.com\/index.php?rest_route=\/wp\/v2\/types\/post"}],"author":[{"embeddable":true,"href":"https:\/\/kulturbloggen.com\/index.php?rest_route=\/wp\/v2\/users\/32"}],"replies":[{"embeddable":true,"href":"https:\/\/kulturbloggen.com\/index.php?rest_route=%2Fwp%2Fv2%2Fcomments&post=128570"}],"version-history":[{"count":3,"href":"https:\/\/kulturbloggen.com\/index.php?rest_route=\/wp\/v2\/posts\/128570\/revisions"}],"predecessor-version":[{"id":128575,"href":"https:\/\/kulturbloggen.com\/index.php?rest_route=\/wp\/v2\/posts\/128570\/revisions\/128575"}],"wp:attachment":[{"href":"https:\/\/kulturbloggen.com\/index.php?rest_route=%2Fwp%2Fv2%2Fmedia&parent=128570"}],"wp:term":[{"taxonomy":"category","embeddable":true,"href":"https:\/\/kulturbloggen.com\/index.php?rest_route=%2Fwp%2Fv2%2Fcategories&post=128570"},{"taxonomy":"post_tag","embeddable":true,"href":"https:\/\/kulturbloggen.com\/index.php?rest_route=%2Fwp%2Fv2%2Ftags&post=128570"}],"curies":[{"name":"wp","href":"https:\/\/api.w.org\/{rel}","templated":true}]}}