{"id":128562,"date":"2019-09-22T17:58:44","date_gmt":"2019-09-22T16:58:44","guid":{"rendered":"https:\/\/kulturbloggen.com\/?p=128562"},"modified":"2019-09-22T17:58:45","modified_gmt":"2019-09-22T16:58:45","slug":"recension-clara-schumann-200-ar-en-fantastisk-upplevelse-med-vacker-passionerad-och-spannande-musik","status":"publish","type":"post","link":"https:\/\/kulturbloggen.com\/?p=128562","title":{"rendered":"Recension: Clara Schumann 200 \u00e5r &#8211; en fantastisk upplevelse med vacker, passionerad och sp\u00e4nnande musik"},"content":{"rendered":"<p><img loading=\"lazy\" decoding=\"async\" class=\"aligncenter size-full wp-image-128565\" src=\"https:\/\/kulturbloggen.com\/wp-content\/uploads\/2019\/09\/Konstmusiksystrar-och-Cathrine-Winnes-Foto-Hampus-Andersson.jpg\" alt=\"\" width=\"650\" height=\"433\" srcset=\"https:\/\/kulturbloggen.com\/wp-content\/uploads\/2019\/09\/Konstmusiksystrar-och-Cathrine-Winnes-Foto-Hampus-Andersson.jpg 650w, https:\/\/kulturbloggen.com\/wp-content\/uploads\/2019\/09\/Konstmusiksystrar-och-Cathrine-Winnes-Foto-Hampus-Andersson-300x200.jpg 300w\" sizes=\"auto, (max-width: 650px) 100vw, 650px\" \/><\/p>\n<p>Bl\u00e5sarsymfonikerna:<br \/>\nClara Schumann 200 \u00e5r p\u00e5 Musikaliska Akademien, Stockholm<br \/>\n21 september 2019<br \/>\nMedverkande<br \/>\nTer\u00e9s L\u00f6f, piano<br \/>\nBl\u00e5sarsymfonikerna<br \/>\nDirigent: Cahtrine Winnes<br \/>\nIscens\u00e4ttning: Konstmusiksystrar<br \/>\nKostymdesign och scenografi: Sera Cederberg<br \/>\nKonferencierer: Kajsa Magnarsson och Anna Jakobsson<\/p>\n<p>Programmet:<br \/>\nClara Schumann<br \/>\nO Lust, o Lust, vom Berg ein Lied ur Sechs Lieder aus Jucunde op.23 nr.6 (1853)<br \/>\nBallade nr.4 i D-moll och Toccatina nr.1 i A-moll ur Soir\u00e9es Musicales op.6<br \/>\nPianokonsert i A-moll op.7 (1833\u201336)<br \/>\nRobert Schumann<br \/>\nTr\u00e4umerei ur Kinderszenen op.15 nr.7 (1838)<br \/>\nOlav Berg<br \/>\nIn Brief (2006)<br \/>\nCatharina Backman, Ylva Fred, Madeleine Jonsson Gille, Kajsa Magnarson, Alexandra Nilsson, Kajsa Magnarson<br \/>\n\u00c4r jag den enda?<br \/>\nJohannes Brahms<br \/>\nAkademisk Festouvertyr i C-moll op.80 (1880)<\/p>\n<p>H\u00e4rligt 200-\u00e5rskalas med Musikaliska Akademien och Clara Schumann<br \/>\nN\u00e4r musikaliska Akademien fyller 200 \u00e5r passar man p\u00e5 att fira det med att uppm\u00e4rksamma \u00e5rsbarnet tillika akademiledamoten Clara Schumanns konstn\u00e4rskap. Firandet g\u00f6rs ocks\u00e5 i samarbete med n\u00e4tverket Konstmusiksystrar, som jobbar f\u00f6r en j\u00e4mst\u00e4lld scen i musiklivet. Fem kvinnor i n\u00e4tverket har f\u00e5tt ett best\u00e4llningsverk fr\u00e5n Kulturr\u00e5det att tillsammans komponera ett stycke med inspiration av Clara Schumanns pianokonsert, vilket uruppf\u00f6rdes p\u00e5 konserten.<\/p>\n<p><img loading=\"lazy\" decoding=\"async\" class=\"alignright size-medium wp-image-128566\" src=\"https:\/\/kulturbloggen.com\/wp-content\/uploads\/2019\/09\/Tere\u0301s-Lo\u0308f-2-Foto-Hampus-Andersson-224x300.jpg\" alt=\"\" width=\"224\" height=\"300\" srcset=\"https:\/\/kulturbloggen.com\/wp-content\/uploads\/2019\/09\/Tere\u0301s-Lo\u0308f-2-Foto-Hampus-Andersson-224x300.jpg 224w, https:\/\/kulturbloggen.com\/wp-content\/uploads\/2019\/09\/Tere\u0301s-Lo\u0308f-2-Foto-Hampus-Andersson.jpg 485w\" sizes=\"auto, (max-width: 224px) 100vw, 224px\" \/>Konserten f\u00f6regicks av ett samtal med tons\u00e4ttarna p\u00e5 temat om geniet, det som av h\u00e4vd \u00e4r manligt kodat. Utg\u00e5ngspunkten var det forna underbarnet Clara Schumanns dagboksanteckningar d\u00e4r hon m\u00e5nga \u00e5r senare som maka och mor skriver:<br \/>\n<em>\u201dJag trodde en g\u00e5ng att jag var besatt av kreativ talang men jag har gett upp tanken. En kvinna ska inte komponera \u2013 det har aldrig funnits n\u00e5gon som kunnat det. Skulle jag vara den enda?<\/em><\/p>\n<p>Genom sin komposition vill Konstmusiksystrarna bevisa att Clara hade fel, att de finns och har funnits m\u00e5nga kvinnor som komponerar \u2013 och kanske ocks\u00e5 krossa myten om det ensamma (manliga) geniet som f\u00f6ruts\u00e4ttning f\u00f6r kreativt skapande.<br \/>\nP\u00e5 repertoaren st\u00e5r f\u00f6rutom Clara Schumanns pianokonsert och n\u00e4tverkets stycke \u201d\u00c4r jag den enda?\u201d bland annat maken Roberts \u201dTr\u00e4umerei\u201d ur Kinderszenen och parets gode v\u00e4n Johannes Brahms akademiska festouvertyr. Bl\u00e5sarsymfonikerna framf\u00f6r verken under ledning av norska dirigenten Cathrine Winnes. Pianosolist var konsertpianisten Ter\u00e9s L\u00f6f. Solocellist i pianokonsertens andra sats var Christina Wirdegren.<\/p>\n<p>Konserten gick allts\u00e5 i kvinnligt tecken, n\u00e5got man egentligen skulle vilja slippa notera som speciellt anm\u00e4rkningsv\u00e4rt. Och om det nu h\u00e4ndelsevis fanns n\u00e5gon i publiken som i smyg var tveksam till det hele s\u00e5 m\u00e5ste hen ha blivit omv\u00e4nd under konsertens g\u00e5ng. Den fantastiska Cathrine Winnes hade bl\u00e5sarsymfonikerna i ett perfekt grepp, fast, tydligt men \u00e4nd\u00e5 lekande lustfyllt. Ter\u00e9s L\u00f6f spelade Clara Schumanns pianokonsert med en h\u00e4rlig passion; fritt, ledigt men med precision och styrka. Befriande ocks\u00e5 att hon upptr\u00e4dde s\u00e5 chosefritt, i en bekv\u00e4m och redig l\u00e5ngkl\u00e4nning och utan obekv\u00e4ma klackskor som jag antar gjorde att hon kunde koncentrera sig helhj\u00e4rtat p\u00e5 spelandet.<\/p>\n<p>Efter pausen var det dags f\u00f6r uruppf\u00f6randet. Och hur var nu det? Jo, intressant, absolut! Rent musikaliskt vet jag inte hur det talade med Clara Schumanns kompositioner, men stycket inneh\u00f6ll allt fr\u00e5n eteriskt xylofonspel, taktfasta, suggestiva st\u00f6tar som fr\u00e5n en mekanisk maskinpark eller kulspruteknatter, massiva ljudkaskader och sublima solistpassager d\u00e4r kontrabasen som enda str\u00e5kinstrument utgjorde det dova tongolvet. Och mycket mer. Som ljudupplevelse \u00e4r stycket utan tvivel ett mycket h\u00f6gkvalitativt s\u00e5dant i den nutida paletten \u2013 vilket visar att samarbete fungerar. Samtidigt blir det f\u00f6r mig helt \u00e4rligt inget annat \u00e4n en sp\u00e4nnande ljudmatta eftersom kompositionen underkastar sig de modernistiska lagarna som fortfarande g\u00e4ller i skr\u00e5et och som f\u00f6rkastar allt som \u00e4r f\u00f6r melodiskt och intagande. Kanske skulle det vara befriande f\u00f6r kvinnliga komposit\u00f6rer att g\u00f6ra upp med den h\u00e4r kv\u00e4vande modernismen som ju faktiskt f\u00f6raktade \u201dkvinnliga v\u00e4rden\u201d och g\u00f6ra n\u00e5got eget p\u00e5 riktigt, kanske till och med genom att \u2013 hemska tanke \u2013 ta sig ur \u00e5terv\u00e4ndsgr\u00e4nden och ta fasta p\u00e5 ett par punkter i backspegeln?<\/p>\n<p>Om man vill blicka tillbaka p\u00e5 Clara Schumanns tons\u00e4ttarskap, \u00e4r det ocks\u00e5 viktigt att veta att hon skrev sin pianokonsert som hon har blivit mest ber\u00f6md f\u00f6r, n\u00e4r hon endast var mellan 13 och 17 \u00e5r. S\u00e5 oavsett kvaliteten p\u00e5 detta verk h\u00f6r man att hon mognat mycket som tons\u00e4ttare i stycken hon skrev senare, exempelvis i hennes pianotrios. S\u00e5 om ett syfte med konserten var att visa upp hennes konstn\u00e4rskap hade det varit roligt att f\u00e5 h\u00f6ra mer ocks\u00e5 av hennes senare verk.<\/p>\n<p>Men nog med petitesser. 200-\u00e5rsfesten var en fantastisk upplevelse med vacker, passionerad och sp\u00e4nnande musik framf\u00f6rd av av en bl\u00e5sarsymfoniker i toppform, fina solister och en cool, snygg, karismatisk och professionell dirigent. (Jag vet att ingen man skulle bli bed\u00f6md p\u00e5 det s\u00e4ttet men det \u00e4r vad alla sitter och t\u00e4nker s\u00e5 varf\u00f6r inte skriva det.) Bra gjort! Synd att ni missade detta, alla ni ungdomar under 80, f\u00f6r det var v\u00e4l d\u00e4r ungef\u00e4r som medel\u00e5ldern p\u00e5 publiken l\u00e5g.<\/p>\n","protected":false},"excerpt":{"rendered":"<p>Bl\u00e5sarsymfonikerna: Clara Schumann 200 \u00e5r p\u00e5 Musikaliska Akademien, Stockholm 21 september 2019 Medverkande Ter\u00e9s L\u00f6f, piano Bl\u00e5sarsymfonikerna Dirigent: Cahtrine Winnes Iscens\u00e4ttning: Konstmusiksystrar Kostymdesign och scenografi: Sera Cederberg Konferencierer: Kajsa Magnarsson och Anna Jakobsson Programmet: Clara Schumann O Lust, o Lust, vom Berg ein Lied ur Sechs Lieder aus Jucunde op.23 nr.6 (1853) Ballade nr.4 i [&hellip;]<\/p>\n","protected":false},"author":72,"featured_media":0,"comment_status":"closed","ping_status":"closed","sticky":false,"template":"","format":"standard","meta":{"_genesis_hide_title":false,"_genesis_hide_breadcrumbs":false,"_genesis_hide_singular_image":false,"_genesis_hide_footer_widgets":false,"_genesis_custom_body_class":"","_genesis_custom_post_class":"","_genesis_layout":"","footnotes":""},"categories":[7,13624],"tags":[],"class_list":{"0":"post-128562","1":"post","2":"type-post","3":"status-publish","4":"format-standard","6":"category-musik","7":"category-toppnytt","8":"entry"},"_links":{"self":[{"href":"https:\/\/kulturbloggen.com\/index.php?rest_route=\/wp\/v2\/posts\/128562","targetHints":{"allow":["GET"]}}],"collection":[{"href":"https:\/\/kulturbloggen.com\/index.php?rest_route=\/wp\/v2\/posts"}],"about":[{"href":"https:\/\/kulturbloggen.com\/index.php?rest_route=\/wp\/v2\/types\/post"}],"author":[{"embeddable":true,"href":"https:\/\/kulturbloggen.com\/index.php?rest_route=\/wp\/v2\/users\/72"}],"replies":[{"embeddable":true,"href":"https:\/\/kulturbloggen.com\/index.php?rest_route=%2Fwp%2Fv2%2Fcomments&post=128562"}],"version-history":[{"count":3,"href":"https:\/\/kulturbloggen.com\/index.php?rest_route=\/wp\/v2\/posts\/128562\/revisions"}],"predecessor-version":[{"id":128568,"href":"https:\/\/kulturbloggen.com\/index.php?rest_route=\/wp\/v2\/posts\/128562\/revisions\/128568"}],"wp:attachment":[{"href":"https:\/\/kulturbloggen.com\/index.php?rest_route=%2Fwp%2Fv2%2Fmedia&parent=128562"}],"wp:term":[{"taxonomy":"category","embeddable":true,"href":"https:\/\/kulturbloggen.com\/index.php?rest_route=%2Fwp%2Fv2%2Fcategories&post=128562"},{"taxonomy":"post_tag","embeddable":true,"href":"https:\/\/kulturbloggen.com\/index.php?rest_route=%2Fwp%2Fv2%2Ftags&post=128562"}],"curies":[{"name":"wp","href":"https:\/\/api.w.org\/{rel}","templated":true}]}}