{"id":128475,"date":"2019-09-20T14:44:29","date_gmt":"2019-09-20T13:44:29","guid":{"rendered":"https:\/\/kulturbloggen.com\/?p=128475"},"modified":"2019-09-20T14:45:27","modified_gmt":"2019-09-20T13:45:27","slug":"lyssna-leonard-cohen-the-goald","status":"publish","type":"post","link":"https:\/\/kulturbloggen.com\/?p=128475","title":{"rendered":"Lyssna: Leonard Cohen &#8211; The Goal"},"content":{"rendered":"<p><img loading=\"lazy\" decoding=\"async\" class=\"aligncenter size-full wp-image-128478\" src=\"https:\/\/kulturbloggen.com\/wp-content\/uploads\/2019\/09\/unnamed-2-1.jpg\" alt=\"\" width=\"481\" height=\"337\" srcset=\"https:\/\/kulturbloggen.com\/wp-content\/uploads\/2019\/09\/unnamed-2-1.jpg 481w, https:\/\/kulturbloggen.com\/wp-content\/uploads\/2019\/09\/unnamed-2-1-300x210.jpg 300w\" sizes=\"auto, (max-width: 481px) 100vw, 481px\" \/><\/p>\n<p>Leonard Cohens r\u00f6st lever vidare. Den 22 november sl\u00e4pps albumet \u201cThanks For The Dance\u201d som \u00e4r en forts\u00e4ttning av Leonard Cohens sista verk.<\/p>\n<p>Ett pressmeddelande ber\u00e4ttar:<br \/>\nSju m\u00e5nader efter sin fars bortg\u00e5ng s\u00f6kte Cohens son, Adam Cohen, sig till det ombyggda garaget l\u00e4ngre ner p\u00e5 deras gata f\u00f6r att lyssna igenom p\u00e5b\u00f6rjade l\u00e5tar och vara n\u00e4ra sin fars r\u00f6st. Efter Leonard Cohen och Adam Cohens tidigare samarbete \u201cYou Want It Darker\u201d fanns det fortfarande l\u00e5tar som p\u00e5b\u00f6rjats men som inte kom med p\u00e5 albumet och som Leonard Cohen bett sin son f\u00e4rdigst\u00e4lla.<\/p>\n<p>Den 20 september 2019 sl\u00e4pptes \u201cThe Goal\u201d som \u00e4r f\u00f6rsta smakprovet fr\u00e5n kommande \u201cThanks For The Dance\u201d.<br \/>\nAlbumet som \u00e4r inspelat p\u00e5 flera platser i v\u00e4rlden kom till liv med hj\u00e4lp av en rad fantastiska musiker och artister. Javier Mas, som de senaste \u00e5tta \u00e5ren turnerat med Leonard Cohen fl\u00f6g fr\u00e5n Barcelona till Los Angeles f\u00f6r att bidra och spelade p\u00e5 Leonards egna gitarr vid inspelningarna. I Berlin, p\u00e5 ett musikevent som kallas People Festival bj\u00f6d Adam Cohen in v\u00e4nner till familjen. Damien Rice och Leslie Feist sj\u00f6ng. Richard Reed Parry fr\u00e5n Arcade Fire spelade bas. Bryce Dessner fr\u00e5n The National spelade gitarr och komposit\u00f6ren Dustin O\u2019Halloran spelade piano. Den Berlin-baserade k\u00f6ren Cantur Domus sj\u00f6ng och s t a r g a z e orchestra spelade.<\/p>\n<p>I Montreal bidrog den erk\u00e4nda producenten Daniel Lanois med vackra arrangemang. The Shaar Hashomayim choir som var en stor del av det senaste albumet tillf\u00f6rde s\u00e5ng och den talangfulle Patrick Watson har co-producent en l\u00e5t. Jennifer Warnes karakt\u00e4ristiska r\u00f6st som genom \u00e5ren varit en viktig del av Leonard Cohens inspelningar och turn\u00e9er tillf\u00f6rde bakgrundss\u00e5ng som spelades in i Los Angeles. \u00c4ven Beck har bidragit till albumet d\u00e4r man h\u00f6r honom spela gitarr och giga. Michael Chaves som s\u00e5 elegant spelade in och mixade \u201cYou Want It Darker\u201d har \u00e4ven mixat nya \u201cThanks For The Dance\u201d. Med hj\u00e4lp av alla dessa fantastiska musiker lever Leonard Cohens r\u00f6st och sound vidare genom nya albumet \u201cThanks For The Dance\u201d.<\/p>\n<p>\u201cIn composing and arranging the music for his words, we chose his most characteristic musical signatures, in this way keeping him with us,\u201d s\u00e4ger Adam Cohen. \u201cWhat moves me most about the album is the startled response of those who have heard it. \u2018Leonard lives\u2019! they say, one after the other.\u201d<\/p>\n<p>\u201cThanks For The Dance\u201d &#8211; L\u00e5tlista<br \/>\n1. Happens to the Heart<br \/>\n2. Moving On<br \/>\n3. The Night of Santiago<br \/>\n4. Thanks for the Dance<br \/>\n5. It&#8217;s Torn<br \/>\n6. The Goal<br \/>\n7. Puppets<br \/>\n8. The Hills<br \/>\n9. Listen to the Hummingbird<\/p>\n<p><iframe loading=\"lazy\" src=\"https:\/\/open.spotify.com\/embed\/album\/78mgPlVbIzu79foxkPABc9\" width=\"300\" height=\"380\" frameborder=\"0\"><\/iframe><\/p>\n","protected":false},"excerpt":{"rendered":"<p>Leonard Cohens r\u00f6st lever vidare. Den 22 november sl\u00e4pps albumet \u201cThanks For The Dance\u201d som \u00e4r en forts\u00e4ttning av Leonard Cohens sista verk. Ett pressmeddelande ber\u00e4ttar: Sju m\u00e5nader efter sin fars bortg\u00e5ng s\u00f6kte Cohens son, Adam Cohen, sig till det ombyggda garaget l\u00e4ngre ner p\u00e5 deras gata f\u00f6r att lyssna igenom p\u00e5b\u00f6rjade l\u00e5tar och vara [&hellip;]<\/p>\n","protected":false},"author":13,"featured_media":0,"comment_status":"closed","ping_status":"closed","sticky":false,"template":"","format":"standard","meta":{"_genesis_hide_title":false,"_genesis_hide_breadcrumbs":false,"_genesis_hide_singular_image":false,"_genesis_hide_footer_widgets":false,"_genesis_custom_body_class":"","_genesis_custom_post_class":"","_genesis_layout":"","footnotes":""},"categories":[7,13624],"tags":[13970,3387],"class_list":{"0":"post-128475","1":"post","2":"type-post","3":"status-publish","4":"format-standard","6":"category-musik","7":"category-toppnytt","8":"tag-leonrad-cohen","9":"tag-lyssna","10":"entry"},"_links":{"self":[{"href":"https:\/\/kulturbloggen.com\/index.php?rest_route=\/wp\/v2\/posts\/128475","targetHints":{"allow":["GET"]}}],"collection":[{"href":"https:\/\/kulturbloggen.com\/index.php?rest_route=\/wp\/v2\/posts"}],"about":[{"href":"https:\/\/kulturbloggen.com\/index.php?rest_route=\/wp\/v2\/types\/post"}],"author":[{"embeddable":true,"href":"https:\/\/kulturbloggen.com\/index.php?rest_route=\/wp\/v2\/users\/13"}],"replies":[{"embeddable":true,"href":"https:\/\/kulturbloggen.com\/index.php?rest_route=%2Fwp%2Fv2%2Fcomments&post=128475"}],"version-history":[{"count":4,"href":"https:\/\/kulturbloggen.com\/index.php?rest_route=\/wp\/v2\/posts\/128475\/revisions"}],"predecessor-version":[{"id":128480,"href":"https:\/\/kulturbloggen.com\/index.php?rest_route=\/wp\/v2\/posts\/128475\/revisions\/128480"}],"wp:attachment":[{"href":"https:\/\/kulturbloggen.com\/index.php?rest_route=%2Fwp%2Fv2%2Fmedia&parent=128475"}],"wp:term":[{"taxonomy":"category","embeddable":true,"href":"https:\/\/kulturbloggen.com\/index.php?rest_route=%2Fwp%2Fv2%2Fcategories&post=128475"},{"taxonomy":"post_tag","embeddable":true,"href":"https:\/\/kulturbloggen.com\/index.php?rest_route=%2Fwp%2Fv2%2Ftags&post=128475"}],"curies":[{"name":"wp","href":"https:\/\/api.w.org\/{rel}","templated":true}]}}