{"id":128050,"date":"2019-09-13T11:34:03","date_gmt":"2019-09-13T10:34:03","guid":{"rendered":"https:\/\/kulturbloggen.com\/?p=128050"},"modified":"2019-09-13T12:47:21","modified_gmt":"2019-09-13T11:47:21","slug":"omvaxlande-nydanande-tonsattningar-i-kvall-har-himlen-ingen-skrud-av-imago","status":"publish","type":"post","link":"https:\/\/kulturbloggen.com\/?p=128050","title":{"rendered":"Omv\u00e4xlande nydanande tons\u00e4ttningar &#8211; I kv\u00e4ll har himlen ingen skrud av IMAGO"},"content":{"rendered":"\n<figure class=\"wp-block-image\"><img loading=\"lazy\" decoding=\"async\" width=\"650\" height=\"650\" src=\"https:\/\/kulturbloggen.com\/wp-content\/uploads\/2019\/09\/69527513_458532561403566_6383649306959675392_n.jpg\" alt=\"\" class=\"wp-image-128051\" srcset=\"https:\/\/kulturbloggen.com\/wp-content\/uploads\/2019\/09\/69527513_458532561403566_6383649306959675392_n.jpg 650w, https:\/\/kulturbloggen.com\/wp-content\/uploads\/2019\/09\/69527513_458532561403566_6383649306959675392_n-150x150.jpg 150w, https:\/\/kulturbloggen.com\/wp-content\/uploads\/2019\/09\/69527513_458532561403566_6383649306959675392_n-300x300.jpg 300w\" sizes=\"auto, (max-width: 650px) 100vw, 650px\" \/><figcaption>Omslag Fanny Petersen<\/figcaption><\/figure>\n\n\n\n<p>IMAGO<\/p>\n\n\n\n<p>I kv\u00e4ll har himlen ingen skrud<\/p>\n\n\n\n<p>4<\/p>\n\n\n\n<p>Inspelad 2018 p\u00e5 Dalbacka Studios i Pite\u00e5 av Evelina Kyrk<\/p>\n\n\n\n<p>Mix och mastering: Frida Claeson Johansson  p\u00e5 Svenska Grammofonstudion<\/p>\n\n\n\n<p>BD Pop \/ DigiNorth<\/p>\n\n\n\n<p>Releasedatum: 13\/9 2019<\/p>\n\n\n\n<p>34:06 <\/p>\n\n\n\n<p>Karin Boyes tidl\u00f6sa f\u00f6rfattarskap har f\u00e5tt en ren\u00e4ssans senaste decenniet, vilket inkluderar intresset f\u00f6r hennes persona. Hon \u00e4r en av nyckelpersonerna i praktverket om ikoniska tidskriften\/ f\u00f6rlaget Spektrum (boken finns i min \u00e4go). Har med stor beh\u00e5llning l\u00e4st en s.k litter\u00e4r fantasi av Jessica Kolterjahn  om en livsavg\u00f6rande vistelse i Berlin. Pj\u00e4s med premi\u00e4r senare i m\u00e5naden p\u00e5 Folkteatern i G\u00f6teborg tar sin utg\u00e5ngspunkt i samma stoff. Johanna Nilsson har skrivit en uppf\u00f6ljare till <em>Kallocain. <\/em>I samband med att Lindel\u00f6ws gav ut roman <em>Kris, <\/em>kom p\u00e5 samma f\u00f6rlag en ess\u00e4 i bokform av psykoterapeuten Peter Jansson, vars intressanta genomg\u00e5ng jag h\u00f6rde p\u00e5 i G\u00f6teborgs Stadsbibliotek. Vidare publicerades den definitiva biografin h\u00e4rom\u00e5ret om f\u00f6rfattaren som st\u00e5r staty utanf\u00f6r n\u00e4mnda bibliotek, skriven av litteraturprofessor Johan Svedjedahl.<\/p>\n\n\n\n<p>Pratar vi aktuella tons\u00e4ttningar finns f\u00f6rst och fr\u00e4mst Fredrik Jonssons.  <em>Stj\u00e4rnornas tr\u00f6st <\/em>blev titeln p\u00e5 s\u00e5v\u00e4l f\u00f6rtr\u00e4fflig skiva som  succ\u00e9upps\u00e4ttning p\u00e5 G\u00f6teborgs Stadsteater (premi\u00e4r nov. 2016) med Daniel Lemma vid s\u00e5ngmikrofonen. och i v\u00e5ras sl\u00e4ppte Aida Jabbari ett album d\u00e4r hon med patos sjunger dikter av Karin Boye och Forough Farrokzhad. Och nu \u00e4r det dags f\u00f6r en albumdebuterande trio att l\u00e4mna sitt bidrag. Har n\u00e5gra av Boyes dikter valts ut till samtliga tre produktioner? Ja,  <em>I m\u00f6rkret <\/em>j\u00e4mte <em>Jag vill m\u00f6ta&#8230;<\/em><\/p>\n\n\n\n<p>IMAGO best\u00e5r av Siri Wallent\u00e9n, William Bengt Nordlund samt Julia Sandberg. De sammanstr\u00e5lade p\u00e5 Pite\u00e5 Musikh\u00f6gskola och har spelat en del live med sitt material, som mixar &#8221;svensk folkvisa, karg americana och vemodig pop.&#8221;  I mina \u00f6ron \u00f6verv\u00e4ger det snyggt poppiga, \u00e4ven om beskrivningen har t\u00e4ckning. H\u00e5ller med om pressutskickets formuleringar  att plattan varvar l\u00e4ttsamma och jordn\u00e4ra kompositioner med  st\u00e4mningsfulla och v\u00e4rdiga dito. <\/p>\n\n\n\n<p>Instrumenteringen skiftar markant p\u00e5 cd:ns elva sp\u00e5r. Grundkonceptet \u00e4r Nordlunds gitarr (kompletterad med lapsteel och banjo), pianospel fr\u00e5n Wallent\u00e9n medan Sandberg trakterar tv\u00e4rfl\u00f6jt. P\u00e5 <em>Jag vill m\u00f6ta&#8230; <\/em>spelar Viktor Anundi B\u00f6rlin violin och Philip Crawford cello. Basisten Emil Johansson f\u00f6rekommer p\u00e5 fyra l\u00e5tar. Slagverk adderas av Ludwig Aronsson p\u00e5 flera sp\u00e5r och i <em>Evighet <\/em>av M\u00e5rten Hillbom. Str\u00e5karna som s\u00e5 subtilt inramar <em>Jag vill m\u00f6ta&#8230; <\/em>har arrats av Alva Stern. <\/p>\n\n\n\n<figure class=\"wp-block-image\"><img loading=\"lazy\" decoding=\"async\" width=\"650\" height=\"650\" src=\"https:\/\/kulturbloggen.com\/wp-content\/uploads\/2019\/09\/65855487_426837287906427_4260426524760473600_o.jpg\" alt=\"\" class=\"wp-image-128115\" srcset=\"https:\/\/kulturbloggen.com\/wp-content\/uploads\/2019\/09\/65855487_426837287906427_4260426524760473600_o.jpg 650w, https:\/\/kulturbloggen.com\/wp-content\/uploads\/2019\/09\/65855487_426837287906427_4260426524760473600_o-150x150.jpg 150w, https:\/\/kulturbloggen.com\/wp-content\/uploads\/2019\/09\/65855487_426837287906427_4260426524760473600_o-300x300.jpg 300w\" sizes=\"auto, (max-width: 650px) 100vw, 650px\" \/><figcaption>fr\u00e5n trions facebooksida &#8211; foto Blanka Mebius<\/figcaption><\/figure>\n\n\n\n<p> Vad som b\u00f6rjar med vad jag uppfattar som tio sekunders tystnad, \u00e4r i sj\u00e4lva verket kyrkklockor i fj\u00e4rran. M\u00e4rker omg\u00e5ende att det i och med stark st\u00e4ms\u00e5ng och akustiska klanger, l\u00e4mpar sig att dra en parallell till  First Aid Kit. IMAGO har, m\u00f6jligen influerade av  biografikern Svedjedahl, sett bortom g\u00e4ngse bilden av den \u00e5ngestridna poeten.  Sturskt temperament indikeras med eterisk tv\u00e4rfl\u00f6jt p\u00e5 singelsl\u00e4ppet <em>Sk\u00f6ldm\u00f6n. <\/em>Skivan \u00e4r av det ombytliga, of\u00f6rv\u00e4gna slaget. N\u00e4stan varje sp\u00e5r varierar i uttryck, enda gemensamma n\u00e4mnaren handlar om att  framh\u00e4va, de mer eller mindre, v\u00e4lk\u00e4nda orden i dikterna. Det tar ett tag att v\u00e4nja sig vid banjo i f\u00f6rgrunden (<em>Blomman bitterhet) <\/em>eller rytmiska ornamentiken i <em>Evighet. <\/em> Po\u00e4ngen \u00e4r trions nyskapande visioner vinner i l\u00e4ngden, \u00e4ven om m\u00e5ste p\u00e5minna sig ibland att en lyssnar p\u00e5 tons\u00e4ttningar av Boye-dikter. Vispuritaner avskyr nog somliga stilistiska grepp. Vi andra appl\u00e5derar trions of\u00f6ruts\u00e4gbara tilltag. T\u00e4nker att vissa l\u00e5tar \u00e4r som gjutna f\u00f6r Musikradion, medan de mer traditionellt h\u00e5llna alstren h\u00f6r hemma i P4.<\/p>\n\n\n\n<p>\u00c5 ena sidan tramporgel, fartfyllt kn\u00e4ppande p\u00e5 gitarr, suggestivt spel p\u00e5 elektriska instrument, n\u00e4rmast svulstigt komp och s\u00e5nginsatser som tar i f\u00f6r att v\u00e4xla upp i k\u00f6ttiga refr\u00e4nger. \u00c5 andra sidan avskalat sound i snabbare eller stillsamt tempo, utg\u00e5ngsl\u00e4gets instrumentering  &#8211; det vill s\u00e4ga gitarr, piano och accentuerade fl\u00f6jttoner &#8211; samt slingrande st\u00e4mningsm\u00e4ttad s\u00e5ng som b\u00e4r fram textens inneh\u00e5ll. Sannerligen hisnande kontraster! Storvulna arrangemanget p\u00e5 <em>Efter d\u00f6den <\/em>\u00e4r i lika h\u00f6g grad annorlunda som genialt.  \u00c5tf\u00f6ljs av titelsp\u00e5ret, vars m\u00e4ktiga avslutning (d\u00e4r jag associerar till n\u00e4mnda Aida Jabbari) s\u00e4tter punkt f\u00f6r ett  debutalbum som \u00e4r allt annat \u00e4n f\u00f6rsynt.<\/p>\n\n\n\n<p>Kvinnor\u00f6sternas frasering \u00e4r beundransv\u00e4rd, liksom den vokala energin. Siri och Julia beh\u00e4rskar perfekt konsten att betona, i verser som ju inte pr\u00e4ntats ned f\u00f6r att  sjungas. Man har tagit fasta p\u00e5 det okuvliga och angel\u00e4gna i orden fr\u00e5n Boye. <em>i kv\u00e4ll har himlen ingen skrud <\/em>\u00e4r vackert formgiven och texth\u00e4ftet i konvolutet har illustrerats av Petter Wallent\u00e9n och Fanny Petersen. <\/p>\n\n\n\n<p><\/p>\n\n\n\n<p><\/p>\n\n\n\n<p><\/p>\n\n\n\n<p><\/p>\n\n\n\n<p><\/p>\n","protected":false},"excerpt":{"rendered":"<p>IMAGO I kv\u00e4ll har himlen ingen skrud 4 Inspelad 2018 p\u00e5 Dalbacka Studios i Pite\u00e5 av Evelina Kyrk Mix och mastering: Frida Claeson Johansson p\u00e5 Svenska Grammofonstudion BD Pop \/ DigiNorth Releasedatum: 13\/9 2019 34:06 Karin Boyes tidl\u00f6sa f\u00f6rfattarskap har f\u00e5tt en ren\u00e4ssans senaste decenniet, vilket inkluderar intresset f\u00f6r hennes persona. Hon \u00e4r en av [&hellip;]<\/p>\n","protected":false},"author":34,"featured_media":0,"comment_status":"closed","ping_status":"closed","sticky":false,"template":"","format":"standard","meta":{"_genesis_hide_title":false,"_genesis_hide_breadcrumbs":false,"_genesis_hide_singular_image":false,"_genesis_hide_footer_widgets":false,"_genesis_custom_body_class":"","_genesis_custom_post_class":"","_genesis_layout":"","footnotes":""},"categories":[22],"tags":[],"class_list":{"0":"post-128050","1":"post","2":"type-post","3":"status-publish","4":"format-standard","6":"category-skivor","7":"entry"},"_links":{"self":[{"href":"https:\/\/kulturbloggen.com\/index.php?rest_route=\/wp\/v2\/posts\/128050","targetHints":{"allow":["GET"]}}],"collection":[{"href":"https:\/\/kulturbloggen.com\/index.php?rest_route=\/wp\/v2\/posts"}],"about":[{"href":"https:\/\/kulturbloggen.com\/index.php?rest_route=\/wp\/v2\/types\/post"}],"author":[{"embeddable":true,"href":"https:\/\/kulturbloggen.com\/index.php?rest_route=\/wp\/v2\/users\/34"}],"replies":[{"embeddable":true,"href":"https:\/\/kulturbloggen.com\/index.php?rest_route=%2Fwp%2Fv2%2Fcomments&post=128050"}],"version-history":[{"count":18,"href":"https:\/\/kulturbloggen.com\/index.php?rest_route=\/wp\/v2\/posts\/128050\/revisions"}],"predecessor-version":[{"id":128160,"href":"https:\/\/kulturbloggen.com\/index.php?rest_route=\/wp\/v2\/posts\/128050\/revisions\/128160"}],"wp:attachment":[{"href":"https:\/\/kulturbloggen.com\/index.php?rest_route=%2Fwp%2Fv2%2Fmedia&parent=128050"}],"wp:term":[{"taxonomy":"category","embeddable":true,"href":"https:\/\/kulturbloggen.com\/index.php?rest_route=%2Fwp%2Fv2%2Fcategories&post=128050"},{"taxonomy":"post_tag","embeddable":true,"href":"https:\/\/kulturbloggen.com\/index.php?rest_route=%2Fwp%2Fv2%2Ftags&post=128050"}],"curies":[{"name":"wp","href":"https:\/\/api.w.org\/{rel}","templated":true}]}}