{"id":12770,"date":"2009-09-14T10:13:17","date_gmt":"2009-09-14T08:13:17","guid":{"rendered":"http:\/\/kulturbloggen.com\/?p=12770"},"modified":"2009-09-14T10:13:17","modified_gmt":"2009-09-14T08:13:17","slug":"anna-jarvinen-drar-snart-pa-turne","status":"publish","type":"post","link":"https:\/\/kulturbloggen.com\/?p=12770","title":{"rendered":"Anna J\u00e4rvinen drar snart p\u00e5 turn\u00e9"},"content":{"rendered":"<p><a href=\"http:\/\/sodergren.com\/kulturbloggen\/wp-content\/uploads\/2009\/09\/anna-jarvinen-w_0.jpg\"><img loading=\"lazy\" decoding=\"async\" src=\"http:\/\/sodergren.com\/kulturbloggen\/wp-content\/uploads\/2009\/09\/anna-jarvinen-w_0-300x166.jpg\" alt=\"anna-jarvinen-w_0\" title=\"anna-jarvinen-w_0\" width=\"300\" height=\"166\" class=\"aligncenter size-medium wp-image-12771\" \/><\/a><br \/>\n28 september &#8211; Stockholm, S\u00f6dra Teatern (f\u00f6rband Christopher Sander)<br \/>\n3 oktober &#8211; Uppsala, Katalin<br \/>\n17 oktober &#8211; G\u00f6teborg, Stadsteaterns Foaj\u00e9bar<br \/>\n28 oktober &#8211; \u00c5bo, Klubi<br \/>\n29 oktober &#8211; Tammerfors, Klubi<br \/>\n30 oktober &#8211; Vasa, Ritz<br \/>\n31 oktober &#8211; Helsingfors, Korjaamo (Vaunuhalli)<\/p>\n<p>Datum d\u00e5 du har chans att se Anna J\u00e4rvinen. Hon drar snart ut p\u00e5 turn\u00e9.<br \/>\nFr\u00e5n ett pressmeddelande:<\/p>\n<p>Fina, fantastiska, fantasifulla, f\u00f6rsiktiga, fabelaktiga Anna J\u00e4rvinen flanerar runt i v\u00e5r stad och skildrar Stockholm som ingen annan. L\u00e5tarna utspelar sig p\u00e5 olika gator i stan och h\u00f6gt uppe bland molnen. Den 28e september spelar Anna J\u00e4rvinen i sina kvarter, i sin hemstad, p\u00e5 S\u00f6dra Teatern som skulle kunna vara ihopsnickrad enbart f\u00f6r hennes skull. Hon \u00e5ker sedan vidare till Uppsala, G\u00f6teborg och Finland.<\/p>\n<p>Med \u201dJag fick feeling\u201d gjorde hon n\u00e5got som f\u00e5 andra gjort f\u00f6rut. Det mediala mottagandet bestod av idel lyriska recensioner. Anna hade n\u00e4stan gett upp hoppet om att albumet skulle ges ut d\u00e5 hon blivit ratad av storbolagen. Men skam den som ger sig. Hon visste ju innerst inne att det hon gjort var n\u00e5got riktigt bra. L\u00e5tarna fick f\u00f6rbli rakryggade, skeva, stolta och egna. Till slut fick det mindre bolaget H\u00e4pna nys om dem och blev f\u00f6r\u00e4lskade fr\u00e5n f\u00f6rsta stund.<\/p>\n<p>Och s\u00e5 r\u00e4tt Anna hade, och H\u00e4pna. Skivan togs emot med \u00f6ppnare armar \u00e4n vad man trodde var anatomiskt m\u00f6jligt. \u00c5rsb\u00e4stalistorna och Annas skiva blev b\u00e4sta v\u00e4nner, och kritikerk\u00e5ren var med p\u00e5 kalaset med munnar som m\u00e5nhalvor<\/p>\n<p>Tillsammans med pangproducenten Gustav Ejstes fr\u00e5n Dungen f\u00f6ljer hon upp den med bravur med \u201dMan var bland molnen\u201d som kom ut i mars i \u00e5r. Den \u00e4r om m\u00f6jligt \u00e4nnu b\u00e4ttre \u00e4n debuten. Anna J\u00e4rvinen \u00e4r ett naturbarn i stan och hennes melodier f\u00e5r hj\u00e4rtat att hicka och f\u00f6tterna att lyfta. Man k\u00e4nner liksom sm\u00e5, ljumma vindar i h\u00e5ret och h\u00f6r ett n\u00e5got sorgset f\u00e5gelkvitter n\u00e5gonstans. Det g\u00e5r att sk\u00f6nja amerikanskt 70-tal mellan tonerna men Anna J\u00e4rvinen \u00e4r bara sin egen och helt unik.<\/p>\n<p>Christopher Sander fr\u00e5n bland annat [ingenting] spelar f\u00f6re Anna J\u00e4rvinen i Stockholm. Sander, som ocks\u00e5 \u00e4r mannen bakom \u00f6verv\u00e4ldigande vackra \u201d\u00c4ppel\u00f6ga\u201d, sl\u00e4ppte i april sin i all enkelhet fullkomligt geniala solodebut \u201dHej h\u00e5!\u201d.<\/p>\n<p><a href=\"http:\/\/www.annajarvinen.com\">Anna J\u00e4rvinens hemsida.<\/a><\/p>\n<p>L\u00e4s \u00e4ven andra bloggares \u00e5sikter om <a href=\"http:\/\/bloggar.se\/om\/turn%E9\" rel=\"tag\">turn\u00e9<\/a>, <a href=\"http:\/\/bloggar.se\/om\/musik\" rel=\"tag\">musik<\/a>, <a href=\"http:\/\/bloggar.se\/om\/indie\" rel=\"tag\">indie<\/a>, <a href=\"http:\/\/bloggar.se\/om\/Anna+J%E4rvinen\" rel=\"tag\">Anna J\u00e4rvinen<\/a><\/p>\n","protected":false},"excerpt":{"rendered":"<p>28 september &#8211; Stockholm, S\u00f6dra Teatern (f\u00f6rband Christopher Sander) 3 oktober &#8211; Uppsala, Katalin 17 oktober &#8211; G\u00f6teborg, Stadsteaterns Foaj\u00e9bar 28 oktober &#8211; \u00c5bo, Klubi 29 oktober &#8211; Tammerfors, Klubi 30 oktober &#8211; Vasa, Ritz 31 oktober &#8211; Helsingfors, Korjaamo (Vaunuhalli) Datum d\u00e5 du har chans att se Anna J\u00e4rvinen. Hon drar snart ut p\u00e5 [&hellip;]<\/p>\n","protected":false},"author":13,"featured_media":0,"comment_status":"open","ping_status":"open","sticky":false,"template":"","format":"standard","meta":{"_genesis_hide_title":false,"_genesis_hide_breadcrumbs":false,"_genesis_hide_singular_image":false,"_genesis_hide_footer_widgets":false,"_genesis_custom_body_class":"","_genesis_custom_post_class":"","_genesis_layout":"","footnotes":""},"categories":[7],"tags":[2467,12282,6004],"class_list":{"0":"post-12770","1":"post","2":"type-post","3":"status-publish","4":"format-standard","6":"category-musik","7":"tag-indie","8":"tag-musik","9":"tag-turne","10":"entry"},"_links":{"self":[{"href":"https:\/\/kulturbloggen.com\/index.php?rest_route=\/wp\/v2\/posts\/12770","targetHints":{"allow":["GET"]}}],"collection":[{"href":"https:\/\/kulturbloggen.com\/index.php?rest_route=\/wp\/v2\/posts"}],"about":[{"href":"https:\/\/kulturbloggen.com\/index.php?rest_route=\/wp\/v2\/types\/post"}],"author":[{"embeddable":true,"href":"https:\/\/kulturbloggen.com\/index.php?rest_route=\/wp\/v2\/users\/13"}],"replies":[{"embeddable":true,"href":"https:\/\/kulturbloggen.com\/index.php?rest_route=%2Fwp%2Fv2%2Fcomments&post=12770"}],"version-history":[{"count":0,"href":"https:\/\/kulturbloggen.com\/index.php?rest_route=\/wp\/v2\/posts\/12770\/revisions"}],"wp:attachment":[{"href":"https:\/\/kulturbloggen.com\/index.php?rest_route=%2Fwp%2Fv2%2Fmedia&parent=12770"}],"wp:term":[{"taxonomy":"category","embeddable":true,"href":"https:\/\/kulturbloggen.com\/index.php?rest_route=%2Fwp%2Fv2%2Fcategories&post=12770"},{"taxonomy":"post_tag","embeddable":true,"href":"https:\/\/kulturbloggen.com\/index.php?rest_route=%2Fwp%2Fv2%2Ftags&post=12770"}],"curies":[{"name":"wp","href":"https:\/\/api.w.org\/{rel}","templated":true}]}}