{"id":127543,"date":"2019-08-22T00:05:20","date_gmt":"2019-08-21T23:05:20","guid":{"rendered":"https:\/\/kulturbloggen.com\/?p=127543"},"modified":"2019-08-22T00:05:21","modified_gmt":"2019-08-21T23:05:21","slug":"ystad-jazzfestival-fler-godbitar-fran-smorgasbordet","status":"publish","type":"post","link":"https:\/\/kulturbloggen.com\/?p=127543","title":{"rendered":"Ystad Jazzfestival &#8211; Fler godbitar fr\u00e5n sm\u00f6rg\u00e5sbordet"},"content":{"rendered":"\n<figure class=\"wp-block-image\"><img loading=\"lazy\" decoding=\"async\" width=\"650\" height=\"433\" src=\"https:\/\/kulturbloggen.com\/wp-content\/uploads\/2019\/08\/YSJF2019_Tribute-to-Svend-Asmussen_01_Foto_Markus-Fa\u0308gersten.jpg\" alt=\"\" class=\"wp-image-127544\" srcset=\"https:\/\/kulturbloggen.com\/wp-content\/uploads\/2019\/08\/YSJF2019_Tribute-to-Svend-Asmussen_01_Foto_Markus-Fa\u0308gersten.jpg 650w, https:\/\/kulturbloggen.com\/wp-content\/uploads\/2019\/08\/YSJF2019_Tribute-to-Svend-Asmussen_01_Foto_Markus-Fa\u0308gersten-300x200.jpg 300w\" sizes=\"auto, (max-width: 650px) 100vw, 650px\" \/><figcaption>foto Markus F\u00e4gersten<br><br><\/figcaption><\/figure>\n\n\n\n<p>Ystad med omnejd<\/p>\n\n\n\n<p>31\/7-4\/8 2019<\/p>\n\n\n\n<p>En festf\u00f6rest\u00e4llning p\u00e5 Teatern, v\u00e4rdigt upphovets dignitet, inh\u00f6star idel glada miner. A TRIBUTE TO SVEND ASMUSSEN g\u00f6rs av en pianol\u00f6s dansk\/svensk grupp vars medlemmar turas om att st\u00e5 i centrum, flera av dem med meriter fr\u00e5n  legendaren ( bes\u00f6kte YSJF 2016) Programmets  preludium \u00e4r ett  bildspel, j\u00e4mte hj\u00e4rtlig presentation av den osannolikt pigga \u00e4nkan. Samtliga i en illuster line up \u00e4r lika delaktiga:  Grammyvinnande adepten Bjarke Falgren (violin), Asmussens gitarrist sedan 1992 Jacob Fischer, Aage Thanggard vars trumspel  f\u00f6rknippas med den v\u00e4rldsber\u00f6mda violinisten, basisten Hans Backenroth, munspelaren Filip Jers, Mads Mathias p\u00e5 s\u00e5ng och tenorsax samt Sinne Eeg vars m\u00e4ktiga st\u00e4mma kan ljuda som sj\u00e4lvaste Alice Babs (Swe-Danes). Instrumental b\u00f6rjan \u00e5tf\u00f6ljs av  ett knippe v\u00e4l valda s\u00e5nger, varav ett par trevliga duetter. Hantverket p\u00e5 scen utstr\u00e5lar finess med van, l\u00e4tt hand. Det frejdiga musicerandet \u00f6verg\u00e5r enstaka g\u00e5ng i en reflekterande stil. Vi f\u00e5r i ett inhopp fantastiskt pianospel av Jan Lundgren, attraktiva ackordf\u00f6ljder fr\u00e5n Fischer i <em>Tea For Two, <\/em>oemotst\u00e5ndligt Nashville-stuk i <i>Scandinavian Shuffle, <\/i>makal\u00f6st munspel fr\u00e5n Filip Jers i en hyllning till Toots Thielemans, bed\u00e5rande tolkningar av Making Whoopee och <i>Skylark <\/i>fr\u00e5n Sinne Eeg (vars sv\u00e4vande r\u00f6st i sist n\u00e4mnda ballad f\u00e5r publiken p\u00e5 fall) och flera virtuosa &#8221;violinexcesser&#8221; i de sista l\u00e5tarna. I detta demokratiska projekt ges \u00e4ven solistutrymme till kompet. Finns som framg\u00e5tt inget att ifr\u00e5gas\u00e4tta betr\u00e4ffande f\u00f6rm\u00e5ga. \u00c4nd\u00e5 blir best\u00e5ende intrycket att det \u00e4r alltf\u00f6r kl\u00e4mmigt, saknar emellan\u00e5t tyngd och sv\u00e4rta. <\/p>\n\n\n\n<figure class=\"wp-block-image\"><img loading=\"lazy\" decoding=\"async\" width=\"650\" height=\"445\" src=\"https:\/\/kulturbloggen.com\/wp-content\/uploads\/2019\/08\/YSJF2019_Peter-och-Vargen_Norrbotten-Big-Band_02_Anna-Rylander.jpg\" alt=\"\" class=\"wp-image-127600\" srcset=\"https:\/\/kulturbloggen.com\/wp-content\/uploads\/2019\/08\/YSJF2019_Peter-och-Vargen_Norrbotten-Big-Band_02_Anna-Rylander.jpg 650w, https:\/\/kulturbloggen.com\/wp-content\/uploads\/2019\/08\/YSJF2019_Peter-och-Vargen_Norrbotten-Big-Band_02_Anna-Rylander-300x205.jpg 300w\" sizes=\"auto, (max-width: 650px) 100vw, 650px\" \/><figcaption>foto Anna Rylander<\/figcaption><\/figure>\n\n\n\n<p> Klassiska l\u00e4skiga sagan (f\u00f6rvisso lyckligt slut)  Peter och Vargen tonsattes f\u00f6r symfoniorkester av Sergej Prokofjev. Katarina Thomsen fr\u00e5n Tyskland har med tillst\u00e5nd fr\u00e5n efterlevande, kl\u00e4tt  det dramatiska f\u00f6rloppet i jazzdr\u00e4kt. Vi ser henne dirigera NORRBOTTEN BIG BAND interfolierade av den mycket passionerade ber\u00e4ttaren BEATRICE J\u00c4R\u00c5S, sk\u00e5despelare och musikalartist. Den lika roliga som fascinerande konserten att betrakta som en ing\u00e5ng f\u00f6r de minsta,  bode haft rekommenderad \u00e5ldersgr\u00e4ns, p\u00e5 grund av h\u00f6ga ljud j\u00e4mte rastl\u00f6shet hos de minsta barnen efter cirka en halvtimme. Bl\u00e5sarna, formerade i halvcirkel, representerar olika djur eller personer. Janne Thelin p\u00e5 otymplig kontrabasklarinett symboliserar exempelvis den hotfulla vargen, medan Peters k\u00e4nslor och f\u00f6rehavanden uttrycks av trumpeter. Maffigt v\u00e4rre n\u00e4r svindlande h\u00f6ga trumpettoner stryker under handlingen med feta streck. Extra kul moment intr\u00e4ffar n\u00e4r tv\u00e5 br\u00e5kiga instrument trotsar dirigentens aktion.  Noterar programmusik med stora bokst\u00e4ver,  v\u00e4ldigt effektfull rysk expressionism.  Ska verkligen betonas hur J\u00e4r\u00e5s framf\u00f6rde texten. Med energisk emfas levde hon sig in  i dramatiken med hela kroppen. Fr\u00e4ckt, innovativt och ytterst kompetent genomf\u00f6rt! Hade m\u00e5lgruppen varit \u00e4ldre hade det varit p\u00e5 sin plats att presentera musikerna.<\/p>\n\n\n\n<figure class=\"wp-block-image\"><img loading=\"lazy\" decoding=\"async\" width=\"650\" height=\"433\" src=\"https:\/\/kulturbloggen.com\/wp-content\/uploads\/2019\/08\/YSJF2019_Magnanimus-Trio_08_Anna-Rylander.jpg\" alt=\"\" class=\"wp-image-127642\" srcset=\"https:\/\/kulturbloggen.com\/wp-content\/uploads\/2019\/08\/YSJF2019_Magnanimus-Trio_08_Anna-Rylander.jpg 650w, https:\/\/kulturbloggen.com\/wp-content\/uploads\/2019\/08\/YSJF2019_Magnanimus-Trio_08_Anna-Rylander-300x200.jpg 300w\" sizes=\"auto, (max-width: 650px) 100vw, 650px\" \/><figcaption>foto Anna Rylander<\/figcaption><\/figure>\n\n\n\n<p>MAGNANIMUS TRIO fr\u00e5n Grekland har ett dr\u00f6mskt meditativt sound med referenser till  E.S.T och Arvo P\u00e4rt. Trion som leds av Christos Barbas kommer fr\u00e5n  Thessaloniki, \u00e4r mycket v\u00e4lutbildad och man har var f\u00f6r sig sysslat med filmmusik, flamenco och folkmusik. Pianisten Barbas b\u00e5de inleder och avslutar genom att spela p\u00e5 fl\u00f6jt fr\u00e5n Mellan\u00f6stern. Inuti denna cirkelr\u00f6relse framf\u00f6rs suggestiva original (alla tre bidrar i l\u00e5tskrivarprocessen) med utmejslade detaljer. H\u00f6r en f\u00f6rtjusning i upprepade linj\u00e4ra m\u00f6nster, vilket leder tankarna till minimalistiskt komponerande. Musiken p\u00e5g\u00e5r ofta  i maklig takt. Ett annat k\u00e4nnetecken \u00e4r deras pendlingar mellan snabbt &#8211; l\u00e5ngsamt, starkt &#8211; svagt och crescendo &#8211; diminuendo. I innerlig sekvens som utg\u00f6r en h\u00f6jdpunkt, nynnar trumslagare, basist och pianist p\u00e5 ett s\u00e4tt som ger mig Shai Maestro &#8211; vibbar. Pianisten dominerar skeendet utan att de andra hamnar i skuggan. Vissa passager p\u00e5 slutet sensationellt spr\u00f6da, s\u00e4llan s\u00e5 h\u00e4r nedtonad lyrisk kammarjazz framf\u00f6rs utomhus. P\u00e5 innerg\u00e5rd i Ystad funkar det f\u00f6rtr\u00e4ffligt! En helgjuten konsert vars musik n\u00e4rmast hypnotiserade den p\u00e5verkade publiken, klingade ut med k\u00e4rlekss\u00e5ng p\u00e5 engelska, sonett av Shakespeare. M\u00e4rkligt nog har jag  under Gmlstn Jazzfestival h\u00f6rt en annan grekisk pianotrio spela subtil, aningen in\u00e5tv\u00e4nd meditativ jazz. <\/p>\n\n\n\n<figure class=\"wp-block-image\"><img loading=\"lazy\" decoding=\"async\" width=\"650\" height=\"433\" src=\"https:\/\/kulturbloggen.com\/wp-content\/uploads\/2019\/08\/YSJF2019_Tord-Gustavsen-trio_02_Foto_Markus-Fa\u0308gersten.jpg\" alt=\"\" class=\"wp-image-127647\" srcset=\"https:\/\/kulturbloggen.com\/wp-content\/uploads\/2019\/08\/YSJF2019_Tord-Gustavsen-trio_02_Foto_Markus-Fa\u0308gersten.jpg 650w, https:\/\/kulturbloggen.com\/wp-content\/uploads\/2019\/08\/YSJF2019_Tord-Gustavsen-trio_02_Foto_Markus-Fa\u0308gersten-300x200.jpg 300w\" sizes=\"auto, (max-width: 650px) 100vw, 650px\" \/><figcaption>foto Markus F\u00e4gersten<\/figcaption><\/figure>\n\n\n\n<p>Anrika unika skivbolaget ECM firar 50 \u00e5r i \u00e5r, vilket uppm\u00e4rksammas p\u00e5 festivalen. Under den celebrerande vinjetten arrangeras bland annat spelningen med norska TORD GUSTAVSEN TRIO sent en kv\u00e4ll p\u00e5 Teatern. M\u00e5ste erk\u00e4nna att jag inte tidigare lyssnat p\u00e5 den prisade pianisten som ocks\u00e5 \u00e4r psykolog. Han kompletteras av egensinnige Jarle Vesperstad bakom trumsetet och vikarie p\u00e5 kontrabas vid namn Ellen Brekken. Mestadels ges kompositioner fr\u00e5n fj\u00e4rde och senaste trioplattan, vars utfall liknas vid en meditativ resa. Till\u00e4gnar mig ett enhetligt sound, snarare \u00e4n ett p\u00e4rlband av l\u00e5tar. Anf\u00f6raren och hans medmusiker beger sig ut p\u00e5 fruktbara utflykter, fast jag \u00e4r f\u00f6r utmattad efter resan med X 2000 f\u00f6r att h\u00e4nga med hela tiden. <em>The Tunnel <\/em>och ett par Bach-improvisationer exponerar trion n\u00e4r de \u00e4r som mest f\u00f6rf\u00f6riska.  Noterar att de pregnanta basg\u00e5ngarna ligger n\u00e5got f\u00f6r h\u00f6gt i ljudmixen, att trumslagaren \u00e4r en attraktion i sig som ett tag trummar med tv\u00e5 r\u00f6r samt  personligt f\u00e4rgade, sinnrika l\u00f6pningar \u00f6ver klaviaturen, p\u00e5 en flygel med kablar inkopplade. Vesperstad f\u00e5r utrymme f\u00f6r ett mycket dynamiskt solo, vilket absorberade publiken totalt. Ett landskap  av skenbart s\u00f6kande karakt\u00e4r v\u00e4xer fram, ihopsatt av fragment vars utl\u00f6sning stundtals uteblir. Trion som s\u00e4llan spelar i Sverige gav mersmak, inbj\u00f6d till vidare studier. Superb akustik!<\/p>\n\n\n\n<figure class=\"wp-block-image\"><img loading=\"lazy\" decoding=\"async\" width=\"650\" height=\"433\" src=\"https:\/\/kulturbloggen.com\/wp-content\/uploads\/2019\/08\/YSJF2019_C\u00e6cilie-Norby_03_Foto_Markus-F\u00e4gersten.jpg\" alt=\"\" class=\"wp-image-127657\" srcset=\"https:\/\/kulturbloggen.com\/wp-content\/uploads\/2019\/08\/YSJF2019_C\u00e6cilie-Norby_03_Foto_Markus-F\u00e4gersten.jpg 650w, https:\/\/kulturbloggen.com\/wp-content\/uploads\/2019\/08\/YSJF2019_C\u00e6cilie-Norby_03_Foto_Markus-F\u00e4gersten-300x200.jpg 300w\" sizes=\"auto, (max-width: 650px) 100vw, 650px\" \/><figcaption>foto Markus F\u00e4gersten<\/figcaption><\/figure>\n\n\n\n<p> CAECILIE NORBY har p\u00e5 initiativ av skivbolaget ACT bildat projektet SISTERS IN JAZZ. P\u00e5 scen  syns den danska s\u00e5ngerskan ihop med Dorota Piotrowska fr\u00e5n Polen p\u00e5 trummor, Lisa Wulff fr\u00e5n Tyskland p\u00e5 bas, Hildegunn \u00d6iseth fr\u00e5n Norge p\u00e5 trumpet, Nicole Joh\u00e4nntgen fr\u00e5n Schweiz p\u00e5 sax samt nytillskottet Anke Helfrich, en beg\u00e5vad pianist fr\u00e5n Tyskland. Den europeiska h\u00f6gklassiga ensemblen har konsekvent nog, n\u00e4stan uteslutande kvinnliga komponister p\u00e5 repertoaren. Till saken h\u00f6r att jag entusiastiskt recenserade releasegig i OJ och sammalunda med deras debutalbum tidigare i \u00e5r. Stolt \u00f6ver att min skivrecension  anv\u00e4ndes i marknadsf\u00f6ringen. Sista konserten p\u00e5 ett fullmatat dygn inneb\u00e4r sammantaget, varken den densitet eller det hundraprocentiga ensemblespel som jag h\u00f6rde p\u00e5 releasen. En annan negativ faktor: volymen genomg\u00e5ende f\u00f6r l\u00e5g.  Vokala f\u00f6rm\u00e5gan hos Norby \u00e4r f\u00f6rst\u00e5s h\u00e4pnadsv\u00e4ckande och i <i>Hallelujah <\/i>m\u00e4rks ett hisnande operaavsnitt. \u00c5tskilliga str\u00e5lande enskildheter kan adderas till pluskontot, som balanserar helhetsomd\u00f6met. Vill framh\u00e4va crescendot i <em>Droppin\u00b4Things, <\/em>lyckade dynamiken i <em>Jolene, <\/em>Miles-doftande takter fr\u00e5n ljuvligt spelande \u00d6iseth, basg\u00e5ngar i dialog med scats\u00e5ng, fyrverkeriet fr\u00e5n Piotrowska, raffinerade explosioner fr\u00e5n Joh\u00e4nntgen i <em>Girl Talk<\/em> ( hade p\u00e5f\u00f6ljande morgon solokonsert i Klosterkyrkan).  Lekfulla kreativa moment  v\u00e4vs s\u00e5lunda  in i starka l\u00e5tar, varav arret p\u00e5 <em>Man From Mars <\/em>(Joni Mitchell) onekligen ett m\u00e4sterverk Mycket att gl\u00e4djas \u00e5t, trots viss besvikelse.  <\/p>\n\n\n\n<figure class=\"wp-block-image\"><img loading=\"lazy\" decoding=\"async\" width=\"650\" height=\"434\" src=\"https:\/\/kulturbloggen.com\/wp-content\/uploads\/2019\/08\/YSJF2019-Lars-Jansson-trio.08.DANIELMAGNUSSON-1024x683.jpg\" alt=\"\" class=\"wp-image-127666\" srcset=\"https:\/\/kulturbloggen.com\/wp-content\/uploads\/2019\/08\/YSJF2019-Lars-Jansson-trio.08.DANIELMAGNUSSON-1024x683.jpg 650w, https:\/\/kulturbloggen.com\/wp-content\/uploads\/2019\/08\/YSJF2019-Lars-Jansson-trio.08.DANIELMAGNUSSON-1024x683-300x200.jpg 300w\" sizes=\"auto, (max-width: 650px) 100vw, 650px\" \/><figcaption>foto Daniel Magnusson<\/figcaption><\/figure>\n\n\n\n<p>N\u00f6dv\u00e4ndigt intag av f\u00f6da medf\u00f6r att jag missar ungef\u00e4r tjugo minuter av LARS JANSSON TRIO p\u00e5 Teatern. Tr\u00f6star mig med att ha recenserat honom vid tv\u00e5 andra tillf\u00e4llen i sommar l\u00e4ngs v\u00e4stkusten. Tv\u00e5 f\u00f6r\u00e4ndringar till denna g\u00e5ng \u00e4r att konserten spelas in av P2 samt att ordinarie danske basisten Thomas Fonnesbaek finns med som central pelare. Trumslagare \u00e4r som vanligt pianoprofessorns son, elastiske rytmkreat\u00f6ren Paul Svanberg. Vad en jublande publik &#8221;uts\u00e4tts&#8221; f\u00f6r b\u00f6r betecknas som delikat akustisk pianojazz, som den i s\u00e4llsynta fall kan arta sig n\u00e4r inspiration, skicklighet och  samf\u00f6rst\u00e5nd konvergerar. Underbart smidigt samspel och str\u00e5lande sj\u00e4lvst\u00e4ndigt pianospel i sp\u00e4nnande l\u00e5tar! Vilken ynnest att man avrundar med livefavoriter som <em>Hilda Smiles <\/em>j\u00e4mte <em>More Human<\/em>. Eftersom det var premi\u00e4r f\u00f6r trion p\u00e5 festivalen f\u00f6rel\u00e5g troligen ett uppd\u00e4mt behov, vilket besannas av att Jansson i t\u00e4ltet efter\u00e5t s\u00e5lde 30(!) skivor.  <\/p>\n","protected":false},"excerpt":{"rendered":"<p>Ystad med omnejd 31\/7-4\/8 2019 En festf\u00f6rest\u00e4llning p\u00e5 Teatern, v\u00e4rdigt upphovets dignitet, inh\u00f6star idel glada miner. A TRIBUTE TO SVEND ASMUSSEN g\u00f6rs av en pianol\u00f6s dansk\/svensk grupp vars medlemmar turas om att st\u00e5 i centrum, flera av dem med meriter fr\u00e5n legendaren ( bes\u00f6kte YSJF 2016) Programmets preludium \u00e4r ett bildspel, j\u00e4mte hj\u00e4rtlig presentation av [&hellip;]<\/p>\n","protected":false},"author":34,"featured_media":0,"comment_status":"closed","ping_status":"closed","sticky":false,"template":"","format":"standard","meta":{"_genesis_hide_title":false,"_genesis_hide_breadcrumbs":false,"_genesis_hide_singular_image":false,"_genesis_hide_footer_widgets":false,"_genesis_custom_body_class":"","_genesis_custom_post_class":"","_genesis_layout":"","footnotes":""},"categories":[7,16,20],"tags":[],"class_list":{"0":"post-127543","1":"post","2":"type-post","3":"status-publish","4":"format-standard","6":"category-musik","7":"category-recension","8":"category-film","9":"entry"},"_links":{"self":[{"href":"https:\/\/kulturbloggen.com\/index.php?rest_route=\/wp\/v2\/posts\/127543","targetHints":{"allow":["GET"]}}],"collection":[{"href":"https:\/\/kulturbloggen.com\/index.php?rest_route=\/wp\/v2\/posts"}],"about":[{"href":"https:\/\/kulturbloggen.com\/index.php?rest_route=\/wp\/v2\/types\/post"}],"author":[{"embeddable":true,"href":"https:\/\/kulturbloggen.com\/index.php?rest_route=\/wp\/v2\/users\/34"}],"replies":[{"embeddable":true,"href":"https:\/\/kulturbloggen.com\/index.php?rest_route=%2Fwp%2Fv2%2Fcomments&post=127543"}],"version-history":[{"count":42,"href":"https:\/\/kulturbloggen.com\/index.php?rest_route=\/wp\/v2\/posts\/127543\/revisions"}],"predecessor-version":[{"id":127670,"href":"https:\/\/kulturbloggen.com\/index.php?rest_route=\/wp\/v2\/posts\/127543\/revisions\/127670"}],"wp:attachment":[{"href":"https:\/\/kulturbloggen.com\/index.php?rest_route=%2Fwp%2Fv2%2Fmedia&parent=127543"}],"wp:term":[{"taxonomy":"category","embeddable":true,"href":"https:\/\/kulturbloggen.com\/index.php?rest_route=%2Fwp%2Fv2%2Fcategories&post=127543"},{"taxonomy":"post_tag","embeddable":true,"href":"https:\/\/kulturbloggen.com\/index.php?rest_route=%2Fwp%2Fv2%2Ftags&post=127543"}],"curies":[{"name":"wp","href":"https:\/\/api.w.org\/{rel}","templated":true}]}}