{"id":127470,"date":"2019-08-16T22:00:04","date_gmt":"2019-08-16T21:00:04","guid":{"rendered":"https:\/\/kulturbloggen.com\/?p=127470"},"modified":"2019-08-16T22:00:05","modified_gmt":"2019-08-16T21:00:05","slug":"hakan-hellstrom-firar-20-ar-som-artist-med-konsert-pa-ullevi","status":"publish","type":"post","link":"https:\/\/kulturbloggen.com\/?p=127470","title":{"rendered":"H\u00e5kan Hellstr\u00f6m firar 20 \u00e5r som artist med konsert p\u00e5 Ullevi"},"content":{"rendered":"\n<p>Alla fans till H\u00e5kan Hellstr\u00f6m kan boka in den 12 juni 2020, f\u00f6r d\u00e5 ska H\u00e5kan fira att han varit solo-artist i 20 \u00e5r. Det blir p\u00e5 Ullevi i G\u00f6teborg och en forts\u00e4ttning p\u00e5 traditionen med stora konserter just p\u00e5 Ullevi. <\/p>\n\n\n\n<figure class=\"wp-block-image\"><img loading=\"lazy\" decoding=\"async\" width=\"650\" height=\"488\" src=\"https:\/\/kulturbloggen.com\/wp-content\/uploads\/2019\/08\/hhullevi.jpg\" alt=\"\" class=\"wp-image-127471\" srcset=\"https:\/\/kulturbloggen.com\/wp-content\/uploads\/2019\/08\/hhullevi.jpg 650w, https:\/\/kulturbloggen.com\/wp-content\/uploads\/2019\/08\/hhullevi-300x225.jpg 300w\" sizes=\"auto, (max-width: 650px) 100vw, 650px\" \/><figcaption>H\u00e5kan Hellstr\u00f6m p\u00e5 Ullevi 2017. Foto: Thomas Johansson<\/figcaption><\/figure>\n\n\n\n<p>&#8211; 2020 \u00e4r det 20 \u00e5r sedan jag spelade in och gav ut min f\u00f6rsta skiva. D\u00e5 trodde jag aldrig att jag skulle bli kvar i rampljuset s\u00e5 l\u00e4nge. Var mest glad \u00f6ver att ha f\u00e5tt chansen att g\u00f6ra en l\u00e5t &#8211; K\u00e4nn ingen sorg f\u00f6r mig G\u00f6teborg. Den l\u00e5ten var bara tre\/fyra minuter, men \u00e4nd\u00e5 hela mitt liv, skriver H\u00e5kan Hellstr\u00f6m p\u00e5 Facebook. <\/p>\n\n\n\n<p>Nu tjugo \u00e5r senare blir det en stor konsert p\u00e5 Ullevi och fr\u00e5gan \u00e4r om det r\u00e4cker med en konsert. Jag har personligen bokat hotellrum f\u00f6r l\u00f6rdagen efter ocks\u00e5, f\u00f6r om det blir tv\u00e5 kv\u00e4llar, vill jag se b\u00e5da. <\/p>\n","protected":false},"excerpt":{"rendered":"<p>Alla fans till H\u00e5kan Hellstr\u00f6m kan boka in den 12 juni 2020, f\u00f6r d\u00e5 ska H\u00e5kan fira att han varit solo-artist i 20 \u00e5r. Det blir p\u00e5 Ullevi i G\u00f6teborg och en forts\u00e4ttning p\u00e5 traditionen med stora konserter just p\u00e5 Ullevi. &#8211; 2020 \u00e4r det 20 \u00e5r sedan jag spelade in och gav ut min [&hellip;]<\/p>\n","protected":false},"author":12,"featured_media":0,"comment_status":"closed","ping_status":"closed","sticky":false,"template":"","format":"standard","meta":{"_genesis_hide_title":false,"_genesis_hide_breadcrumbs":false,"_genesis_hide_singular_image":false,"_genesis_hide_footer_widgets":false,"_genesis_custom_body_class":"","_genesis_custom_post_class":"","_genesis_layout":"","footnotes":""},"categories":[7,13624],"tags":[],"class_list":{"0":"post-127470","1":"post","2":"type-post","3":"status-publish","4":"format-standard","6":"category-musik","7":"category-toppnytt","8":"entry"},"_links":{"self":[{"href":"https:\/\/kulturbloggen.com\/index.php?rest_route=\/wp\/v2\/posts\/127470","targetHints":{"allow":["GET"]}}],"collection":[{"href":"https:\/\/kulturbloggen.com\/index.php?rest_route=\/wp\/v2\/posts"}],"about":[{"href":"https:\/\/kulturbloggen.com\/index.php?rest_route=\/wp\/v2\/types\/post"}],"author":[{"embeddable":true,"href":"https:\/\/kulturbloggen.com\/index.php?rest_route=\/wp\/v2\/users\/12"}],"replies":[{"embeddable":true,"href":"https:\/\/kulturbloggen.com\/index.php?rest_route=%2Fwp%2Fv2%2Fcomments&post=127470"}],"version-history":[{"count":1,"href":"https:\/\/kulturbloggen.com\/index.php?rest_route=\/wp\/v2\/posts\/127470\/revisions"}],"predecessor-version":[{"id":127472,"href":"https:\/\/kulturbloggen.com\/index.php?rest_route=\/wp\/v2\/posts\/127470\/revisions\/127472"}],"wp:attachment":[{"href":"https:\/\/kulturbloggen.com\/index.php?rest_route=%2Fwp%2Fv2%2Fmedia&parent=127470"}],"wp:term":[{"taxonomy":"category","embeddable":true,"href":"https:\/\/kulturbloggen.com\/index.php?rest_route=%2Fwp%2Fv2%2Fcategories&post=127470"},{"taxonomy":"post_tag","embeddable":true,"href":"https:\/\/kulturbloggen.com\/index.php?rest_route=%2Fwp%2Fv2%2Ftags&post=127470"}],"curies":[{"name":"wp","href":"https:\/\/api.w.org\/{rel}","templated":true}]}}