{"id":127352,"date":"2019-08-13T21:40:41","date_gmt":"2019-08-13T20:40:41","guid":{"rendered":"https:\/\/kulturbloggen.com\/?p=127352"},"modified":"2019-08-13T21:40:43","modified_gmt":"2019-08-13T20:40:43","slug":"storslam-for-hov1-pa-rockbjornen","status":"publish","type":"post","link":"https:\/\/kulturbloggen.com\/?p=127352","title":{"rendered":"Storslam f\u00f6r HOV1 p\u00e5 Rockbj\u00f6rnen"},"content":{"rendered":"\n<p>Hovet forts\u00e4tter att h\u00e5lla publiken i sitt grepp, och fick med sig hela tre rockbj\u00f6rnar hem n\u00e4r kv\u00e4llen var slut. <\/p>\n\n\n\n<figure class=\"wp-block-image\"><img loading=\"lazy\" decoding=\"async\" width=\"650\" height=\"433\" src=\"https:\/\/kulturbloggen.com\/wp-content\/uploads\/2019\/08\/rb20.jpg\" alt=\"\" class=\"wp-image-127354\" srcset=\"https:\/\/kulturbloggen.com\/wp-content\/uploads\/2019\/08\/rb20.jpg 650w, https:\/\/kulturbloggen.com\/wp-content\/uploads\/2019\/08\/rb20-300x200.jpg 300w\" sizes=\"auto, (max-width: 650px) 100vw, 650px\" \/><figcaption>HOV1 med sin tre nya Rockbj\u00f6rnar.<\/figcaption><\/figure>\n\n\n\n<p>P\u00e5 tisdagskv\u00e4llen avgjordes den 40:e upplagan av Rockbj\u00f6rnen, Aftonbladet och fansens musikpris d\u00e4r svenska folket sj\u00e4lva f\u00e5r r\u00f6sta fram sina favoriter i \u00e5tta olika kategorier. Molly Sand\u00e9n blev \u00e5rets kvinnliga liveartist och tog d\u00e4rmed emot sin allra f\u00f6rsta Rockbj\u00f6rn.<br>\u2013\u00a0Jag \u00e4r s\u00e5 sjukt glad f\u00f6r det h\u00e4r priset, tack sn\u00e4lla ni som har r\u00f6stat! sa hon fr\u00e5n scenen i Kungstr\u00e4dg\u00e5rden.<\/p>\n\n\n\n<figure class=\"wp-block-image\"><img loading=\"lazy\" decoding=\"async\" width=\"650\" height=\"433\" src=\"https:\/\/kulturbloggen.com\/wp-content\/uploads\/2019\/08\/rb14.jpg\" alt=\"\" class=\"wp-image-127355\" srcset=\"https:\/\/kulturbloggen.com\/wp-content\/uploads\/2019\/08\/rb14.jpg 650w, https:\/\/kulturbloggen.com\/wp-content\/uploads\/2019\/08\/rb14-300x200.jpg 300w\" sizes=\"auto, (max-width: 650px) 100vw, 650px\" \/><figcaption>Molly Sand\u00e9n p\u00e5 v\u00e4g upp p\u00e5 scenen f\u00f6r att ta mot sin rockbj\u00f6rn.<\/figcaption><\/figure>\n\n\n\n<p>Benjamin Ingrosso blev \u00e5rets manliga liveartist och Viktor Leksell stod f\u00f6r \u00c5rets genombrott. <\/p>\n\n\n\n<figure class=\"wp-block-image\"><img loading=\"lazy\" decoding=\"async\" width=\"650\" height=\"433\" src=\"https:\/\/kulturbloggen.com\/wp-content\/uploads\/2019\/08\/rb7.jpg\" alt=\"\" class=\"wp-image-127356\" srcset=\"https:\/\/kulturbloggen.com\/wp-content\/uploads\/2019\/08\/rb7.jpg 650w, https:\/\/kulturbloggen.com\/wp-content\/uploads\/2019\/08\/rb7-300x200.jpg 300w\" sizes=\"auto, (max-width: 650px) 100vw, 650px\" \/><figcaption>Viktor Leksell<\/figcaption><\/figure>\n\n\n\n<p>Hov1 fick inte mindre \u00e4n tre priser i kategorierna \u00c5rets livegrupp, \u00c5rets konsert och \u00c5rets fans. Det \u00e4r tredje \u00e5ret i rad Hov1 tar emot Rockbj\u00f6rnar, gruppen har nu totalt sju i sin samling och d\u00e4rmed en plats i den absoluta Rockbj\u00f6rnen-toppen.<\/p>\n\n\n\n<p>\u00c5rets utl\u00e4ndska l\u00e5t, n\u00e4r svenska folket lagt sina r\u00f6ster, blev den tidigare Oscar- och Grammy-vinnaren&nbsp;<em>Shallow<\/em>&nbsp;med Lady Gaga och Bradley Cooper. William Segerdahl och Mariette framf\u00f6rde en bejublad cover p\u00e5 l\u00e5ten och skapade alls\u00e5ng i Kungstr\u00e4dg\u00e5rden.&nbsp;<\/p>\n\n\n\n<figure class=\"wp-block-image\"><img loading=\"lazy\" decoding=\"async\" width=\"650\" height=\"433\" src=\"https:\/\/kulturbloggen.com\/wp-content\/uploads\/2019\/08\/rb10.jpg\" alt=\"\" class=\"wp-image-127357\" srcset=\"https:\/\/kulturbloggen.com\/wp-content\/uploads\/2019\/08\/rb10.jpg 650w, https:\/\/kulturbloggen.com\/wp-content\/uploads\/2019\/08\/rb10-300x200.jpg 300w\" sizes=\"auto, (max-width: 650px) 100vw, 650px\" \/><figcaption>William Segerdahl och Mariette<\/figcaption><\/figure>\n\n\n\n<p>\u00c5rets svenska l\u00e5t \u2013 och vinnare av publikens ovationer \u2013 blev Aviciis\u00a0<em>SOS<\/em>. Klas Bergling, Tim Berglings pappa och medproducenterna p\u00e5 l\u00e5ten Albin Nedler, Kristoffer Fogelmark, steg upp p\u00e5 scen och tog emot Aviciis Rockbj\u00f6rn ur Maxida M\u00e4raks hand.\u00a0<\/p>\n\n\n\n<figure class=\"wp-block-image\"><img loading=\"lazy\" decoding=\"async\" width=\"650\" height=\"433\" src=\"https:\/\/kulturbloggen.com\/wp-content\/uploads\/2019\/08\/rb19.jpg\" alt=\"\" class=\"wp-image-127358\" srcset=\"https:\/\/kulturbloggen.com\/wp-content\/uploads\/2019\/08\/rb19.jpg 650w, https:\/\/kulturbloggen.com\/wp-content\/uploads\/2019\/08\/rb19-300x200.jpg 300w\" sizes=\"auto, (max-width: 650px) 100vw, 650px\" \/><figcaption>Klas Bergling, Tim Berglings pappa och medproducenterna p\u00e5 l\u00e5ten Albin Nedler och Kristoffer Fogelmark.<\/figcaption><\/figure>\n\n\n\n<p>I \u00e5r firade Rockbj\u00f6rnen 40 \u00e5r och det var femte \u00e5ret som galan arrangerades i samarbete med ungdomsfestivalen We Are Sthlm i Kungstr\u00e4dg\u00e5rden i Stockholm och \u00f6ver 10 000 hade samlats f\u00f6r att ta del av sommarens st\u00f6rsta musikfest.<\/p>\n\n\n\n<figure class=\"wp-block-image\"><img loading=\"lazy\" decoding=\"async\" width=\"650\" height=\"406\" src=\"https:\/\/kulturbloggen.com\/wp-content\/uploads\/2019\/08\/rb2.jpg\" alt=\"\" class=\"wp-image-127359\" srcset=\"https:\/\/kulturbloggen.com\/wp-content\/uploads\/2019\/08\/rb2.jpg 650w, https:\/\/kulturbloggen.com\/wp-content\/uploads\/2019\/08\/rb2-300x187.jpg 300w\" sizes=\"auto, (max-width: 650px) 100vw, 650px\" \/><figcaption>LBSB inledde rockbj\u00f6rnens show<br><\/figcaption><\/figure>\n\n\n\n<figure class=\"wp-block-image\"><img loading=\"lazy\" decoding=\"async\" width=\"650\" height=\"433\" src=\"https:\/\/kulturbloggen.com\/wp-content\/uploads\/2019\/08\/rb17.jpg\" alt=\"\" class=\"wp-image-127360\" srcset=\"https:\/\/kulturbloggen.com\/wp-content\/uploads\/2019\/08\/rb17.jpg 650w, https:\/\/kulturbloggen.com\/wp-content\/uploads\/2019\/08\/rb17-300x200.jpg 300w\" sizes=\"auto, (max-width: 650px) 100vw, 650px\" \/><figcaption>Anis Don Demina<\/figcaption><\/figure>\n","protected":false},"excerpt":{"rendered":"<p>Hovet forts\u00e4tter att h\u00e5lla publiken i sitt grepp, och fick med sig hela tre rockbj\u00f6rnar hem n\u00e4r kv\u00e4llen var slut. P\u00e5 tisdagskv\u00e4llen avgjordes den 40:e upplagan av Rockbj\u00f6rnen, Aftonbladet och fansens musikpris d\u00e4r svenska folket sj\u00e4lva f\u00e5r r\u00f6sta fram sina favoriter i \u00e5tta olika kategorier. Molly Sand\u00e9n blev \u00e5rets kvinnliga liveartist och tog d\u00e4rmed emot [&hellip;]<\/p>\n","protected":false},"author":12,"featured_media":0,"comment_status":"closed","ping_status":"closed","sticky":false,"template":"","format":"standard","meta":{"_genesis_hide_title":false,"_genesis_hide_breadcrumbs":false,"_genesis_hide_singular_image":false,"_genesis_hide_footer_widgets":false,"_genesis_custom_body_class":"","_genesis_custom_post_class":"","_genesis_layout":"","footnotes":""},"categories":[7,13624],"tags":[],"class_list":{"0":"post-127352","1":"post","2":"type-post","3":"status-publish","4":"format-standard","6":"category-musik","7":"category-toppnytt","8":"entry"},"_links":{"self":[{"href":"https:\/\/kulturbloggen.com\/index.php?rest_route=\/wp\/v2\/posts\/127352","targetHints":{"allow":["GET"]}}],"collection":[{"href":"https:\/\/kulturbloggen.com\/index.php?rest_route=\/wp\/v2\/posts"}],"about":[{"href":"https:\/\/kulturbloggen.com\/index.php?rest_route=\/wp\/v2\/types\/post"}],"author":[{"embeddable":true,"href":"https:\/\/kulturbloggen.com\/index.php?rest_route=\/wp\/v2\/users\/12"}],"replies":[{"embeddable":true,"href":"https:\/\/kulturbloggen.com\/index.php?rest_route=%2Fwp%2Fv2%2Fcomments&post=127352"}],"version-history":[{"count":2,"href":"https:\/\/kulturbloggen.com\/index.php?rest_route=\/wp\/v2\/posts\/127352\/revisions"}],"predecessor-version":[{"id":127361,"href":"https:\/\/kulturbloggen.com\/index.php?rest_route=\/wp\/v2\/posts\/127352\/revisions\/127361"}],"wp:attachment":[{"href":"https:\/\/kulturbloggen.com\/index.php?rest_route=%2Fwp%2Fv2%2Fmedia&parent=127352"}],"wp:term":[{"taxonomy":"category","embeddable":true,"href":"https:\/\/kulturbloggen.com\/index.php?rest_route=%2Fwp%2Fv2%2Fcategories&post=127352"},{"taxonomy":"post_tag","embeddable":true,"href":"https:\/\/kulturbloggen.com\/index.php?rest_route=%2Fwp%2Fv2%2Ftags&post=127352"}],"curies":[{"name":"wp","href":"https:\/\/api.w.org\/{rel}","templated":true}]}}