{"id":12709,"date":"2009-09-12T14:37:17","date_gmt":"2009-09-12T12:37:17","guid":{"rendered":"http:\/\/kulturbloggen.com\/?p=12709"},"modified":"2009-09-12T14:37:17","modified_gmt":"2009-09-12T12:37:17","slug":"basta-hoglasningsboken","status":"publish","type":"post","link":"https:\/\/kulturbloggen.com\/?p=12709","title":{"rendered":"B\u00e4sta h\u00f6gl\u00e4sningsboken"},"content":{"rendered":"<p><a href=\"http:\/\/sodergren.com\/kulturbloggen\/wp-content\/uploads\/2009\/09\/turesventon.jpg\"><img loading=\"lazy\" decoding=\"async\" src=\"http:\/\/sodergren.com\/kulturbloggen\/wp-content\/uploads\/2009\/09\/turesventon-207x300.jpg\" alt=\"turesventon\" title=\"turesventon\" width=\"207\" height=\"300\" class=\"aligncenter size-medium wp-image-12712\" \/><\/a><br \/>\n<a href=\"http:\/\/www.bokhora.se\/blog\/salong\/fredagsfragan\/2009\/09\/fredagsfragan-v-37-basta-hoglasningsboken\/\">Bokhora<\/a> hade en kul utmaning i fredags och fr\u00e5gade om b\u00e4sta h\u00f6gl\u00e4sningsboken.<br \/>\nJag tycker att det inte har s\u00e5 stor betydelse vilken bok det \u00e4r som vem som l\u00e4ser.<br \/>\nP\u00e5 ett bokseminarium f\u00f6r n\u00e5gra \u00e5r sedan h\u00f6rde jag Malm\u00f6-f\u00f6rfattaren Fredrik Ekelund l\u00e4sa h\u00f6gt ur sina b\u00f6cker.<\/p>\n<p>Det var helt suver\u00e4nt. Han \u00e4r en f\u00f6rfattare som verkligen \u00e4lskar att l\u00e4sa h\u00f6gt. En annan f\u00f6rfattare som deltog i dessa bokdagar l\u00e4ste ocks\u00e5 h\u00f6gt ur sin senaste bok, och det var d\u00e4remot riktigt trist att lyssna p\u00e5. S\u00e5 vad som blir bra som h\u00f6gl\u00e4sning har mest med vem som l\u00e4ser att g\u00f6ra.<\/p>\n<p>Men n\u00e4r jag var liten brukade vi l\u00e4sa h\u00f6gt hela familjen ur Ture Sventon-b\u00f6ckerna. Och det var j\u00e4ttekul och de b\u00f6ckerna passade bra att l\u00e4sa h\u00f6gt ur.<\/p>\n<p><a href=\"http:\/\/sv.wikipedia.org\/wiki\/Fredrik_Ekelund\"><br \/>\nFakta om Fredrik Ekelund i Wikipedia<\/a>:<\/p>\n<blockquote><p>Fredrik Ekelund, f\u00f6dd 20 november 1953 i Uppsala, numera bosatt i Malm\u00f6, \u00e4r en svensk f\u00f6rfattare, \u00f6vers\u00e4ttare och tolk. Familjen flyttade till Malm\u00f6 n\u00e4r Fredik var nio \u00e5r, eftersom hans far d\u00e5 f\u00e5tt en l\u00e4kartj\u00e4nst d\u00e4r. N\u00e4r Fredrik g\u00e5tt ut gymnasiet och fullgjort milit\u00e4rtj\u00e4nsten b\u00f6rjade han arbeta i Malm\u00f6 hamn och stannade d\u00e4r i fyra \u00e5r. Hans erfarenheter d\u00e4rifr\u00e5n l\u00e5g till grund f\u00f6r debutromanen &#8221;Stuv Malm\u00f6, kom!&#8221;. De f\u00f6ljande \u00e5ren \u00e4gnade Ekelund \u00e5t resor och studier i litteraturvetenskap.<\/p><\/blockquote>\n<p><a href=\"http:\/\/kulturbloggen.com\/?p=12553\">Om du vill svara p\u00e5 fler utmaningar med anknytning till b\u00f6cker kan senaste Kulturfyran vara n\u00e5got f\u00f6r dig.<\/a><\/p>\n<p>L\u00e4s \u00e4ven andra bloggares \u00e5sikter om <a href=\"http:\/\/bloggar.se\/om\/b%F6cker\" rel=\"tag\">b\u00f6cker<\/a>, <a href=\"http:\/\/bloggar.se\/om\/utmaningar.+litteratur\" rel=\"tag\">utmaningar. litteratur<\/a>, <a href=\"http:\/\/bloggar.se\/om\/kulturfyran\" rel=\"tag\">kulturfyran<\/a>, <a href=\"http:\/\/bloggar.se\/om\/utmaning\" rel=\"tag\">utmaning<\/a>, <a href=\"http:\/\/bloggar.se\/om\/bokhora\" rel=\"tag\">bokhora<\/a>, <a href=\"http:\/\/bloggar.se\/om\/Ture+Sventon\" rel=\"tag\">Ture Sventon<\/a><\/p>\n","protected":false},"excerpt":{"rendered":"<p>Bokhora hade en kul utmaning i fredags och fr\u00e5gade om b\u00e4sta h\u00f6gl\u00e4sningsboken. Jag tycker att det inte har s\u00e5 stor betydelse vilken bok det \u00e4r som vem som l\u00e4ser. P\u00e5 ett bokseminarium f\u00f6r n\u00e5gra \u00e5r sedan h\u00f6rde jag Malm\u00f6-f\u00f6rfattaren Fredrik Ekelund l\u00e4sa h\u00f6gt ur sina b\u00f6cker. Det var helt suver\u00e4nt. Han \u00e4r en f\u00f6rfattare som [&hellip;]<\/p>\n","protected":false},"author":2,"featured_media":0,"comment_status":"open","ping_status":"open","sticky":false,"template":"","format":"standard","meta":{"_genesis_hide_title":false,"_genesis_hide_breadcrumbs":false,"_genesis_hide_singular_image":false,"_genesis_hide_footer_widgets":false,"_genesis_custom_body_class":"","_genesis_custom_post_class":"","_genesis_layout":"","footnotes":""},"categories":[3],"tags":[907],"class_list":{"0":"post-12709","1":"post","2":"type-post","3":"status-publish","4":"format-standard","6":"category-litteratur","7":"tag-bocker","8":"entry"},"_links":{"self":[{"href":"https:\/\/kulturbloggen.com\/index.php?rest_route=\/wp\/v2\/posts\/12709","targetHints":{"allow":["GET"]}}],"collection":[{"href":"https:\/\/kulturbloggen.com\/index.php?rest_route=\/wp\/v2\/posts"}],"about":[{"href":"https:\/\/kulturbloggen.com\/index.php?rest_route=\/wp\/v2\/types\/post"}],"author":[{"embeddable":true,"href":"https:\/\/kulturbloggen.com\/index.php?rest_route=\/wp\/v2\/users\/2"}],"replies":[{"embeddable":true,"href":"https:\/\/kulturbloggen.com\/index.php?rest_route=%2Fwp%2Fv2%2Fcomments&post=12709"}],"version-history":[{"count":0,"href":"https:\/\/kulturbloggen.com\/index.php?rest_route=\/wp\/v2\/posts\/12709\/revisions"}],"wp:attachment":[{"href":"https:\/\/kulturbloggen.com\/index.php?rest_route=%2Fwp%2Fv2%2Fmedia&parent=12709"}],"wp:term":[{"taxonomy":"category","embeddable":true,"href":"https:\/\/kulturbloggen.com\/index.php?rest_route=%2Fwp%2Fv2%2Fcategories&post=12709"},{"taxonomy":"post_tag","embeddable":true,"href":"https:\/\/kulturbloggen.com\/index.php?rest_route=%2Fwp%2Fv2%2Ftags&post=12709"}],"curies":[{"name":"wp","href":"https:\/\/api.w.org\/{rel}","templated":true}]}}