{"id":126875,"date":"2019-08-06T00:57:10","date_gmt":"2019-08-05T23:57:10","guid":{"rendered":"https:\/\/kulturbloggen.com\/?p=126875"},"modified":"2019-08-06T15:29:17","modified_gmt":"2019-08-06T14:29:17","slug":"uppatkicken-ystad-jazzfestival-10-ars-jubilerade","status":"publish","type":"post","link":"https:\/\/kulturbloggen.com\/?p=126875","title":{"rendered":"\u00d6verv\u00e4ldigande gl\u00e4djekicken Ystad Jazzfestival 10-\u00e5rs jubilerade"},"content":{"rendered":"\n<figure class=\"wp-block-image\"><img loading=\"lazy\" decoding=\"async\" width=\"434\" height=\"650\" src=\"https:\/\/kulturbloggen.com\/wp-content\/uploads\/2019\/08\/ysjf2019_nils_landgren_tornv\u00e4ktare_190731_foto_kenny_fransson-6179.jpg\" alt=\"\" class=\"wp-image-126876\" srcset=\"https:\/\/kulturbloggen.com\/wp-content\/uploads\/2019\/08\/ysjf2019_nils_landgren_tornv\u00e4ktare_190731_foto_kenny_fransson-6179.jpg 434w, https:\/\/kulturbloggen.com\/wp-content\/uploads\/2019\/08\/ysjf2019_nils_landgren_tornv\u00e4ktare_190731_foto_kenny_fransson-6179-200x300.jpg 200w\" sizes=\"auto, (max-width: 434px) 100vw, 434px\" \/><figcaption>Nils Landgren &#8211;   foto Kenny Fransson<\/figcaption><\/figure>\n\n\n\n<p>Ystad Jazzfestival<\/p>\n\n\n\n<p>31\/7 &#8211; 4\/8 2019<\/p>\n\n\n\n<p>Kom hem p\u00e5 kv\u00e4llen dygnet efter sista tonen klingat ut fr\u00e5n Sveriges f\u00f6rn\u00e4msta jazzfestival sommartid, tillika den \u00f6verl\u00e4gset b\u00e4st arrangerade av de jag har erfarenhet av. !0-\u00e5rs jubilerande festivalen lockar media fr\u00e5n en l\u00e5ng rad l\u00e4nder och tre v\u00e4rldsdelar. F\u00f6r mig var det tredje \u00e5ret, tillika mina mest gl\u00e4djefyllda dagar under \u00e5ret. Planerar att i detta forum skriva ett antal recensionssvep, som behandlar de allra flesta av konserter jag bevittnade.<\/p>\n\n\n\n<p> Det digra, n\u00e4stan orimligt ambiti\u00f6sa programmet p\u00e5g\u00e5r fr\u00e5n tidig f\u00f6rmiddag till en bit efter midnatt. F\u00f6r mig blev det uppemot  tjugofem konserter, varav somliga inte &#8221;bevakades&#8221; fr\u00e5n b\u00f6rjan till slut. G\u00e4ller att inte f\u00f6rsumma kroppens och sj\u00e4lens behov, s\u00e5som s\u00f6mn, vila, motion, f\u00f6da, dryck och stimulerande samtal; \u00e4ven om man \u00e4r fullt upptagen med att f\u00f6rse sig med fr\u00e4scha liveakter. Egentligen helt hysterisk livekonsumtion, vilket gjorde det sv\u00e5rt att ordentligt tillgodog\u00f6ra sig sista kv\u00e4llskonserten. I \u00e5r orkade jag varken vara med om nattjam eller f\u00f6rel\u00e4sningsinriktade jazzfrukostar, trots att jag bodde bara ett par stenkast fr\u00e5n festivalcentret pittoreska Ystad Teater. D\u00e4remot s\u00e5g jag jubileumsutst\u00e4llningen p\u00e5 Konstmuseet, d\u00e4r jag s\u00e4rskilt uppskattade en samling fantastiska in &#8211; action &#8211; foton.<\/p>\n\n\n\n<p> Outtr\u00f6ttlige konstn\u00e4rlige ledaren  Jan Lundgren och hans stab, inklusive c:a 120 volont\u00e4rer har satt staden p\u00e5 kartan musikaliskt, trots att jazz i \u00f6vrigt \u00e4r en marginell f\u00f6reteelse i Ystad enligt honom. Jazzradion i P2 spelar in m\u00e5nga konserter och s\u00e4nde live under s\u00f6ndagen.  Utbudet \u00e4r v\u00e4ldigt brett och det bereds plats f\u00f6r s\u00e5v\u00e4l  konstn\u00e4rligt  nyskapande, som att en expose g\u00f6rs  \u00f6ver den breda jazzf\u00e5ran. D\u00e4rtill ges visst utrymme \u00e5t sp\u00e4nnande angr\u00e4nsande genrer.  Improviserad musik existerar sida vid sida med noterad, storband med sm\u00e5grupper, akustiska varianter med h\u00f6gteknologisk elektronik. I programmet uppst\u00e5r fruktbar friktion, knappast n\u00e5gon kan fixa  att \u00e4lska alla stilar, vilket knappast \u00e4r meningen heller.  Betr\u00e4ffande det grymt imponerande utbudet kommer stj\u00e4rnor fr\u00e5n hela v\u00e4rlden, vilka varvas med g\u00e4ster fr\u00e5n Norden och akter fr\u00e5n omgivningarna runt omkring.  Invigde programmet gjorde Peter Asplund &amp; XL Big Band, samma konstellation som genomf\u00f6rde den f\u00f6rsta konserten i festivalens historia.<\/p>\n\n\n\n<figure class=\"wp-block-image\"><img loading=\"lazy\" decoding=\"async\" width=\"650\" height=\"433\" src=\"https:\/\/kulturbloggen.com\/wp-content\/uploads\/2019\/08\/YSJF2019_Peter-Asplund-XLBigBand_06_Anna-Rylander.jpg\" alt=\"\" class=\"wp-image-126884\" srcset=\"https:\/\/kulturbloggen.com\/wp-content\/uploads\/2019\/08\/YSJF2019_Peter-Asplund-XLBigBand_06_Anna-Rylander.jpg 650w, https:\/\/kulturbloggen.com\/wp-content\/uploads\/2019\/08\/YSJF2019_Peter-Asplund-XLBigBand_06_Anna-Rylander-300x200.jpg 300w\" sizes=\"auto, (max-width: 650px) 100vw, 650px\" \/><figcaption>Peter Asplund och XL Big Band &#8211; foto Anna Rylander<\/figcaption><\/figure>\n\n\n\n<p>Mycket v\u00e4lf\u00f6rtj\u00e4nt har Ystad Sweden JazzFestival steg f\u00f6r steg jobbat sig fram till ett makal\u00f6st gott renomm\u00e9. Numera ing\u00e5r festivalen i exklusiva Five Star Festivals.  St\u00f6det fr\u00e5n Musik i Syd och sponsorer betyder mycket, liksom internationellt verksamme m\u00e4sterpianisten Jan Lundgrens kontaktn\u00e4t. Men utan or\u00e4kneligt antal nedlagda arbetstimmar av ideella krafter, hade inte en festival av s\u00e5dan h\u00e4r dignitet varit genomf\u00f6rbar. Deras v\u00e4nlighet och kompetens bidrar i h\u00f6gsta grad till den varma, inkluderande st\u00e4mning som r\u00e5der. Vi i media f\u00e5r ett otroligt fint bem\u00f6tande och suver\u00e4n service.<\/p>\n\n\n\n<p>I \u00e5r var v\u00e4dret minst lika ober\u00e4kneligt som ett solo fr\u00e5n scen kan vara. Trivsamma tillst\u00e4llningar utomhus, kan ist\u00e4llet  bli p\u00e5frestande upplevelser n\u00e4r v\u00e4dret trilskas.. N\u00e5gra evenemang  p\u00e5verkades av \u00f6sregn. Den nya spelplatsen S\u00f6vde Amfiteater fick ett skyfall p\u00e5 sig strax f\u00f6re Jill Johnson med storband skulle spela och en annan storbanskonsert fick flytta in p\u00e5 Ystad Teater.   Nyckfullt v\u00e4der som behagade \u00e4ndra skepnad utan varsel, men vi slapp fjol\u00e5rets svettiga v\u00e4rmeb\u00f6lja. Efter en av cykelturerna till lyxiga Ystad Saltsj\u00f6bad f\u00f6r att bevista konsert, hann jag ta mig ett uppfriskande dopp i havet \u00e4ven om solen inte gassade.<\/p>\n\n\n\n<figure class=\"wp-block-image\"><img loading=\"lazy\" decoding=\"async\" width=\"650\" height=\"650\" src=\"https:\/\/kulturbloggen.com\/wp-content\/uploads\/2019\/08\/67508541_10157032230231208_549961212108996608_n.jpg\" alt=\"\" class=\"wp-image-126913\" srcset=\"https:\/\/kulturbloggen.com\/wp-content\/uploads\/2019\/08\/67508541_10157032230231208_549961212108996608_n.jpg 650w, https:\/\/kulturbloggen.com\/wp-content\/uploads\/2019\/08\/67508541_10157032230231208_549961212108996608_n-150x150.jpg 150w, https:\/\/kulturbloggen.com\/wp-content\/uploads\/2019\/08\/67508541_10157032230231208_549961212108996608_n-300x300.jpg 300w\" sizes=\"auto, (max-width: 650px) 100vw, 650px\" \/><figcaption>Jan Lundgren konstn\u00e4rlig ledare, Susanne Ryd\u00e9n vd Musik i Syd samt Thomas Lantz festivalens ordf\u00f6rande &#8211; foto fr\u00e5n Jazzfestivalens facebooksida<\/figcaption><\/figure>\n\n\n\n<p>Anne Lundberg, k\u00e4nd fr\u00e5n SVT, agerade konferencier inf\u00f6r majoriteten konserter p\u00e5 Ystad Teater. Hon var p\u00e5l\u00e4st och skapade god st\u00e4mning. Annars var det i vanlig ordning konstn\u00e4rlige ledaren som tagit sig an uppgiften att presentera. Hur orkade han kan man fr\u00e5ga sig, inte minst med tanke p\u00e5 flitig medverkan som pianist. Konstn\u00e4ren Ardy Str\u00fcwer hade dels utst\u00e4llning p\u00e5 n\u00e4rbel\u00e4get galleri, dels gjort \u00e5rets festivalbild, ett konstverk vars original k\u00f6ptes genom auktionsf\u00f6rfarande f\u00f6r sextitusen kronor.<\/p>\n\n\n\n<figure class=\"wp-block-image\"><img loading=\"lazy\" decoding=\"async\" width=\"650\" height=\"434\" src=\"https:\/\/kulturbloggen.com\/wp-content\/uploads\/2019\/08\/ysjf2019_funk_off_parad_ystad_foto_kenny_fransson-4588.jpg\" alt=\"\" class=\"wp-image-126886\" srcset=\"https:\/\/kulturbloggen.com\/wp-content\/uploads\/2019\/08\/ysjf2019_funk_off_parad_ystad_foto_kenny_fransson-4588.jpg 650w, https:\/\/kulturbloggen.com\/wp-content\/uploads\/2019\/08\/ysjf2019_funk_off_parad_ystad_foto_kenny_fransson-4588-300x200.jpg 300w\" sizes=\"auto, (max-width: 650px) 100vw, 650px\" \/><figcaption>Funk Off &#8211; foto Kenny Fransson<\/figcaption><\/figure>\n\n\n\n<p> En tradition best\u00e5r i att utse ambassad\u00f6rer. I \u00e5r fungerade Fredrik Lindstr\u00f6m, Anne Sw\u00e4rd samt Marie och Gustav Mandelmann som s\u00e5dana.. Konstigt nog syntes de inte i vimlet. Traditionen f\u00f6reskriver ocks\u00e5 att festivalen s\u00e5 att s\u00e4ga bl\u00e5ses in av en tornv\u00e4ktare i S:ta Maria Kyrka. I \u00e5r var den spektakul\u00e4ra f\u00f6reteelsen popul\u00e4rare \u00e4n n\u00e5gonsin(?), tack vare att Nils Landgren ansvarade f\u00f6r den bedriften med <em>Ack V\u00e4rmeland du sk\u00f6na <\/em>som gr\u00e4dde p\u00e5 moset.. En annan tradition \u00e4r Jazzparaden i stadens centrala delar. I \u00e5r tjuvstartade den under tisdagen. I t\u00e4ten med fr\u00e4ck koreografi befann sig sv\u00e4ngiga femtonmanna marsch-bandet <em>Funk Off <\/em>fr\u00e5n Italien, en konstellation som hade konsert dagen d\u00e4rp\u00e5 vid Bergsj\u00f6holms slott, n\u00e5got jag tyv\u00e4rr missade. En ytterligare sedv\u00e4nja \u00e4r att f\u00f6rl\u00e4gga konserter till Solh\u00e4llan i L\u00f6derup, n\u00e5gra mil ifr\u00e5n festivalcentret. D\u00e4r har jag heller inte varit. Gratisspelningar under paraplyet talangutveckling p\u00e5 Ny Scen var en nyhet f\u00f6r i \u00e5r. Ett V\u00e4lkommet initiativ!<\/p>\n\n\n\n<p>Ljudtekniker gjorde en imponerande insats. P\u00e5 anrika syrefattiga Teatern, d\u00e4r man sitter lie v\u00e4l tr\u00e5ngt, l\u00e4t det oftast v\u00e4ldigt bra. Samma omd\u00f6me kan avges fr\u00e5n flertalet scener, \u00e4ven om n\u00e5gra f\u00e5 undantag existerade. 8 000 biljetter s\u00e5ldes och 11 000 bes\u00f6k gjordes p\u00e5 festivalens evenemang. \u00c5rets hedersg\u00e4st hette Benny Golson, legendarisk l\u00e5tskrivare och saxofonist vars liv st\u00e4cker sig \u00f6ver nio (!) decennier. Finns egentligen hur mucket som helst att redovisa, inte minst ett tiotal m\u00f6ten med musiker. Men kr\u00f6nikan \u00e4r redan i l\u00e4ngsta laget.<\/p>\n\n\n\n<figure class=\"wp-block-image\"><img loading=\"lazy\" decoding=\"async\" width=\"650\" height=\"650\" src=\"https:\/\/kulturbloggen.com\/wp-content\/uploads\/2019\/08\/67764940_375428493173440_464641493500428288_n.jpg\" alt=\"\" class=\"wp-image-126894\" srcset=\"https:\/\/kulturbloggen.com\/wp-content\/uploads\/2019\/08\/67764940_375428493173440_464641493500428288_n.jpg 650w, https:\/\/kulturbloggen.com\/wp-content\/uploads\/2019\/08\/67764940_375428493173440_464641493500428288_n-150x150.jpg 150w, https:\/\/kulturbloggen.com\/wp-content\/uploads\/2019\/08\/67764940_375428493173440_464641493500428288_n-300x300.jpg 300w\" sizes=\"auto, (max-width: 650px) 100vw, 650px\" \/><figcaption>Bild p\u00e5 undertecknad publicerad p\u00e5 Ystads Allehandas Instagram &#8211; fotograf Susanne Durlind<\/figcaption><\/figure>\n\n\n\n<p> Vill betona den h\u00e4rliga st\u00e4mning som uppst\u00e5r p\u00e5 \u00d6sterlen bland musiclovers. Publiken appl\u00e5derar solon, ger st\u00e5ende ovationer och h\u00e5ller inne responsen ett par sekunder efter k\u00e4nslosamma l\u00e5tslut fr\u00e5n scen. S\u00e5 effektfullt n\u00e4r luften vibrerar av f\u00f6rtrollningen.  Snacka om s\u00e4llsam samh\u00f6righet mellan publik och ut\u00f6vare p\u00e5 scen. <\/p>\n\n\n\n<p><\/p>\n\n\n\n<p><\/p>\n","protected":false},"excerpt":{"rendered":"<p>Ystad Jazzfestival 31\/7 &#8211; 4\/8 2019 Kom hem p\u00e5 kv\u00e4llen dygnet efter sista tonen klingat ut fr\u00e5n Sveriges f\u00f6rn\u00e4msta jazzfestival sommartid, tillika den \u00f6verl\u00e4gset b\u00e4st arrangerade av de jag har erfarenhet av. !0-\u00e5rs jubilerande festivalen lockar media fr\u00e5n en l\u00e5ng rad l\u00e4nder och tre v\u00e4rldsdelar. F\u00f6r mig var det tredje \u00e5ret, tillika mina mest gl\u00e4djefyllda [&hellip;]<\/p>\n","protected":false},"author":34,"featured_media":0,"comment_status":"closed","ping_status":"closed","sticky":false,"template":"","format":"standard","meta":{"_genesis_hide_title":false,"_genesis_hide_breadcrumbs":false,"_genesis_hide_singular_image":false,"_genesis_hide_footer_widgets":false,"_genesis_custom_body_class":"","_genesis_custom_post_class":"","_genesis_layout":"","footnotes":""},"categories":[44],"tags":[],"class_list":{"0":"post-126875","1":"post","2":"type-post","3":"status-publish","4":"format-standard","6":"category-chadie","7":"entry"},"_links":{"self":[{"href":"https:\/\/kulturbloggen.com\/index.php?rest_route=\/wp\/v2\/posts\/126875","targetHints":{"allow":["GET"]}}],"collection":[{"href":"https:\/\/kulturbloggen.com\/index.php?rest_route=\/wp\/v2\/posts"}],"about":[{"href":"https:\/\/kulturbloggen.com\/index.php?rest_route=\/wp\/v2\/types\/post"}],"author":[{"embeddable":true,"href":"https:\/\/kulturbloggen.com\/index.php?rest_route=\/wp\/v2\/users\/34"}],"replies":[{"embeddable":true,"href":"https:\/\/kulturbloggen.com\/index.php?rest_route=%2Fwp%2Fv2%2Fcomments&post=126875"}],"version-history":[{"count":23,"href":"https:\/\/kulturbloggen.com\/index.php?rest_route=\/wp\/v2\/posts\/126875\/revisions"}],"predecessor-version":[{"id":126916,"href":"https:\/\/kulturbloggen.com\/index.php?rest_route=\/wp\/v2\/posts\/126875\/revisions\/126916"}],"wp:attachment":[{"href":"https:\/\/kulturbloggen.com\/index.php?rest_route=%2Fwp%2Fv2%2Fmedia&parent=126875"}],"wp:term":[{"taxonomy":"category","embeddable":true,"href":"https:\/\/kulturbloggen.com\/index.php?rest_route=%2Fwp%2Fv2%2Fcategories&post=126875"},{"taxonomy":"post_tag","embeddable":true,"href":"https:\/\/kulturbloggen.com\/index.php?rest_route=%2Fwp%2Fv2%2Ftags&post=126875"}],"curies":[{"name":"wp","href":"https:\/\/api.w.org\/{rel}","templated":true}]}}