{"id":126842,"date":"2019-08-02T14:40:39","date_gmt":"2019-08-02T13:40:39","guid":{"rendered":"https:\/\/kulturbloggen.com\/?p=126842"},"modified":"2019-08-02T14:40:40","modified_gmt":"2019-08-02T13:40:40","slug":"lyssna-deportees-covered-in-dreams","status":"publish","type":"post","link":"https:\/\/kulturbloggen.com\/?p=126842","title":{"rendered":"Lyssna: Deportees &#8211; Covered in Dreams"},"content":{"rendered":"<p><img loading=\"lazy\" decoding=\"async\" class=\"aligncenter size-full wp-image-126846\" src=\"https:\/\/kulturbloggen.com\/wp-content\/uploads\/2019\/08\/3.-Deportees-by-Elin-Berge12.jpg\" alt=\"\" width=\"650\" height=\"433\" srcset=\"https:\/\/kulturbloggen.com\/wp-content\/uploads\/2019\/08\/3.-Deportees-by-Elin-Berge12.jpg 650w, https:\/\/kulturbloggen.com\/wp-content\/uploads\/2019\/08\/3.-Deportees-by-Elin-Berge12-300x200.jpg 300w\" sizes=\"auto, (max-width: 650px) 100vw, 650px\" \/> <img loading=\"lazy\" decoding=\"async\" class=\"aligncenter size-full wp-image-126847\" src=\"https:\/\/kulturbloggen.com\/wp-content\/uploads\/2019\/08\/image001.png\" alt=\"\" width=\"553\" height=\"553\" srcset=\"https:\/\/kulturbloggen.com\/wp-content\/uploads\/2019\/08\/image001.png 553w, https:\/\/kulturbloggen.com\/wp-content\/uploads\/2019\/08\/image001-150x150.png 150w, https:\/\/kulturbloggen.com\/wp-content\/uploads\/2019\/08\/image001-300x300.png 300w\" sizes=\"auto, (max-width: 553px) 100vw, 553px\" \/><\/p>\n<p>Deportees har nu sl\u00e4ppt &#8217;Covered In Dreams&#8217;, f\u00f6rsta singeln fr\u00e5n deras kommande sj\u00e4tte album \u2019All Future\u2019 (11 oktober).<br \/>\nDet \u00e4r fyra \u00e5r sedan det senaste Grammis-vinnande albumet \u2019The Big Sleep\u2019 sl\u00e4pptes och efter v\u00e5rens hyllade EP &#8217;Re-dreaming&#8217; har det nu blivit dags f\u00f6r n\u00e4sta kapitel. Deporteeshar i sommar hittills spelat p\u00e5 utvalda festivaler, men kvar \u00e4r spelningen p\u00e5 Way Out West\/Stay Out West den 10 augusti samt den egna spelningen p\u00e5 Tr\u00e4dg\u00e5rden i Stockholm den 14 augusti.<\/p>\n<p><iframe loading=\"lazy\" src=\"https:\/\/open.spotify.com\/embed\/album\/2eIomPvAf31VbQsrU4kwpw\" width=\"300\" height=\"380\" frameborder=\"0\"><\/iframe><\/p>\n","protected":false},"excerpt":{"rendered":"<p>Deportees har nu sl\u00e4ppt &#8217;Covered In Dreams&#8217;, f\u00f6rsta singeln fr\u00e5n deras kommande sj\u00e4tte album \u2019All Future\u2019 (11 oktober). Det \u00e4r fyra \u00e5r sedan det senaste Grammis-vinnande albumet \u2019The Big Sleep\u2019 sl\u00e4pptes och efter v\u00e5rens hyllade EP &#8217;Re-dreaming&#8217; har det nu blivit dags f\u00f6r n\u00e4sta kapitel. Deporteeshar i sommar hittills spelat p\u00e5 utvalda festivaler, men kvar [&hellip;]<\/p>\n","protected":false},"author":13,"featured_media":0,"comment_status":"closed","ping_status":"closed","sticky":false,"template":"","format":"standard","meta":{"_genesis_hide_title":false,"_genesis_hide_breadcrumbs":false,"_genesis_hide_singular_image":false,"_genesis_hide_footer_widgets":false,"_genesis_custom_body_class":"","_genesis_custom_post_class":"","_genesis_layout":"","footnotes":""},"categories":[7,13624],"tags":[],"class_list":{"0":"post-126842","1":"post","2":"type-post","3":"status-publish","4":"format-standard","6":"category-musik","7":"category-toppnytt","8":"entry"},"_links":{"self":[{"href":"https:\/\/kulturbloggen.com\/index.php?rest_route=\/wp\/v2\/posts\/126842","targetHints":{"allow":["GET"]}}],"collection":[{"href":"https:\/\/kulturbloggen.com\/index.php?rest_route=\/wp\/v2\/posts"}],"about":[{"href":"https:\/\/kulturbloggen.com\/index.php?rest_route=\/wp\/v2\/types\/post"}],"author":[{"embeddable":true,"href":"https:\/\/kulturbloggen.com\/index.php?rest_route=\/wp\/v2\/users\/13"}],"replies":[{"embeddable":true,"href":"https:\/\/kulturbloggen.com\/index.php?rest_route=%2Fwp%2Fv2%2Fcomments&post=126842"}],"version-history":[{"count":4,"href":"https:\/\/kulturbloggen.com\/index.php?rest_route=\/wp\/v2\/posts\/126842\/revisions"}],"predecessor-version":[{"id":126848,"href":"https:\/\/kulturbloggen.com\/index.php?rest_route=\/wp\/v2\/posts\/126842\/revisions\/126848"}],"wp:attachment":[{"href":"https:\/\/kulturbloggen.com\/index.php?rest_route=%2Fwp%2Fv2%2Fmedia&parent=126842"}],"wp:term":[{"taxonomy":"category","embeddable":true,"href":"https:\/\/kulturbloggen.com\/index.php?rest_route=%2Fwp%2Fv2%2Fcategories&post=126842"},{"taxonomy":"post_tag","embeddable":true,"href":"https:\/\/kulturbloggen.com\/index.php?rest_route=%2Fwp%2Fv2%2Ftags&post=126842"}],"curies":[{"name":"wp","href":"https:\/\/api.w.org\/{rel}","templated":true}]}}