{"id":126719,"date":"2019-07-23T09:46:45","date_gmt":"2019-07-23T08:46:45","guid":{"rendered":"https:\/\/kulturbloggen.com\/?p=126719"},"modified":"2019-07-23T09:48:04","modified_gmt":"2019-07-23T08:48:04","slug":"jazz-i-parken-firar-fem-ar-med-gratis-festival-i-stockholm-den-28-juli","status":"publish","type":"post","link":"https:\/\/kulturbloggen.com\/?p=126719","title":{"rendered":"Jazz i Parken firar fem \u00e5r med gratis festival i Stockholm den 28 juli"},"content":{"rendered":"<p><img loading=\"lazy\" decoding=\"async\" class=\"aligncenter size-full wp-image-126725\" src=\"https:\/\/kulturbloggen.com\/wp-content\/uploads\/2019\/07\/unnamed-11.jpg\" alt=\"\" width=\"650\" height=\"650\" srcset=\"https:\/\/kulturbloggen.com\/wp-content\/uploads\/2019\/07\/unnamed-11.jpg 650w, https:\/\/kulturbloggen.com\/wp-content\/uploads\/2019\/07\/unnamed-11-150x150.jpg 150w, https:\/\/kulturbloggen.com\/wp-content\/uploads\/2019\/07\/unnamed-11-300x300.jpg 300w\" sizes=\"auto, (max-width: 650px) 100vw, 650px\" \/><\/p>\n<p>Jazz i Parken 2019 \u00e4r p\u00e5 v\u00e4g till Stockholm till den vackra Gal\u00e4rparken f\u00f6r att fira fem \u00e5r. Fri entr\u00e9.<\/p>\n<p>Ett pressmeddelande ber\u00e4ttar:<br \/>\nDen 28:e juli presenterar vi den 5e \u00e5rsjubileum med barnf\u00f6rest\u00e4llning, instrumentprovning och prova p\u00e5, konsert med nordiska ton\u00e5ringar och n\u00e5gra av dem mest intressanta namn inom jazz branschen. FRI ENTR\u00c9 \ud83d\udc9a Alla \u00e4r v\u00e4lkomna!<\/p>\n<p>Jazz i Parken \u00e4r en familjeorienterad festival med fri entr\u00e9 och picknick-k\u00e4nsla. Det blir konserter p\u00e5 Parkteaterns scen men ocks\u00e5 ett barnprogram med konserter och workshops p\u00e5 barn t\u00e4lt, d\u00e4r alla f\u00e5 testa typiska jazz instrumenten. Missa inte! Ta dina v\u00e4nner, familjen och hundar!<\/p>\n<p>Jazz i Parken 2019 \u2013 5\u00e5rs Jubileum 15:00 &#8211; 20:30<\/p>\n<p>\ud83c\udf3f15.05-15.45 P\u00e5 scen: Improbasen &#8211; Kids play Jazz<\/p>\n<p>Ton\u00e5ringar musiker fr\u00e5n Danmark, Norge och Sverige spelar tillsammans!<\/p>\n<p>\ud83c\udf3f15:45-16:00 Instrument provning med Fri Luft<\/p>\n<p>Barn och familjer till barn t\u00e4lt f\u00f6r prova p\u00e5 bl\u00e5sinstrumenter samt delta p\u00e5 workshopen.<\/p>\n<p>\ud83c\udf3f16.00-16:45 Barnkonsert med Swing Tarturo!<\/p>\n<p>Swing-bip bop p\u00e5 svenska !<\/p>\n<p>\ud83c\udf3f16.45-17.00 Instrument provning med Fri Luft<\/p>\n<p>Barn och familjer till barn t\u00e4lt f\u00f6r prova p\u00e5 bl\u00e5sinstrumenter samt delta p\u00e5 workshopen.<\/p>\n<p>\ud83c\udf3f17.00-18.00 P\u00e5 scen: M\u00e5ns Persson\u00b4s Petit Big Band<\/p>\n<p>Franska chansons, genuina swing\u00f6rh\u00e4ngen, brasiliansk bossa nova, Gypsy Jazz och svenska bitar som inte n\u00f6ts ut \u00e4nnu.<\/p>\n<p>\ud83c\udf3f18.15-19.15 P\u00e5 scen: Hannah Tolf Band<\/p>\n<p>Musik i gr\u00e4nslandet mellan jazz, pop och experimentellt, i andan av Patrick Watson, Nina Simone och Mercedes Sousa. Obligatorisk!<\/p>\n<p>\ud83c\udf3f19.30-20.30 P\u00e5 scen: MusicMusicMusic<\/p>\n<p>Hyllad pianotrio och pionj\u00e4rer p\u00e5 den svenska indie-jazzscenen med hundratals konserter i alla v\u00e4rldsdelar.<\/p>\n<p>\ud83d\udc69\ud83c\udfa8 ART MARKET<\/p>\n<p>Fr\u00e4msta lokala konstn\u00e4rerna med vacker keramik, illustrationer, ekologiska kl\u00e4der, smycken och mer!<\/p>\n","protected":false},"excerpt":{"rendered":"<p>Jazz i Parken 2019 \u00e4r p\u00e5 v\u00e4g till Stockholm till den vackra Gal\u00e4rparken f\u00f6r att fira fem \u00e5r. Fri entr\u00e9. Ett pressmeddelande ber\u00e4ttar: Den 28:e juli presenterar vi den 5e \u00e5rsjubileum med barnf\u00f6rest\u00e4llning, instrumentprovning och prova p\u00e5, konsert med nordiska ton\u00e5ringar och n\u00e5gra av dem mest intressanta namn inom jazz branschen. FRI ENTR\u00c9 \ud83d\udc9a Alla [&hellip;]<\/p>\n","protected":false},"author":13,"featured_media":0,"comment_status":"closed","ping_status":"closed","sticky":false,"template":"","format":"standard","meta":{"_genesis_hide_title":false,"_genesis_hide_breadcrumbs":false,"_genesis_hide_singular_image":false,"_genesis_hide_footer_widgets":false,"_genesis_custom_body_class":"","_genesis_custom_post_class":"","_genesis_layout":"","footnotes":""},"categories":[7,20,13624],"tags":[],"class_list":{"0":"post-126719","1":"post","2":"type-post","3":"status-publish","4":"format-standard","6":"category-musik","7":"category-film","8":"category-toppnytt","9":"entry"},"_links":{"self":[{"href":"https:\/\/kulturbloggen.com\/index.php?rest_route=\/wp\/v2\/posts\/126719","targetHints":{"allow":["GET"]}}],"collection":[{"href":"https:\/\/kulturbloggen.com\/index.php?rest_route=\/wp\/v2\/posts"}],"about":[{"href":"https:\/\/kulturbloggen.com\/index.php?rest_route=\/wp\/v2\/types\/post"}],"author":[{"embeddable":true,"href":"https:\/\/kulturbloggen.com\/index.php?rest_route=\/wp\/v2\/users\/13"}],"replies":[{"embeddable":true,"href":"https:\/\/kulturbloggen.com\/index.php?rest_route=%2Fwp%2Fv2%2Fcomments&post=126719"}],"version-history":[{"count":4,"href":"https:\/\/kulturbloggen.com\/index.php?rest_route=\/wp\/v2\/posts\/126719\/revisions"}],"predecessor-version":[{"id":126726,"href":"https:\/\/kulturbloggen.com\/index.php?rest_route=\/wp\/v2\/posts\/126719\/revisions\/126726"}],"wp:attachment":[{"href":"https:\/\/kulturbloggen.com\/index.php?rest_route=%2Fwp%2Fv2%2Fmedia&parent=126719"}],"wp:term":[{"taxonomy":"category","embeddable":true,"href":"https:\/\/kulturbloggen.com\/index.php?rest_route=%2Fwp%2Fv2%2Fcategories&post=126719"},{"taxonomy":"post_tag","embeddable":true,"href":"https:\/\/kulturbloggen.com\/index.php?rest_route=%2Fwp%2Fv2%2Ftags&post=126719"}],"curies":[{"name":"wp","href":"https:\/\/api.w.org\/{rel}","templated":true}]}}