{"id":126566,"date":"2019-07-14T08:30:51","date_gmt":"2019-07-14T07:30:51","guid":{"rendered":"https:\/\/kulturbloggen.com\/?p=126566"},"modified":"2019-07-14T08:30:52","modified_gmt":"2019-07-14T07:30:52","slug":"lyssna-vargen-hemlos","status":"publish","type":"post","link":"https:\/\/kulturbloggen.com\/?p=126566","title":{"rendered":"Lyssna:  Vargen &#8211; Heml\u00f6s"},"content":{"rendered":"<p><img loading=\"lazy\" decoding=\"async\" class=\"aligncenter size-full wp-image-126570\" src=\"https:\/\/kulturbloggen.com\/wp-content\/uploads\/2019\/07\/HemlA\u0303\u00b6sEPVargencovertitlarsmall.jpg\" alt=\"\" width=\"500\" height=\"500\" srcset=\"https:\/\/kulturbloggen.com\/wp-content\/uploads\/2019\/07\/HemlA\u0303\u00b6sEPVargencovertitlarsmall.jpg 500w, https:\/\/kulturbloggen.com\/wp-content\/uploads\/2019\/07\/HemlA\u0303\u00b6sEPVargencovertitlarsmall-150x150.jpg 150w, https:\/\/kulturbloggen.com\/wp-content\/uploads\/2019\/07\/HemlA\u0303\u00b6sEPVargencovertitlarsmall-300x300.jpg 300w\" sizes=\"auto, (max-width: 500px) 100vw, 500px\" \/><\/p>\n<p>I k\u00f6lvattnet fr\u00e5n lovorden utomlands f\u00f6r sina svenska tolkningar av Bob Dylan sl\u00e4pper Vargen EP:n \u201dHeml\u00f6s\u201d. Skivan best\u00e5r av tre singlar fr\u00e5n Vargens debutplatta som bestod av nya tons\u00e4ttningar till dikter av Dan Andersson (1888-1920), och titelsp\u00e5ret sl\u00e4pps som ny radiosingel och musikvideo fredag 19 augusti.<\/p>\n<p>&#8211; Mixen mellan v\u00e5ra l\u00e5tar i folk- och americanastil och Dan Anderssons naturlyriska outsiderpoesi om tjuvskyttar, avf\u00e4llingar och m\u00f6rdare blir n\u00e4rmast en svensk motsvarighet till den v\u00e4rld som kallas \u201dThe Old, Weird America\u201d, d\u00e4r Bob Dylans \u201dBasement Tapes\u201d mestadels utspelas, s\u00e4ger Reine Johansson, den hall\u00e4ndske singer-songwritern som ligger bakom artistnamnet Vargen i ett pressmeddelande.<\/p>\n<p>Vargen g\u00e5r under sommaren och h\u00f6sten in i studion f\u00f6r att spela in engelska \u00f6vers\u00e4ttningar till Dan Anderssons dikter. Release ber\u00e4knas till januari.<\/p>\n<p>H\u00e4r spelar Vargen live (fler speldatum f\u00f6r \u00f6vriga landet tillkommer, se vargen.net f\u00f6r uppdateringar): Hotell Tyleb\u00e4ck, Halmstad 25\/7, Invigning Kungs\u00e4ters Nya Bibliotek 24\/8, F\u00f6rsamlingsg\u00e5rden, Harplinge 9\/9, Husknuten, Halmstad 24\/9, Stationen, Norsesund, Alings\u00e5s 12\/10, Varbergs Teater 1\/11, Varbergs kyrka v\u00e4lg\u00f6renhetskonsert Anh\u00f6rigas Riksf\u00f6rbund 16\/11, Folk Alliance International, New Orleans (prel) 22-26\/1, SXSW, Austin (prel) 13-22\/3.<\/p>\n<p><iframe loading=\"lazy\" src=\"https:\/\/open.spotify.com\/embed\/album\/0DQa4COkiLqUd4jEh9ZTmL\" width=\"300\" height=\"380\" frameborder=\"0\"><\/iframe><\/p>\n","protected":false},"excerpt":{"rendered":"<p>I k\u00f6lvattnet fr\u00e5n lovorden utomlands f\u00f6r sina svenska tolkningar av Bob Dylan sl\u00e4pper Vargen EP:n \u201dHeml\u00f6s\u201d. Skivan best\u00e5r av tre singlar fr\u00e5n Vargens debutplatta som bestod av nya tons\u00e4ttningar till dikter av Dan Andersson (1888-1920), och titelsp\u00e5ret sl\u00e4pps som ny radiosingel och musikvideo fredag 19 augusti. &#8211; Mixen mellan v\u00e5ra l\u00e5tar i folk- och americanastil [&hellip;]<\/p>\n","protected":false},"author":2,"featured_media":0,"comment_status":"closed","ping_status":"closed","sticky":false,"template":"","format":"standard","meta":{"_genesis_hide_title":false,"_genesis_hide_breadcrumbs":false,"_genesis_hide_singular_image":false,"_genesis_hide_footer_widgets":false,"_genesis_custom_body_class":"","_genesis_custom_post_class":"","_genesis_layout":"","footnotes":""},"categories":[7,13624],"tags":[3387],"class_list":{"0":"post-126566","1":"post","2":"type-post","3":"status-publish","4":"format-standard","6":"category-musik","7":"category-toppnytt","8":"tag-lyssna","9":"entry"},"_links":{"self":[{"href":"https:\/\/kulturbloggen.com\/index.php?rest_route=\/wp\/v2\/posts\/126566","targetHints":{"allow":["GET"]}}],"collection":[{"href":"https:\/\/kulturbloggen.com\/index.php?rest_route=\/wp\/v2\/posts"}],"about":[{"href":"https:\/\/kulturbloggen.com\/index.php?rest_route=\/wp\/v2\/types\/post"}],"author":[{"embeddable":true,"href":"https:\/\/kulturbloggen.com\/index.php?rest_route=\/wp\/v2\/users\/2"}],"replies":[{"embeddable":true,"href":"https:\/\/kulturbloggen.com\/index.php?rest_route=%2Fwp%2Fv2%2Fcomments&post=126566"}],"version-history":[{"count":4,"href":"https:\/\/kulturbloggen.com\/index.php?rest_route=\/wp\/v2\/posts\/126566\/revisions"}],"predecessor-version":[{"id":126571,"href":"https:\/\/kulturbloggen.com\/index.php?rest_route=\/wp\/v2\/posts\/126566\/revisions\/126571"}],"wp:attachment":[{"href":"https:\/\/kulturbloggen.com\/index.php?rest_route=%2Fwp%2Fv2%2Fmedia&parent=126566"}],"wp:term":[{"taxonomy":"category","embeddable":true,"href":"https:\/\/kulturbloggen.com\/index.php?rest_route=%2Fwp%2Fv2%2Fcategories&post=126566"},{"taxonomy":"post_tag","embeddable":true,"href":"https:\/\/kulturbloggen.com\/index.php?rest_route=%2Fwp%2Fv2%2Ftags&post=126566"}],"curies":[{"name":"wp","href":"https:\/\/api.w.org\/{rel}","templated":true}]}}