{"id":126509,"date":"2019-07-11T16:46:06","date_gmt":"2019-07-11T15:46:06","guid":{"rendered":"https:\/\/kulturbloggen.com\/?p=126509"},"modified":"2019-07-11T16:46:08","modified_gmt":"2019-07-11T15:46:08","slug":"lisa-ekdahl-far-sjosalapriset","status":"publish","type":"post","link":"https:\/\/kulturbloggen.com\/?p=126509","title":{"rendered":"Lisa Ekdahl f\u00e5r Sj\u00f6salapriset"},"content":{"rendered":"<p><img loading=\"lazy\" decoding=\"async\" class=\"aligncenter size-full wp-image-126512\" src=\"https:\/\/kulturbloggen.com\/wp-content\/uploads\/2019\/07\/unnamed-2.jpg\" alt=\"\" width=\"600\" height=\"289\" srcset=\"https:\/\/kulturbloggen.com\/wp-content\/uploads\/2019\/07\/unnamed-2.jpg 600w, https:\/\/kulturbloggen.com\/wp-content\/uploads\/2019\/07\/unnamed-2-300x145.jpg 300w\" sizes=\"auto, (max-width: 600px) 100vw, 600px\" \/><\/p>\n<p>En av v\u00e5ra mest folkk\u00e4ra artister \u00e4r \u00e5rets mottagare av det \u00e4rofyllda Sj\u00f6salapriset! Lisa Ekdahl \u00e5kte under v\u00e5ren p\u00e5 en hyllad jubileumsturn\u00e9 f\u00f6r att fira 25 \u00e5r som artist, skriver ett pressmeddelande:<\/p>\n<p>\u201dMed egensinnig lyrik och unik r\u00f6st har Lisa Ekdahl under 25 \u00e5r varsamt skapat eget rum\u201d, lyder en del av motiveringen till \u00e5rets mottagare. Sj\u00f6salapriset delas varje \u00e5r ut av Evert Taubestiftelsen och har tidigare g\u00e5tt till H\u00e5kan Hellstr\u00f6m och Siw Malmkvist.<\/p>\n<p>Under v\u00e5ren \u00e5kte Lisa p\u00e5 en jubileumsturn\u00e9 f\u00f6r att fira klassikern \u201dVem Vet\u201d som fyller 25 \u00e5r och avslutades p\u00e5 ett uts\u00e5lt Cirkus i Stockholm. I sommar forts\u00e4tter firandet d\u00e5 hon framtr\u00e4der p\u00e5 utvalda scener i landet och den 11 augusti spelar hon p\u00e5 Mosebacketerrassens fantastiska utomhusscen f\u00f6r en magisk spelning.<\/p>\n<p>Datum:<br \/>\n11\/7 Tr\u00e4dg\u00e5rdsscenen, Ljusdal<br \/>\n12\/7 Brunnsg\u00e5rden, Sala<br \/>\n13\/7 Stadstr\u00e4dg\u00e5rden, \u00d6rebro<br \/>\n2\/8 Halltorps Tr\u00e4dg\u00e5rd, Borgholm<br \/>\n3\/8 Storsj\u00f6yran, \u00d6stersund<br \/>\n8\/8 Stelors Lada, Gotland<br \/>\n11\/8 Mosebacketerrassen, Stockholm<\/p>\n","protected":false},"excerpt":{"rendered":"<p>En av v\u00e5ra mest folkk\u00e4ra artister \u00e4r \u00e5rets mottagare av det \u00e4rofyllda Sj\u00f6salapriset! Lisa Ekdahl \u00e5kte under v\u00e5ren p\u00e5 en hyllad jubileumsturn\u00e9 f\u00f6r att fira 25 \u00e5r som artist, skriver ett pressmeddelande: \u201dMed egensinnig lyrik och unik r\u00f6st har Lisa Ekdahl under 25 \u00e5r varsamt skapat eget rum\u201d, lyder en del av motiveringen till \u00e5rets [&hellip;]<\/p>\n","protected":false},"author":13,"featured_media":0,"comment_status":"closed","ping_status":"closed","sticky":false,"template":"","format":"standard","meta":{"_genesis_hide_title":false,"_genesis_hide_breadcrumbs":false,"_genesis_hide_singular_image":false,"_genesis_hide_footer_widgets":false,"_genesis_custom_body_class":"","_genesis_custom_post_class":"","_genesis_layout":"","footnotes":""},"categories":[7,13624],"tags":[],"class_list":{"0":"post-126509","1":"post","2":"type-post","3":"status-publish","4":"format-standard","6":"category-musik","7":"category-toppnytt","8":"entry"},"_links":{"self":[{"href":"https:\/\/kulturbloggen.com\/index.php?rest_route=\/wp\/v2\/posts\/126509","targetHints":{"allow":["GET"]}}],"collection":[{"href":"https:\/\/kulturbloggen.com\/index.php?rest_route=\/wp\/v2\/posts"}],"about":[{"href":"https:\/\/kulturbloggen.com\/index.php?rest_route=\/wp\/v2\/types\/post"}],"author":[{"embeddable":true,"href":"https:\/\/kulturbloggen.com\/index.php?rest_route=\/wp\/v2\/users\/13"}],"replies":[{"embeddable":true,"href":"https:\/\/kulturbloggen.com\/index.php?rest_route=%2Fwp%2Fv2%2Fcomments&post=126509"}],"version-history":[{"count":3,"href":"https:\/\/kulturbloggen.com\/index.php?rest_route=\/wp\/v2\/posts\/126509\/revisions"}],"predecessor-version":[{"id":126513,"href":"https:\/\/kulturbloggen.com\/index.php?rest_route=\/wp\/v2\/posts\/126509\/revisions\/126513"}],"wp:attachment":[{"href":"https:\/\/kulturbloggen.com\/index.php?rest_route=%2Fwp%2Fv2%2Fmedia&parent=126509"}],"wp:term":[{"taxonomy":"category","embeddable":true,"href":"https:\/\/kulturbloggen.com\/index.php?rest_route=%2Fwp%2Fv2%2Fcategories&post=126509"},{"taxonomy":"post_tag","embeddable":true,"href":"https:\/\/kulturbloggen.com\/index.php?rest_route=%2Fwp%2Fv2%2Ftags&post=126509"}],"curies":[{"name":"wp","href":"https:\/\/api.w.org\/{rel}","templated":true}]}}