{"id":126464,"date":"2019-07-09T09:48:31","date_gmt":"2019-07-09T08:48:31","guid":{"rendered":"https:\/\/kulturbloggen.com\/?p=126464"},"modified":"2019-07-09T09:48:32","modified_gmt":"2019-07-09T08:48:32","slug":"rockbjornen-fyller-40-har-ar-arets-finalister","status":"publish","type":"post","link":"https:\/\/kulturbloggen.com\/?p=126464","title":{"rendered":"Rockbj\u00f6rnen fyller 40 &#8211; h\u00e4r \u00e4r \u00e5rets finalister"},"content":{"rendered":"<figure id=\"attachment_126467\" aria-describedby=\"caption-attachment-126467\" style=\"width: 576px\" class=\"wp-caption aligncenter\"><img loading=\"lazy\" decoding=\"async\" class=\"size-full wp-image-126467\" src=\"https:\/\/kulturbloggen.com\/wp-content\/uploads\/2019\/07\/unnamed.jpg\" alt=\"\" width=\"576\" height=\"384\" srcset=\"https:\/\/kulturbloggen.com\/wp-content\/uploads\/2019\/07\/unnamed.jpg 576w, https:\/\/kulturbloggen.com\/wp-content\/uploads\/2019\/07\/unnamed-300x200.jpg 300w\" sizes=\"auto, (max-width: 576px) 100vw, 576px\" \/><figcaption id=\"caption-attachment-126467\" class=\"wp-caption-text\"><em>Miriam Bryant, en av de nominerade finalisterna i \u00e5rets Rockbj\u00f6rnen.<\/em><\/figcaption><\/figure>\n<p><strong>1979 delades de f\u00f6rsta Rockbj\u00f6rnarna ut. D\u00e5 var det Wizex, Ulf Lundell och Dire Straits som vann svenska folkets hj\u00e4rtan. 2019 hittar vi bland annat Hov1, Miriam Bryant och Molly Sand\u00e9n bland finalisterna.<\/strong><\/p>\n<p>Ett pressmeddelande ber\u00e4ttar:<br \/>\n\u2013 Tack f\u00f6r att ni nominerat mig till \u00e5rets svenska kvinnliga artist! K\u00e4nns helt sjukt fint!, s\u00e4ger Molly Sand\u00e9n.<\/p>\n<p>P\u00e5 s\u00f6ndagen st\u00e4ngde nomineringarna till 2019 \u00e5rs Rockbj\u00f6rnen, Aftonbladet och fansens musikpris, d\u00e4r svenska folket sj\u00e4lva f\u00e5r nominera sina favoriter i \u00e5tta olika kategorier. Finalomro\u0308stningen startar i dag den 9 juli och pa\u030aga\u030ar fram till den 10 augusti pa\u030a rockbjornen.se. Da\u030a avgo\u0308r svenska folket vilka som vinner de a\u030atra\u030ava\u0308rda Rockbjo\u0308rnenstatyetterna.<\/p>\n<p>Samtidigt fyller Rockbj\u00f6rnen 40 \u00e5r i \u00e5r och totalt har 338 rockbj\u00f6rnar delats ut sedan 1979 d\u00e5 priset f\u00f6rsta g\u00e5ngen delades ut. F\u00f6rra \u00e5ret var det Hov1 som tog hem flest statyetter, ocks\u00e5 i \u00e5r har Hov1 flest nomineringar, hela fem stycken i kategorierna \u00c5rets konsert, \u00c5rets grupp, \u00c5rets fans och \u00c5rets svenska l\u00e5t, d\u00e4r gruppen har tv\u00e5 l\u00e5tar nominerade.<\/p>\n<p>Felix Sandman som stod f\u00f6r f\u00f6rra \u00e5rets \u201d\u00c5rets genombrott\u201d \u00e4r i \u00e5r nominerad i tre kategorier.<\/p>\n<p>\u2013 Otroligt fin k\u00e4nsla att f\u00e5 dessa nomineringar f\u00f6r \u00c5rets Rockbj\u00f6rn! Tusen tack till mina k\u00e4ra fans f\u00f6r att ni g\u00f6r detta tillsammans med mig!\u201d<\/p>\n<p>Andra nominerade i \u00e5r \u00e4r Benjamin Ingrosso och gruppen LBSB.<\/p>\n<p>\u2013 K\u00e4nns s\u00e5 sjukt kul att vara nominerad i flera kategorier f\u00f6r \u00c5rets Rockbj\u00f6rn! Stort tack till dem b\u00e4sta fansen f\u00f6r att jag f\u00f6r g\u00f6ra det jag \u00e4lskar tillsammans med er, s\u00e4ger Benjamin Ingrosso<\/p>\n<p>LBSB \u00e4r nominerad som \u00e5rets livegrupp:<br \/>\n\u2013 Grymt najs med en f\u00f6rsta nominering till Rockbj\u00f6rnen! Att det g\u00e4ller just \u00e5rets livegrupp \u00e4r sjukt kul eftersom det \u00e4r n\u00e5got vi l\u00e4gger mycket stolthet i. Vi blir ju ofta f\u00f6rknippade med energi, och energi p\u00e5 scenen \u00e4r n\u00e5got man skapar tillsammans med fansen, s\u00e5 tack som fan f\u00f6r alla r\u00f6ster, utan er, inget vi! s\u00e4ger gruppen i ett uttalande.<\/p>\n<p>Priserna delas ut pa\u030a sommarens sto\u0308rsta musikfest \u2013 Rockbjo\u0308rnen i Kungstra\u0308dga\u030arden den 13 augusti. Fo\u0308r femte a\u030aret i rad arrangeras Rockbjo\u0308rnen i samarbete med ungdomsfestivalen We Are Sthlm, som varje \u00e5r lockar \u00f6ver 160 000 bes\u00f6kare.<\/p>\n<p>\u2013 Engagemanget har varit fantastiskt. Rockbj\u00f6rnen \u00e4r fortfarande Sveriges stora fanpris och ett riktigt kvitto p\u00e5 vilka artister som samlar de dedikerade fansen, medan andra musikpris l\u00e5ter juryer och experter best\u00e4mma. Och nu har fansen sagt sitt, men segerstriden \u00e4r l\u00e5ngt ifr\u00e5n avklarad, s\u00e4ger Andreas Hansson, tf n\u00f6jeschef p\u00e5 Aftonbladet.<\/p>\n<p><strong>Samtliga nomimerade finalister i Rockbjo\u0308rnen 2019<\/strong><\/p>\n<p><em>\u00c5rets kvinnliga liveartist<\/em><\/p>\n<p>Laleh<\/p>\n<p>Miriam Bryant<\/p>\n<p>Molly Sand\u00e9n<\/p>\n<p>Zara Larsson<\/p>\n<p>Veronica Maggio<\/p>\n<p><em>\u00c5rets manliga liveartist<\/em><\/p>\n<p>Benjamin Ingrosso<\/p>\n<p>Emil Asserg\u00e5rd<\/p>\n<p>Felix Sandman<\/p>\n<p>Fricky<\/p>\n<p>Jireel<\/p>\n<p><em>\u00c5rets livegrupp<\/em><\/p>\n<p>Hov1<\/p>\n<p>LBSB<\/p>\n<p>Mares<\/p>\n<p>Norlie &amp; KKV<\/p>\n<p>Swedish House Mafia<\/p>\n<p><em>\u00c5rets genombrott<\/em><\/p>\n<p>Anis Don Demina<\/p>\n<p>Bishara<\/p>\n<p>Ein\u00e1r<\/p>\n<p>Victor Leksell<\/p>\n<p>William Segerdahl<\/p>\n<p><em>\u00c5rets svenska l\u00e5t<\/em><\/p>\n<p>Avicii: \u201dSOS\u201d<\/p>\n<p>Ein\u00e1r: \u201dKatten i trakten\u201d<\/p>\n<p>Hov1: \u201dD\u00f6 ung\u201d<\/p>\n<p>Hov1: \u201dVindar p\u00e5 mars\u201d<\/p>\n<p>Victor Leksell: \u201dTappat\u201d<\/p>\n<p><em>\u00c5rets utl\u00e4ndska l\u00e5t<\/em><\/p>\n<p>Ariana Grande: \u201d7 rings\u201d<\/p>\n<p>Billie Eilish: \u201dBad guy\u201d<\/p>\n<p>Lady Gaga, Bradley Cooper: \u201dShallow\u201d<\/p>\n<p>Post Malone: &#8221;Wow\u201d<\/p>\n<p>Shawn Mendes: \u201dIf I can&#8217;t have you\u201d<\/p>\n<p><em>\u00c5rets konsert<\/em><\/p>\n<p>Benjamin Ingrosso<\/p>\n<p>Felix Sandman<\/p>\n<p>Hov1<\/p>\n<p>Shawn Mendes<\/p>\n<p>Swedish House Mafia<\/p>\n<p><em>\u00c5rets fans<\/em><\/p>\n<p>Benjamin Ingrossos fans<\/p>\n<p>Felix Sandmans fans<\/p>\n<p>Hov1:s fans<\/p>\n<p>Zara Larssons fans<\/p>\n<p>Victor Leksells fans<\/p>\n<p>(De nominerade st\u00e5r redovisade i alfabetisk ordning, utan \u00f6vrig inb\u00f6rdes rankningsordning)<\/p>\n","protected":false},"excerpt":{"rendered":"<p>1979 delades de f\u00f6rsta Rockbj\u00f6rnarna ut. D\u00e5 var det Wizex, Ulf Lundell och Dire Straits som vann svenska folkets hj\u00e4rtan. 2019 hittar vi bland annat Hov1, Miriam Bryant och Molly Sand\u00e9n bland finalisterna. Ett pressmeddelande ber\u00e4ttar: \u2013 Tack f\u00f6r att ni nominerat mig till \u00e5rets svenska kvinnliga artist! K\u00e4nns helt sjukt fint!, s\u00e4ger Molly Sand\u00e9n. [&hellip;]<\/p>\n","protected":false},"author":13,"featured_media":0,"comment_status":"closed","ping_status":"closed","sticky":false,"template":"","format":"standard","meta":{"_genesis_hide_title":false,"_genesis_hide_breadcrumbs":false,"_genesis_hide_singular_image":false,"_genesis_hide_footer_widgets":false,"_genesis_custom_body_class":"","_genesis_custom_post_class":"","_genesis_layout":"","footnotes":""},"categories":[7,13624],"tags":[12282,13921,4798],"class_list":{"0":"post-126464","1":"post","2":"type-post","3":"status-publish","4":"format-standard","6":"category-musik","7":"category-toppnytt","8":"tag-musik","9":"tag-musikpris","10":"tag-rockbjornen","11":"entry"},"_links":{"self":[{"href":"https:\/\/kulturbloggen.com\/index.php?rest_route=\/wp\/v2\/posts\/126464","targetHints":{"allow":["GET"]}}],"collection":[{"href":"https:\/\/kulturbloggen.com\/index.php?rest_route=\/wp\/v2\/posts"}],"about":[{"href":"https:\/\/kulturbloggen.com\/index.php?rest_route=\/wp\/v2\/types\/post"}],"author":[{"embeddable":true,"href":"https:\/\/kulturbloggen.com\/index.php?rest_route=\/wp\/v2\/users\/13"}],"replies":[{"embeddable":true,"href":"https:\/\/kulturbloggen.com\/index.php?rest_route=%2Fwp%2Fv2%2Fcomments&post=126464"}],"version-history":[{"count":3,"href":"https:\/\/kulturbloggen.com\/index.php?rest_route=\/wp\/v2\/posts\/126464\/revisions"}],"predecessor-version":[{"id":126469,"href":"https:\/\/kulturbloggen.com\/index.php?rest_route=\/wp\/v2\/posts\/126464\/revisions\/126469"}],"wp:attachment":[{"href":"https:\/\/kulturbloggen.com\/index.php?rest_route=%2Fwp%2Fv2%2Fmedia&parent=126464"}],"wp:term":[{"taxonomy":"category","embeddable":true,"href":"https:\/\/kulturbloggen.com\/index.php?rest_route=%2Fwp%2Fv2%2Fcategories&post=126464"},{"taxonomy":"post_tag","embeddable":true,"href":"https:\/\/kulturbloggen.com\/index.php?rest_route=%2Fwp%2Fv2%2Ftags&post=126464"}],"curies":[{"name":"wp","href":"https:\/\/api.w.org\/{rel}","templated":true}]}}