{"id":125920,"date":"2019-06-23T16:55:54","date_gmt":"2019-06-23T15:55:54","guid":{"rendered":"https:\/\/kulturbloggen.com\/?p=125920"},"modified":"2019-06-23T16:55:54","modified_gmt":"2019-06-23T15:55:54","slug":"patti-smith-har-tilldelats-arets-joe-hill-memorial","status":"publish","type":"post","link":"https:\/\/kulturbloggen.com\/?p=125920","title":{"rendered":"Patti Smith har tilldelats \u00e5rets Joe Hill Memorial"},"content":{"rendered":"<figure id=\"attachment_125923\" aria-describedby=\"caption-attachment-125923\" style=\"width: 400px\" class=\"wp-caption aligncenter\"><img loading=\"lazy\" decoding=\"async\" class=\"size-full wp-image-125923\" src=\"https:\/\/kulturbloggen.com\/wp-content\/uploads\/2019\/06\/unnamed-15.jpg\" alt=\"\" width=\"400\" height=\"500\" srcset=\"https:\/\/kulturbloggen.com\/wp-content\/uploads\/2019\/06\/unnamed-15.jpg 400w, https:\/\/kulturbloggen.com\/wp-content\/uploads\/2019\/06\/unnamed-15-240x300.jpg 240w\" sizes=\"auto, (max-width: 400px) 100vw, 400px\" \/><figcaption id=\"caption-attachment-125923\" class=\"wp-caption-text\">Sofia H\u00e4rdig, Patti Smith och Claes Olson. Foto: Aron Mattsson<\/figcaption><\/figure>\n<p>Den amerikanska artisten Patti Smith har tilldelats \u00e5rets Joe Hill Memorial Music Award. Priset \u00f6verl\u00e4mnades den 19 juni 2019 vid en privat ceremoni i samband med hennes uts\u00e5lda konsert p\u00e5 Stockholm Waterfront.<\/p>\n<p>Ett pressmeddelande ber\u00e4ttar:<br \/>\nJoe Hill Memorial Music Award instiftades 2016 f\u00f6r att hedra minnet av Joe Hill \u2013 f\u00f6dd Joel Emmanuel H\u00e4gglund 7 oktober 1879 i G\u00e4vle, avr\u00e4ttad 19 november 1915 i Salt Lake City. Priset uppm\u00e4rksammar personer som arbetar p\u00e5 musikens omr\u00e5de i Joe Hills anda och utifr\u00e5n dennes grundl\u00e4ggande v\u00e4rderingar. Pristagarnas betydelse inom musiklivet skall ligga i fokus, men i valet av dessa skall \u00e4ven personernas samh\u00e4llsengagemang och kulturpolitiska g\u00e4rning v\u00e4gas in.<\/p>\n<p><img loading=\"lazy\" decoding=\"async\" class=\"alignright size-medium wp-image-125924\" src=\"https:\/\/kulturbloggen.com\/wp-content\/uploads\/2019\/06\/unnamed-14-200x300.jpg\" alt=\"\" width=\"200\" height=\"300\" srcset=\"https:\/\/kulturbloggen.com\/wp-content\/uploads\/2019\/06\/unnamed-14-200x300.jpg 200w, https:\/\/kulturbloggen.com\/wp-content\/uploads\/2019\/06\/unnamed-14.jpg 434w\" sizes=\"auto, (max-width: 200px) 100vw, 200px\" \/>\u2013 I dessa tider \u00e4r det viktigare \u00e4n p\u00e5 l\u00e4nge att lyfta fram och p\u00e5minna oss om Joe Hills tankar, ideal och engagemang, kommenterade Patti Smith. Inte minst med tanke p\u00e5 att mitt eget hemland just nu \u00e4r det v\u00e4rsta exemplet p\u00e5 hur man runt om i v\u00e4rlden har b\u00f6rjat bygga murar f\u00f6r att utest\u00e4nga m\u00e4nniskor.<br \/>\n\u2013 Jag vet att Joan Baez tidigare har f\u00e5tt priset, s\u00e5 jag \u00e4r oerh\u00f6rt stolt och tacksam f\u00f6r det h\u00e4r. Priset och bilden av Joe Hill kommer jag att s\u00e4tta p\u00e5 v\u00e4ggen i min arbetsstudio!<\/p>\n<p>Juryns motivering till \u00e5rets pristagare Patti Smith:<br \/>\n<em>They call Joe Hill \u201dthe man who never died\u201d, and more than 100 years after his shameful execution his flame still burns. Among his last words were: \u201dDon&#8217;t waste any time mourning. Organize!&#8221;.<\/em><br \/>\n<em>The Joe Hill Memorial Music Award draws attention to people working in the musical area in the spirit of Joe Hill and whose own principles are based on his fundamental values. Not only in her music, but in all her writing, performances and art, Patti Smith stands for the same values that Joe Hill sacrificed his life for: solidarity, equality, brotherhood, sisterhood, humanism, freedom, and hope. \u201dWe all have a responsibility\u201d, Patti Smith once said when asked whether she felt that she had a special responsibility as an artist.<\/em><br \/>\n<em>For all the inspirational strength Patti Smith gives us through her work, she is an extremely well-deserved Laureate of the Joe Hill Memorial Music Award 2019.<\/em><br \/>\n<em>\u201dThe people have the power \u2026 The power to dream, to rule \/ to wrestle the world from fools\u2026 I believe everything we dream \/ Can come to pass through our union \/ We can turn the world around \/ We can turn the earth&#8217; s revolution \/ We have the power \/ People have the power!<\/em><\/p>\n<p>\u00c5rets pris \u00e4r skapat av G\u00e4vlekonstn\u00e4ren Eva \u00d6sterberg. Priset \u00f6verl\u00e4mnades p\u00e5 Stockholm Waterfront av juryns ordf\u00f6rande Claes Olson d\u00e4r juryns motivering l\u00e4stes av artisten Sofia H\u00e4rdig.<br \/>\nI \u00e5rets juryarbete har f\u00f6ljande personer medverkat: Claes Olson (ordf.), Anders Wessl\u00e9n, Sofia Hed\u00e9n, Bengt S\u00f6derh\u00e4ll, Anna-Karin Ferm, Anna Lindholm och Magnus Pejlert.<\/p>\n<p>Joe Hill Memorial Music Award har tidigare tilldelats den amerikanska protests\u00e5ngerskan Joan Baez, den svensk-kurdiska musikgruppen Koma Nurdil och artisten Stefan Sundstr\u00f6m.<\/p>\n","protected":false},"excerpt":{"rendered":"<p>Den amerikanska artisten Patti Smith har tilldelats \u00e5rets Joe Hill Memorial Music Award. Priset \u00f6verl\u00e4mnades den 19 juni 2019 vid en privat ceremoni i samband med hennes uts\u00e5lda konsert p\u00e5 Stockholm Waterfront. Ett pressmeddelande ber\u00e4ttar: Joe Hill Memorial Music Award instiftades 2016 f\u00f6r att hedra minnet av Joe Hill \u2013 f\u00f6dd Joel Emmanuel H\u00e4gglund 7 [&hellip;]<\/p>\n","protected":false},"author":13,"featured_media":0,"comment_status":"closed","ping_status":"closed","sticky":false,"template":"","format":"standard","meta":{"_genesis_hide_title":false,"_genesis_hide_breadcrumbs":false,"_genesis_hide_singular_image":false,"_genesis_hide_footer_widgets":false,"_genesis_custom_body_class":"","_genesis_custom_post_class":"","_genesis_layout":"","footnotes":""},"categories":[7,13624],"tags":[],"class_list":{"0":"post-125920","1":"post","2":"type-post","3":"status-publish","4":"format-standard","6":"category-musik","7":"category-toppnytt","8":"entry"},"_links":{"self":[{"href":"https:\/\/kulturbloggen.com\/index.php?rest_route=\/wp\/v2\/posts\/125920","targetHints":{"allow":["GET"]}}],"collection":[{"href":"https:\/\/kulturbloggen.com\/index.php?rest_route=\/wp\/v2\/posts"}],"about":[{"href":"https:\/\/kulturbloggen.com\/index.php?rest_route=\/wp\/v2\/types\/post"}],"author":[{"embeddable":true,"href":"https:\/\/kulturbloggen.com\/index.php?rest_route=\/wp\/v2\/users\/13"}],"replies":[{"embeddable":true,"href":"https:\/\/kulturbloggen.com\/index.php?rest_route=%2Fwp%2Fv2%2Fcomments&post=125920"}],"version-history":[{"count":3,"href":"https:\/\/kulturbloggen.com\/index.php?rest_route=\/wp\/v2\/posts\/125920\/revisions"}],"predecessor-version":[{"id":125925,"href":"https:\/\/kulturbloggen.com\/index.php?rest_route=\/wp\/v2\/posts\/125920\/revisions\/125925"}],"wp:attachment":[{"href":"https:\/\/kulturbloggen.com\/index.php?rest_route=%2Fwp%2Fv2%2Fmedia&parent=125920"}],"wp:term":[{"taxonomy":"category","embeddable":true,"href":"https:\/\/kulturbloggen.com\/index.php?rest_route=%2Fwp%2Fv2%2Fcategories&post=125920"},{"taxonomy":"post_tag","embeddable":true,"href":"https:\/\/kulturbloggen.com\/index.php?rest_route=%2Fwp%2Fv2%2Ftags&post=125920"}],"curies":[{"name":"wp","href":"https:\/\/api.w.org\/{rel}","templated":true}]}}