{"id":12578,"date":"2009-09-09T11:19:45","date_gmt":"2009-09-09T09:19:45","guid":{"rendered":"http:\/\/kulturbloggen.com\/?p=12578"},"modified":"2009-09-09T11:19:45","modified_gmt":"2009-09-09T09:19:45","slug":"sarah-assbring-i-el-perro-del-mar-med-i-pacifics-forestallning-om-narcissus","status":"publish","type":"post","link":"https:\/\/kulturbloggen.com\/?p=12578","title":{"rendered":"Sarah Assbring i El Perro Del Mar med i  Pacific!s f\u00f6rest\u00e4llning om Narcissus"},"content":{"rendered":"<p><img loading=\"lazy\" decoding=\"async\" src=\"http:\/\/sodergren.com\/kulturbloggen\/wp-content\/uploads\/2009\/09\/narcissus-300x146.jpg\" alt=\"narcissus\" title=\"narcissus\" width=\"300\" height=\"146\" class=\"aligncenter size-medium wp-image-12579\" \/><br \/>\nDet \u00e4r intressant hur flera olika rock- och popmusiker g\u00f6r mer \u00e4n spelar musik utan ocks\u00e5 s\u00e4tter in musiken i f\u00f6rest\u00e4llningar som ber\u00e4ttar n\u00e5got.<br \/>\nSom g\u00f6teborgska bandet Pacific! med dess f\u00f6rest\u00e4llning Narcissus. Ett mail ber\u00e4ttade idag f\u00f6r oss p\u00e5 Kulturbloggen att Pacific! f\u00e5tt en sp\u00e4nnande f\u00f6rst\u00e4rkning till f\u00f6rest\u00e4llning: s\u00e5ngerskan fr\u00e5n El Perro Del Mar.<\/p>\n<p>Bloggmeddelandet:<\/p>\n<p>G\u00f6teborgska pacific! tar hj\u00e4lp av sina v\u00e4nner i artist och mode-v\u00e4rlden f\u00f6r att f\u00f6rverkliga ber\u00e4ttandet av myten om Narcissus i sin dansf\u00f6rest\u00e4llning med samma namn. Mellan turn\u00e9er i Argentina och Australien f\u00f6ljer nu Sarah Assbring i El Perro Del Mar med under de tre Narcissus f\u00f6rest\u00e4llningarna i h\u00f6st f\u00f6r att sjunga de kvinnliga rollerna i ber\u00e4ttelsen.<\/p>\n<p>&#8211; Jag k\u00e4nner mig otroligt hedrad \u00f6ver att bli erbjuden att f\u00e5 vara med om ett s\u00e5 speciellt projekt som detta faktiskt \u00e4r, f\u00f6rklarar Sarah Assbring. En k\u00e4nsla av gudomlighet ligger \u00f6ver hela f\u00f6rest\u00e4llningen och jag l\u00e4ngtar s\u00e5 efter att dela detta med pacific och dansarna, forts\u00e4tter hon med ett leende.<\/p>\n<p>Diana Orving&#8217;s draperingar, som Daniel i pacific! hade beundrat p\u00e5 h\u00e5ll en tid, fick honom att t\u00e4nka p\u00e5 dansande nymfer och d\u00e4rf\u00f6r tog han kontakt med Diana och ett samarbete f\u00f6ddes. Alla kostymer p\u00e5 scen kommer att designas och sys av Diana och hennes design team. Diana som sj\u00e4lv har en bakgrund som ballet dansare har sett koreografin och satt sig in i hur dansen kommer att se ut i rummet.<\/p>\n<p>&#8211; Vi har inte bara funnit en otroligt beg\u00e5vad konstn\u00e4r i Diana utan ocks\u00e5 en fascinerande person som g\u00e5r sin egen klart formulerade v\u00e4g och detta speglar ju sj\u00e4lvklart vad pacific! g\u00f6r ocks\u00e5, s\u00e4ger Bj\u00f6rn.<\/p>\n<p>Smakprov h\u00e4r:<br \/>\n<a href=\"http:\/\/www.myspace.com\/musicpacific\">http:\/\/www.myspace.com\/musicpacific<\/a><br \/>\n<a href=\"http:\/\/www.dianaorving.com\">http:\/\/www.dianaorving.com<\/a><\/p>\n<p>Malm\u00f6 18 sep, KB<br \/>\nStockholm 25 sep, Debaser Medis<br \/>\nG\u00f6teborg 26 sep, Tr\u00e4g\u00e5rn<\/p>\n<p>L\u00e4s \u00e4ven andra bloggares \u00e5sikter om <a href=\"http:\/\/bloggar.se\/om\/indie\" rel=\"tag\">indie<\/a>, <a href=\"http:\/\/bloggar.se\/om\/musik\" rel=\"tag\">musik<\/a>, <a href=\"http:\/\/bloggar.se\/om\/scen\" rel=\"tag\">scen<\/a>, <a href=\"http:\/\/bloggar.se\/om\/El+Perro+del+mar\" rel=\"tag\">El Perro del mar<\/a>, <a href=\"http:\/\/bloggar.se\/om\/Pacifik%21\" rel=\"tag\">Pacifik!<\/a>, <a href=\"http:\/\/bloggar.se\/om\/Narcissus\" rel=\"tag\">Narcissus<\/a><\/p>\n","protected":false},"excerpt":{"rendered":"<p>Det \u00e4r intressant hur flera olika rock- och popmusiker g\u00f6r mer \u00e4n spelar musik utan ocks\u00e5 s\u00e4tter in musiken i f\u00f6rest\u00e4llningar som ber\u00e4ttar n\u00e5got. Som g\u00f6teborgska bandet Pacific! med dess f\u00f6rest\u00e4llning Narcissus. Ett mail ber\u00e4ttade idag f\u00f6r oss p\u00e5 Kulturbloggen att Pacific! f\u00e5tt en sp\u00e4nnande f\u00f6rst\u00e4rkning till f\u00f6rest\u00e4llning: s\u00e5ngerskan fr\u00e5n El Perro Del Mar. Bloggmeddelandet: [&hellip;]<\/p>\n","protected":false},"author":13,"featured_media":0,"comment_status":"open","ping_status":"open","sticky":false,"template":"","format":"standard","meta":{"_genesis_hide_title":false,"_genesis_hide_breadcrumbs":false,"_genesis_hide_singular_image":false,"_genesis_hide_footer_widgets":false,"_genesis_custom_body_class":"","_genesis_custom_post_class":"","_genesis_layout":"","footnotes":""},"categories":[7,30],"tags":[2467,12282,12286],"class_list":{"0":"post-12578","1":"post","2":"type-post","3":"status-publish","4":"format-standard","6":"category-musik","7":"category-teater","8":"tag-indie","9":"tag-musik","10":"tag-film","11":"entry"},"_links":{"self":[{"href":"https:\/\/kulturbloggen.com\/index.php?rest_route=\/wp\/v2\/posts\/12578","targetHints":{"allow":["GET"]}}],"collection":[{"href":"https:\/\/kulturbloggen.com\/index.php?rest_route=\/wp\/v2\/posts"}],"about":[{"href":"https:\/\/kulturbloggen.com\/index.php?rest_route=\/wp\/v2\/types\/post"}],"author":[{"embeddable":true,"href":"https:\/\/kulturbloggen.com\/index.php?rest_route=\/wp\/v2\/users\/13"}],"replies":[{"embeddable":true,"href":"https:\/\/kulturbloggen.com\/index.php?rest_route=%2Fwp%2Fv2%2Fcomments&post=12578"}],"version-history":[{"count":0,"href":"https:\/\/kulturbloggen.com\/index.php?rest_route=\/wp\/v2\/posts\/12578\/revisions"}],"wp:attachment":[{"href":"https:\/\/kulturbloggen.com\/index.php?rest_route=%2Fwp%2Fv2%2Fmedia&parent=12578"}],"wp:term":[{"taxonomy":"category","embeddable":true,"href":"https:\/\/kulturbloggen.com\/index.php?rest_route=%2Fwp%2Fv2%2Fcategories&post=12578"},{"taxonomy":"post_tag","embeddable":true,"href":"https:\/\/kulturbloggen.com\/index.php?rest_route=%2Fwp%2Fv2%2Ftags&post=12578"}],"curies":[{"name":"wp","href":"https:\/\/api.w.org\/{rel}","templated":true}]}}