{"id":12553,"date":"2009-09-11T13:26:10","date_gmt":"2009-09-11T11:26:10","guid":{"rendered":"http:\/\/kulturbloggen.com\/?p=12553"},"modified":"2009-09-11T13:26:10","modified_gmt":"2009-09-11T11:26:10","slug":"kulturfyran-i-bilder-och-om-bocker","status":"publish","type":"post","link":"https:\/\/kulturbloggen.com\/?p=12553","title":{"rendered":"Kulturfyran i bilder och om b\u00f6cker"},"content":{"rendered":"<p><a href=\"http:\/\/sodergren.com\/kulturbloggen\/wp-content\/uploads\/2009\/09\/kulturfyran_jag.jpg\"><img loading=\"lazy\" decoding=\"async\" class=\"aligncenter size-medium wp-image-12663\" title=\"kulturfyran_jag\" src=\"http:\/\/sodergren.com\/kulturbloggen\/wp-content\/uploads\/2009\/09\/kulturfyran_jag-300x225.jpg\" alt=\"kulturfyran_jag\" width=\"300\" height=\"225\" \/><\/a><br \/>\nHmm, Kulturfyran har haft tv\u00e5 veckor uppeh\u00e5ll. Det har inte varit meningen. Jag har jobbat en hel del och haft fullt upp.<br \/>\nMen, l\u00e5t oss k\u00f6ra ig\u00e5ng en nu, rej\u00e4lt f\u00f6rsenad.<br \/>\nJag t\u00e4nkte att vi g\u00e4rna f\u00e5r svara med bilder.<\/p>\n<p>Jag tog h\u00e4romdagen en bild p\u00e5 stolen bredvid min s\u00e4ng. Bilden, ni ser den \u00f6verst i inl\u00e4gget h\u00e4r, s\u00e4ger en del om mitt intresse f\u00f6r b\u00f6cker, men samtidigt s\u00e4ger den en del om mitt f\u00f6rh\u00e5llningss\u00e4tt i livet. Att alltid ha f\u00f6r mycket eller v\u00e4ldigt mycket p\u00e5 g\u00e5ng.<\/p>\n<p>1. Vem \u00e4r du ur kultursynvinkel? S\u00e4g det g\u00e4rna med en bild.<\/p>\n<p>2. Vilken bok har senast p\u00e5verkat dig starkt?<\/p>\n<p>3. Vilken bok har du senast lagt undan utan att l\u00e4sa klart?<\/p>\n<p>4. Visa oss ett youtube-klipp eller bild, som g\u00f6r dig glad.<\/p>\n<p>Gl\u00f6m nu inte att l\u00e4mna l\u00e4nken till ditt svar h\u00e4r i en kommentar. Om du dessutom <a href=\"http:\/\/nyligen.se\/pinga.php\">pingar nyligen <\/a>hamnar ditt inl\u00e4gg i blogglistan som ligger precis \u00f6ver kommentarsf\u00e4ltet. Det \u00e4r bra eftersom jag inte sitter vid datorn j\u00e4mt och alla kommentarer modereras innan de kommer ut. Men om du <a href=\"http:\/\/nyligen.se\/pinga.php\">pingar nyligen <\/a>syns din l\u00e4nk snabbare.<\/p>\n<p>Att pinga nyligen \u00e4r j\u00e4ttel\u00e4tt, <a href=\"http:\/\/nyligen.se\/pinga.php\">klicka p\u00e5 l\u00e4nken h\u00e4r<\/a> och fyll bara i din bloggs adress i formul\u00e4ret som finns lite l\u00e4ngre ned p\u00e5 sidan som visas.<br \/>\n<a href=\"http:\/\/carinas-swecourt.blogspot.com\/\"><br \/>\nTack Carina<\/a> som l\u00e4mnade en kommentar s\u00e5 jag kom ig\u00e5ng igen.<\/p>\n<p>L\u00e4s \u00e4ven andra bloggares \u00e5sikter om <a rel=\"tag\" href=\"http:\/\/bloggar.se\/om\/kulturfyran\">kulturfyran<\/a>, <a rel=\"tag\" href=\"http:\/\/bloggar.se\/om\/kultur\">kultur<\/a>, <a rel=\"tag\" href=\"http:\/\/bloggar.se\/om\/b%F6cker\">b\u00f6cker<\/a>, <a rel=\"tag\" href=\"http:\/\/bloggar.se\/om\/bok\">bok<\/a>, <a rel=\"tag\" href=\"http:\/\/bloggar.se\/om\/bilder\">bilder<\/a><\/p>\n","protected":false},"excerpt":{"rendered":"<p>Hmm, Kulturfyran har haft tv\u00e5 veckor uppeh\u00e5ll. Det har inte varit meningen. Jag har jobbat en hel del och haft fullt upp. Men, l\u00e5t oss k\u00f6ra ig\u00e5ng en nu, rej\u00e4lt f\u00f6rsenad. Jag t\u00e4nkte att vi g\u00e4rna f\u00e5r svara med bilder. Jag tog h\u00e4romdagen en bild p\u00e5 stolen bredvid min s\u00e4ng. Bilden, ni ser den \u00f6verst [&hellip;]<\/p>\n","protected":false},"author":2,"featured_media":0,"comment_status":"open","ping_status":"open","sticky":false,"template":"","format":"standard","meta":{"_genesis_hide_title":false,"_genesis_hide_breadcrumbs":false,"_genesis_hide_singular_image":false,"_genesis_hide_footer_widgets":false,"_genesis_custom_body_class":"","_genesis_custom_post_class":"","_genesis_layout":"","footnotes":""},"categories":[20],"tags":[636,907,12280,3074,3095],"class_list":{"0":"post-12553","1":"post","2":"type-post","3":"status-publish","4":"format-standard","6":"category-film","7":"tag-bilder","8":"tag-bocker","9":"tag-litteratur","10":"tag-kultur","11":"tag-kulturfyran","12":"entry"},"_links":{"self":[{"href":"https:\/\/kulturbloggen.com\/index.php?rest_route=\/wp\/v2\/posts\/12553","targetHints":{"allow":["GET"]}}],"collection":[{"href":"https:\/\/kulturbloggen.com\/index.php?rest_route=\/wp\/v2\/posts"}],"about":[{"href":"https:\/\/kulturbloggen.com\/index.php?rest_route=\/wp\/v2\/types\/post"}],"author":[{"embeddable":true,"href":"https:\/\/kulturbloggen.com\/index.php?rest_route=\/wp\/v2\/users\/2"}],"replies":[{"embeddable":true,"href":"https:\/\/kulturbloggen.com\/index.php?rest_route=%2Fwp%2Fv2%2Fcomments&post=12553"}],"version-history":[{"count":0,"href":"https:\/\/kulturbloggen.com\/index.php?rest_route=\/wp\/v2\/posts\/12553\/revisions"}],"wp:attachment":[{"href":"https:\/\/kulturbloggen.com\/index.php?rest_route=%2Fwp%2Fv2%2Fmedia&parent=12553"}],"wp:term":[{"taxonomy":"category","embeddable":true,"href":"https:\/\/kulturbloggen.com\/index.php?rest_route=%2Fwp%2Fv2%2Fcategories&post=12553"},{"taxonomy":"post_tag","embeddable":true,"href":"https:\/\/kulturbloggen.com\/index.php?rest_route=%2Fwp%2Fv2%2Ftags&post=12553"}],"curies":[{"name":"wp","href":"https:\/\/api.w.org\/{rel}","templated":true}]}}