{"id":125224,"date":"2019-05-31T09:18:41","date_gmt":"2019-05-31T08:18:41","guid":{"rendered":"https:\/\/kulturbloggen.com\/?p=125224"},"modified":"2019-06-02T19:29:47","modified_gmt":"2019-06-02T18:29:47","slug":"musiktips-peter-moren-och-david-shutrick-slapper-forsta-singeln-fran-nya-projektet","status":"publish","type":"post","link":"https:\/\/kulturbloggen.com\/?p=125224","title":{"rendered":"Musiktips: Peter Mor\u00e9n och David Shutrick sl\u00e4pper f\u00f6rsta singeln fr\u00e5n nya projektet"},"content":{"rendered":"\n<figure class=\"wp-block-image\"><img loading=\"lazy\" decoding=\"async\" width=\"594\" height=\"594\" src=\"https:\/\/kulturbloggen.com\/wp-content\/uploads\/2019\/05\/3v9mFh6w.jpg\" alt=\"\" class=\"wp-image-125225\" srcset=\"https:\/\/kulturbloggen.com\/wp-content\/uploads\/2019\/05\/3v9mFh6w.jpg 594w, https:\/\/kulturbloggen.com\/wp-content\/uploads\/2019\/05\/3v9mFh6w-150x150.jpg 150w, https:\/\/kulturbloggen.com\/wp-content\/uploads\/2019\/05\/3v9mFh6w-300x300.jpg 300w\" sizes=\"auto, (max-width: 594px) 100vw, 594px\" \/><\/figure>\n\n\n\n<p>Peter Mor\u00e9n, mest k\u00e4nd som r\u00f6sten i Peter, Bjorn och John och David Shutrick, popul\u00e4r n\u00e5gra \u00e5r p\u00e5 90-talet har nu ett gemensamt projekt. <\/p>\n\n\n\n<p>Nu har den f\u00f6rsta singeln fr\u00e5n det gemensamma projektet sl\u00e4ppts p\u00e5 Startracks. 100 \u00e5r \u00e4r titeln och det lovar gott inf\u00f6r den kommande fulll\u00e4ngdaren &#8211; &#8221;En \u00e5ldrande befolkning&#8221; som sl\u00e4pps 14 juni.<\/p>\n\n\n\n<p>Texten p\u00e5 100 \u00e5r handlar om att leva sitt liv fullt ut, s\u00e5 l\u00e4nge man kan.  En riktig pop-p\u00e4rla som g\u00f6r att jag l\u00e4ngtar efter den 14 juni, s\u00e5 att jag f\u00e5r h\u00f6ra mer. <\/p>\n\n\n\n<iframe loading=\"lazy\" src=\"https:\/\/open.spotify.com\/embed\/album\/2hAid7TmgMVAg2wpUqnvKX\" width=\"300\" height=\"380\" frameborder=\"0\" allowtransparency=\"true\" allow=\"encrypted-media\"><\/iframe>\n\n\n\n<p><\/p>\n\n\n\n<p><\/p>\n","protected":false},"excerpt":{"rendered":"<p>Peter Mor\u00e9n, mest k\u00e4nd som r\u00f6sten i Peter, Bjorn och John och David Shutrick, popul\u00e4r n\u00e5gra \u00e5r p\u00e5 90-talet har nu ett gemensamt projekt. Nu har den f\u00f6rsta singeln fr\u00e5n det gemensamma projektet sl\u00e4ppts p\u00e5 Startracks. 100 \u00e5r \u00e4r titeln och det lovar gott inf\u00f6r den kommande fulll\u00e4ngdaren &#8211; &#8221;En \u00e5ldrande befolkning&#8221; som sl\u00e4pps 14 [&hellip;]<\/p>\n","protected":false},"author":12,"featured_media":0,"comment_status":"closed","ping_status":"closed","sticky":false,"template":"","format":"standard","meta":{"_genesis_hide_title":false,"_genesis_hide_breadcrumbs":false,"_genesis_hide_singular_image":false,"_genesis_hide_footer_widgets":false,"_genesis_custom_body_class":"","_genesis_custom_post_class":"","_genesis_layout":"","footnotes":""},"categories":[7,13624],"tags":[],"class_list":{"0":"post-125224","1":"post","2":"type-post","3":"status-publish","4":"format-standard","6":"category-musik","7":"category-toppnytt","8":"entry"},"_links":{"self":[{"href":"https:\/\/kulturbloggen.com\/index.php?rest_route=\/wp\/v2\/posts\/125224","targetHints":{"allow":["GET"]}}],"collection":[{"href":"https:\/\/kulturbloggen.com\/index.php?rest_route=\/wp\/v2\/posts"}],"about":[{"href":"https:\/\/kulturbloggen.com\/index.php?rest_route=\/wp\/v2\/types\/post"}],"author":[{"embeddable":true,"href":"https:\/\/kulturbloggen.com\/index.php?rest_route=\/wp\/v2\/users\/12"}],"replies":[{"embeddable":true,"href":"https:\/\/kulturbloggen.com\/index.php?rest_route=%2Fwp%2Fv2%2Fcomments&post=125224"}],"version-history":[{"count":1,"href":"https:\/\/kulturbloggen.com\/index.php?rest_route=\/wp\/v2\/posts\/125224\/revisions"}],"predecessor-version":[{"id":125226,"href":"https:\/\/kulturbloggen.com\/index.php?rest_route=\/wp\/v2\/posts\/125224\/revisions\/125226"}],"wp:attachment":[{"href":"https:\/\/kulturbloggen.com\/index.php?rest_route=%2Fwp%2Fv2%2Fmedia&parent=125224"}],"wp:term":[{"taxonomy":"category","embeddable":true,"href":"https:\/\/kulturbloggen.com\/index.php?rest_route=%2Fwp%2Fv2%2Fcategories&post=125224"},{"taxonomy":"post_tag","embeddable":true,"href":"https:\/\/kulturbloggen.com\/index.php?rest_route=%2Fwp%2Fv2%2Ftags&post=125224"}],"curies":[{"name":"wp","href":"https:\/\/api.w.org\/{rel}","templated":true}]}}