{"id":125104,"date":"2019-05-27T17:42:08","date_gmt":"2019-05-27T16:42:08","guid":{"rendered":"https:\/\/kulturbloggen.com\/?p=125104"},"modified":"2019-05-28T09:00:18","modified_gmt":"2019-05-28T08:00:18","slug":"givande-genomlysning-i-ord-och-ton-gunnebo-kammarmusikfestival-iv","status":"publish","type":"post","link":"https:\/\/kulturbloggen.com\/?p=125104","title":{"rendered":"Givande genomlysning i ord och ton &#8211; Gunnebo kammarmusikfestival IV"},"content":{"rendered":"\n<figure class=\"wp-block-image\"><img loading=\"lazy\" decoding=\"async\" width=\"650\" height=\"501\" src=\"https:\/\/kulturbloggen.com\/wp-content\/uploads\/2019\/05\/Gunnebo-S\u00f6n72.jpg\" alt=\"\" class=\"wp-image-125105\" srcset=\"https:\/\/kulturbloggen.com\/wp-content\/uploads\/2019\/05\/Gunnebo-S\u00f6n72.jpg 650w, https:\/\/kulturbloggen.com\/wp-content\/uploads\/2019\/05\/Gunnebo-S\u00f6n72-300x231.jpg 300w\" sizes=\"auto, (max-width: 650px) 100vw, 650px\" \/><figcaption>Stefan Bojsten och Anders Lagerqvist -teckning Lennart Carlsson<\/figcaption><\/figure>\n\n\n\n<p>Gunnebo slott i M\u00f6lndal<\/p>\n\n\n\n<p>26\/5 2019<\/p>\n\n\n\n<p>V\u00e4n av ordning undrar  varf\u00f6r dag III hoppats \u00f6ver. Jo, undertecknad prioriterade andra aktiviteter i G\u00f6teborg, vilket bland annat innebar  Hendrix-influerad powertrio, vernissage p\u00e5 utst\u00e4llning med legendarisk n\u00f6jesjournalist och Konstepedemins  dag inklusive Spelmansst\u00e4mma samt pianotrio p\u00e5 Unity. Som en parentetisk uppgift vill jag avl\u00e4gga en bek\u00e4nnelse. Vad som lockade allra mest var \u00e4nd\u00e5, att f\u00e5 m\u00f6ta och h\u00f6ra kvinnliga duon L\u00e5ngbacka\/ B\u00e5dag\u00e5rd, vars skiva jag skrev om p\u00e5 ett s\u00e5dant s\u00e4tt att duon utbrast: &#8221;S\u00e5 r\u00f6rda vi blir av den b\u00e4sta recensionen vi f\u00e5tt.&#8221;<\/p>\n\n\n\n<p>L\u00f6rdagens tillst\u00e4llning hade rubriken Ordens musik. Medverkade gjorde Reine Brynolfsson, Kjell Espmark och Jila Mosaed (b\u00e5da invalda i Svenska Akademien), Ulf Dageby, Anders Lagerqvist och Gothenburg Combo. Vilken imponerande line up som det s\u00e4kerligen slog gnistor om.<\/p>\n\n\n\n<p>Ett par g\u00e5nger under festivalen unders\u00f6ktes hur m\u00e5nga som i sin helhet l\u00e4st sviten <i>P\u00e5 spaning efter den tid som flytt. <\/i>Observerade d\u00e5 att en hand str\u00e4cktes upp n\u00e4r sanningsenligt svar &#8221;utkr\u00e4vdes&#8221;. ( har en g\u00e5ng l\u00e4st f\u00f6rsta bandet som deltagare i bokcirkel.) Modernismens pionj\u00e4r Marcel Proust gav i sviten prov p\u00e5 sitt djupa intresse f\u00f6r musik, vilket  exempelvis avspeglas genom fiktive tons\u00e4ttaren Vinteuil. &#8221;P\u00e5 spaning efter en violinsonat&#8221; hade huvudsp\u00e5ret d\u00f6pts till  sista programpunkten.  Som recitat\u00f6r, k\u00e5s\u00f6r och presentat\u00f6r h\u00f6rdes Proust-k\u00e4nnaren Ulrika Knutsson. Lustigt nog, medger hon, att hon brukar stupa mitt i tredje bandet. Highlights fr\u00e5n hennes kvicka manus fyllt av espri, kunde h\u00f6ras som kr\u00f6nika i P1 <em>God morgon v\u00e4rlden <\/em>tidigare i v\u00e5r.<\/p>\n\n\n\n<figure class=\"wp-block-image\"><img loading=\"lazy\" decoding=\"async\" width=\"650\" height=\"366\" src=\"https:\/\/kulturbloggen.com\/wp-content\/uploads\/2019\/05\/54255624_2053230764712242_3011295789923172352_n.jpg\" alt=\"\" class=\"wp-image-125111\" srcset=\"https:\/\/kulturbloggen.com\/wp-content\/uploads\/2019\/05\/54255624_2053230764712242_3011295789923172352_n.jpg 650w, https:\/\/kulturbloggen.com\/wp-content\/uploads\/2019\/05\/54255624_2053230764712242_3011295789923172352_n-300x169.jpg 300w\" sizes=\"auto, (max-width: 650px) 100vw, 650px\" \/><\/figure>\n\n\n\n<p>En  f\u00e5talig, fast h\u00e4nf\u00f6rd publik, delgavs relevanta anekdoter och skarpsinniga reflektioner. Knutsson vars bedrifter inom media i decennier varit av best\u00e5ende v\u00e4rde, besitter en  avundsv\u00e4rd f\u00f6rm\u00e5ga, en f\u00f6rm\u00e5ga som p\u00e5tagligt m\u00e4rktes p\u00e5 Gunnebo slott. Syftar p\u00e5 hur galant hedersdoktorn levererar insiktsfulla aspekter p\u00e5 kultur med stort K, utan att missa det tragikomiska eller str\u00e4van till begriplighet.<\/p>\n\n\n\n<p> Och \u00e5h\u00f6rarna f\u00e5ngas direkt av ett dramatiskt utspel, n\u00e4r hon reciterar. Till f\u00f6rmedlad l\u00e4rdom om en  tid i Frankrike cirka ett sekel tillbaka, adderar hon p\u00e5 ett beg\u00e5vat, roligt  s\u00e4tt  dr\u00e5pligheter ur en delvis livsoduglig  f\u00f6rfattares biografi.  Misslyckade erotiska \u00f6vningar, hypokondri och allm\u00e4n klenhet, fiaskot n\u00e4r Proust m\u00f6ter sin j\u00e4mb\u00f6rdige &#8221;kombattant&#8221; Joyce 1921. Talangen f\u00f6r sn\u00e4llhet ska noteras.  S\u00e5v\u00e4l  kunskapen som kalibrerade rytmen och fullg\u00e5ngna fraserandet var  stora tillg\u00e5ngar hos &#8221;estrad\u00f6ren&#8221; Knutsson. Vid n\u00e4sta framtr\u00e4dande ska hon k\u00e5sera om Franz Kafka, vars liv tydligen var \u00e4nnu mer miserabelt. Efter\u00e5t yppade sig tillf\u00e4lle att tacka kulturspridaren, varvid jag och andra fortsatte nysta ledsagade av v\u00e5r ciceron. S\u00e5v\u00e4l Ulrika Knutsson som Agneta Pleijel tidigare under festivalen, menade att toner har ett ointagligt f\u00f6rspr\u00e5ng gentemot ord, vad betr\u00e4ffar att k\u00e4nslom\u00e4ssigt ber\u00f6ra. <\/p>\n\n\n\n<figure class=\"wp-block-image\"><img loading=\"lazy\" decoding=\"async\" width=\"456\" height=\"650\" src=\"https:\/\/kulturbloggen.com\/wp-content\/uploads\/2019\/05\/Gunnebo-Ulrika-K72.jpg\" alt=\"\" class=\"wp-image-125122\" srcset=\"https:\/\/kulturbloggen.com\/wp-content\/uploads\/2019\/05\/Gunnebo-Ulrika-K72.jpg 456w, https:\/\/kulturbloggen.com\/wp-content\/uploads\/2019\/05\/Gunnebo-Ulrika-K72-210x300.jpg 210w\" sizes=\"auto, (max-width: 456px) 100vw, 456px\" \/><figcaption>Teckning Lennart Carlsson<\/figcaption><\/figure>\n\n\n\n<p>Huvuddelen av programmet, som varar i ett svep n\u00e4rmare halvannan timme, \u00e4gnas \u00e5t musik p\u00e5 Steinway-flygel och violin, musik som smidigt interfolierar Knutssons vitala anf\u00f6rande.  Stefan Bojsten (professor p\u00e5 KMA)  vid pianot spelade ett halvdussin stycken med violinisten Anders Lagerqvist (konstn\u00e4rlig ledare p\u00e5 Waldemarsudde). Sonater och \u00f6vriga stycken var s\u00e5dana som f\u00f6rekom under Prousts levnad. Tror inte jag lyssnat live p\u00e5 klassisk europeisk musik lika ing\u00e5ende, sedan en konsert med Brahms-kompositioner i h\u00f6stas. Bojsten &amp; Lagerqvist visade f\u00f6rst\u00e5s vilka fullblodsproffs de \u00e4r, varf\u00f6r man rimligen undg\u00e5r granskning fr\u00e5n en novis.<\/p>\n\n\n\n<p>Avrundar ist\u00e4llet med n\u00e5gra kommentarer om vad jag h\u00f6rde. I och med den ofta g\u00e4lla klangen fr\u00e5n violinen, frapperande mycket diskant. En annan iakttagelse: Flera stycken inneh\u00f6ll, f\u00f6ga f\u00f6rv\u00e5nande, en h\u00f6g halt av ansp\u00e4nning. Hade inte samma beh\u00e5llning av Faure, som n\u00e5gra mindre k\u00e4nda,  franska tons\u00e4ttare som avl\u00f6ste. Framf\u00f6r allt en sats ur <em>Premieres valses<\/em> av Reynaldo Hahn gjorde intryck. Fascinerande att i ett solostycke p\u00e5 piano f\u00e5 lyssna till Wagner, i sinnrikt arrangemang av Franz Liszt, inte lika tungt eller monokromt som en t\u00e4nker sig fr\u00e5n denne ikoniska operatillverkare.  Fann, i motsats till Knutsson, expressive Cesar Francks sonat en aning sv\u00e5rforcerad.  Sonaten f\u00f6r violin och piano av Saint-Saens, framf\u00f6rdes d\u00e4remot ytterst tilltalande, med b\u00f6ljande melodi och raffinerad dynamik.  <\/p>\n\n\n\n<p>En fantastiskt trevlig och h\u00f6gklassig festival har g\u00e5tt i m\u00e5l. En ynnest att f\u00e5 kliva in i en annan v\u00e4rld, genom att f\u00f6rs\u00f6ka beskriva och v\u00e4rdera vad som \u00e4gde rum. K\u00e4ndes exklusivt att vara med och att tr\u00e4ffa flera medverkande! Fler borde ta chansen att \u00f6ppna sina sinnen, s\u00f6ka sig bortom det som \u00e4r omedelbart mainstream. Stort tack till arrang\u00f6rerna David Hansson &amp; Thomas Hansy. <\/p>\n\n\n\n<p><\/p>\n\n\n\n<p><\/p>\n","protected":false},"excerpt":{"rendered":"<p>Gunnebo slott i M\u00f6lndal 26\/5 2019 V\u00e4n av ordning undrar varf\u00f6r dag III hoppats \u00f6ver. Jo, undertecknad prioriterade andra aktiviteter i G\u00f6teborg, vilket bland annat innebar Hendrix-influerad powertrio, vernissage p\u00e5 utst\u00e4llning med legendarisk n\u00f6jesjournalist och Konstepedemins dag inklusive Spelmansst\u00e4mma samt pianotrio p\u00e5 Unity. Som en parentetisk uppgift vill jag avl\u00e4gga en bek\u00e4nnelse. Vad som lockade [&hellip;]<\/p>\n","protected":false},"author":34,"featured_media":0,"comment_status":"closed","ping_status":"closed","sticky":false,"template":"","format":"standard","meta":{"_genesis_hide_title":false,"_genesis_hide_breadcrumbs":false,"_genesis_hide_singular_image":false,"_genesis_hide_footer_widgets":false,"_genesis_custom_body_class":"","_genesis_custom_post_class":"","_genesis_layout":"","footnotes":""},"categories":[7,16,20,13624],"tags":[],"class_list":{"0":"post-125104","1":"post","2":"type-post","3":"status-publish","4":"format-standard","6":"category-musik","7":"category-recension","8":"category-film","9":"category-toppnytt","10":"entry"},"_links":{"self":[{"href":"https:\/\/kulturbloggen.com\/index.php?rest_route=\/wp\/v2\/posts\/125104","targetHints":{"allow":["GET"]}}],"collection":[{"href":"https:\/\/kulturbloggen.com\/index.php?rest_route=\/wp\/v2\/posts"}],"about":[{"href":"https:\/\/kulturbloggen.com\/index.php?rest_route=\/wp\/v2\/types\/post"}],"author":[{"embeddable":true,"href":"https:\/\/kulturbloggen.com\/index.php?rest_route=\/wp\/v2\/users\/34"}],"replies":[{"embeddable":true,"href":"https:\/\/kulturbloggen.com\/index.php?rest_route=%2Fwp%2Fv2%2Fcomments&post=125104"}],"version-history":[{"count":18,"href":"https:\/\/kulturbloggen.com\/index.php?rest_route=\/wp\/v2\/posts\/125104\/revisions"}],"predecessor-version":[{"id":125130,"href":"https:\/\/kulturbloggen.com\/index.php?rest_route=\/wp\/v2\/posts\/125104\/revisions\/125130"}],"wp:attachment":[{"href":"https:\/\/kulturbloggen.com\/index.php?rest_route=%2Fwp%2Fv2%2Fmedia&parent=125104"}],"wp:term":[{"taxonomy":"category","embeddable":true,"href":"https:\/\/kulturbloggen.com\/index.php?rest_route=%2Fwp%2Fv2%2Fcategories&post=125104"},{"taxonomy":"post_tag","embeddable":true,"href":"https:\/\/kulturbloggen.com\/index.php?rest_route=%2Fwp%2Fv2%2Ftags&post=125104"}],"curies":[{"name":"wp","href":"https:\/\/api.w.org\/{rel}","templated":true}]}}