{"id":1248,"date":"2008-08-26T10:17:18","date_gmt":"2008-08-26T10:17:18","guid":{"rendered":"http:\/\/kulturbloggen.com\/?p=1248"},"modified":"2008-08-26T10:17:18","modified_gmt":"2008-08-26T10:17:18","slug":"la-vida-breve-med-the-gothenburg-combo-gitarrmusik-nar-den-ar-som-allra-bast","status":"publish","type":"post","link":"https:\/\/kulturbloggen.com\/?p=1248","title":{"rendered":"La Vida Breve med The Gothenburg Combo &#8211; gitarrmusik n\u00e4r den \u00e4r som allra b\u00e4st"},"content":{"rendered":"<p><a href='http:\/\/sodergren.com\/kulturbloggen\/wp-content\/uploads\/2008\/08\/comboguitarsmall.jpg'><img loading=\"lazy\" decoding=\"async\" src=\"http:\/\/sodergren.com\/kulturbloggen\/wp-content\/uploads\/2008\/08\/comboguitarsmall-300x224.jpg\" alt=\"\" title=\"Gothenburg Combo 01\" width=\"300\" height=\"224\" class=\"alignright size-medium wp-image-1246\" \/><\/a><br \/>\n\u00c4r du ocks\u00e5 svag f\u00f6r gitarr? Om man nu ska utse n\u00e5got till sitt favoritinstrument s\u00e5 \u00e4r det gitarren f\u00f6r mig.<br \/>\nFast varje instrument har ju sin styrka, f\u00f6rst\u00e5s.<\/p>\n<p>F\u00f6r n\u00e5gra veckor sedan b\u00f6rjade jag lyssna p\u00e5 g\u00f6teborgsduon The Gothenburg Combos nysl\u00e4ppta skvia La Vida Breve.<\/p>\n<p>The Gothenburg Combo best\u00e5r av David Hansson och Thomas Hansy som spelar akustisk gitarr. De \u00e4r lika  erk\u00e4nda inom den klassiska musikv\u00e4rlden, som inom den unga experimentella samtida musiken.<\/p>\n<p>Deras nya skiva hyllas av bland annat <a href=\"http:\/\/www.svd.se\/kulturnoje\/musik\/artikel_35039.svd\">Svenska Dagbladet<\/a> som gav den betyget 5.<\/p>\n<p>P\u00e5 Kulturbloggen betygs\u00e4tter vi inte utan beskriver eller ber\u00e4ttar om, men om jag skulle s\u00e4tta betyg skulle det hamna p\u00e5 samma niv\u00e5 som hos Svenska Dagbladet. De tv\u00e5 gitarristerna \u00e4r skickliga och musiken \u00e4r perfekt b\u00e5de att sitta och lyssna p\u00e5 om och om igen, men ocks\u00e5 att ha som lugn bakgrund n\u00e4r man l\u00e4ser. Ett bra tips f\u00f6r den som har studier framf\u00f6r sig under h\u00f6sten: lyssna p\u00e5 La Vida Breve samtidigt som du pluggar &#8211; och sedan n\u00e4r du sitter och dricker te och kikar ut \u00f6ver h\u00f6stm\u00f6rkret. Gitarrslingorna i Isaac Albeniz Sevilla ger lugn och avslappning.<\/p>\n<p><a href=\"http:\/\/www.gbgcombo.com\/\">Duons hemsida.<\/a><\/p>\n<p>Andra bloggar om: <a href=\"http:\/\/bloggar.se\/om\/gitarr\" rel=\"tag\">gitarr<\/a>, <a href=\"http:\/\/bloggar.se\/om\/skivnytt\" rel=\"tag\">skivnytt<\/a>, <a href=\"http:\/\/bloggar.se\/om\/gitarrduo\" rel=\"tag\">gitarrduo<\/a>, <a href=\"http:\/\/bloggar.se\/om\/klassiskt\" rel=\"tag\">klassiskt<\/a>, <a href=\"http:\/\/bloggar.se\/om\/recensioner\" rel=\"tag\">recensioner<\/a>, <a href=\"http:\/\/bloggar.se\/om\/The+Gothenburg+Combo\" rel=\"tag\">The Gothenburg Combo<\/a><\/p>\n","protected":false},"excerpt":{"rendered":"<p>\u00c4r du ocks\u00e5 svag f\u00f6r gitarr? Om man nu ska utse n\u00e5got till sitt favoritinstrument s\u00e5 \u00e4r det gitarren f\u00f6r mig. Fast varje instrument har ju sin styrka, f\u00f6rst\u00e5s. F\u00f6r n\u00e5gra veckor sedan b\u00f6rjade jag lyssna p\u00e5 g\u00f6teborgsduon The Gothenburg Combos nysl\u00e4ppta skvia La Vida Breve. The Gothenburg Combo best\u00e5r av David Hansson och Thomas [&hellip;]<\/p>\n","protected":false},"author":2,"featured_media":0,"comment_status":"open","ping_status":"open","sticky":false,"template":"","format":"standard","meta":{"_genesis_hide_title":false,"_genesis_hide_breadcrumbs":false,"_genesis_hide_singular_image":false,"_genesis_hide_footer_widgets":false,"_genesis_custom_body_class":"","_genesis_custom_post_class":"","_genesis_layout":"","footnotes":""},"categories":[16],"tags":[2001,5121],"class_list":{"0":"post-1248","1":"post","2":"type-post","3":"status-publish","4":"format-standard","6":"category-recension","7":"tag-gitarr","8":"tag-skivnytt","9":"entry"},"_links":{"self":[{"href":"https:\/\/kulturbloggen.com\/index.php?rest_route=\/wp\/v2\/posts\/1248","targetHints":{"allow":["GET"]}}],"collection":[{"href":"https:\/\/kulturbloggen.com\/index.php?rest_route=\/wp\/v2\/posts"}],"about":[{"href":"https:\/\/kulturbloggen.com\/index.php?rest_route=\/wp\/v2\/types\/post"}],"author":[{"embeddable":true,"href":"https:\/\/kulturbloggen.com\/index.php?rest_route=\/wp\/v2\/users\/2"}],"replies":[{"embeddable":true,"href":"https:\/\/kulturbloggen.com\/index.php?rest_route=%2Fwp%2Fv2%2Fcomments&post=1248"}],"version-history":[{"count":0,"href":"https:\/\/kulturbloggen.com\/index.php?rest_route=\/wp\/v2\/posts\/1248\/revisions"}],"wp:attachment":[{"href":"https:\/\/kulturbloggen.com\/index.php?rest_route=%2Fwp%2Fv2%2Fmedia&parent=1248"}],"wp:term":[{"taxonomy":"category","embeddable":true,"href":"https:\/\/kulturbloggen.com\/index.php?rest_route=%2Fwp%2Fv2%2Fcategories&post=1248"},{"taxonomy":"post_tag","embeddable":true,"href":"https:\/\/kulturbloggen.com\/index.php?rest_route=%2Fwp%2Fv2%2Ftags&post=1248"}],"curies":[{"name":"wp","href":"https:\/\/api.w.org\/{rel}","templated":true}]}}