{"id":12462,"date":"2009-09-05T13:47:39","date_gmt":"2009-09-05T11:47:39","guid":{"rendered":"http:\/\/kulturbloggen.com\/?p=12462"},"modified":"2009-09-05T13:47:39","modified_gmt":"2009-09-05T11:47:39","slug":"matcherna-du-kan-folja-pa-webben-om-du-trottnar-pa-svenska-matchen","status":"publish","type":"post","link":"https:\/\/kulturbloggen.com\/?p=12462","title":{"rendered":"Matcherna du kan f\u00f6lja p\u00e5 webben: Om du tr\u00f6ttnar p\u00e5 svenska matchen"},"content":{"rendered":"<p><img loading=\"lazy\" decoding=\"async\" src=\"http:\/\/sodergren.com\/kulturbloggen\/wp-content\/uploads\/2008\/10\/zlatan1251.jpg\" alt=\"zlatan1251\" title=\"zlatan1251\" width=\"125\" height=\"250\" class=\"aligncenter size-full wp-image-3190\" \/><br \/>\nDet svenska fotbollslandslaget, eller Zlatan med tillbeh\u00f6r, ska spela en \u00f6desmatch ikv\u00e4ll. Alla svenska medier toppar nyhetsbevakningen redan nu med matchen och <a href=\"http:\/\/fotboll.expressen.se\/landslaget\/1.1695537\/har-ar-sveriges-startelva-i-kvall#\">rapporterar liksom Expressen<\/a> att Zlatan ska spela p\u00e5 topp, med Elmander vid sin sida.<\/p>\n<p>Men det k\u00e4nns inte bra. Det har inte g\u00e5tt s\u00e5 bra p\u00e5 sistone f\u00f6r det svenska herrlandslaget i fotboll och Zlatan \u00e4r oftast mycket b\u00e4ttre i sitt klubblag \u00e4n i landslaget.<\/p>\n<p>Om det g\u00e5r lika \u00e5t skogen som det k\u00e4nns nu i f\u00f6rv\u00e4g och du vill se andra matcher finns det en hel del att v\u00e4lja mellan:<\/p>\n<p>Armenien vs. Bosnien Herzegovina<br \/>\nAzerbaijan vs. Finland<br \/>\nBulgarien vs. Montenegro<br \/>\nKroatien vs. Vitryssland<br \/>\nGeorgien vs. Italien<br \/>\nIsland vs. Norge<br \/>\nIsrael vs. Lettland<br \/>\nMoldavien vs. Luxemburg<br \/>\nPolen vs. Nordirland<br \/>\nRyssland vs. Liechtenstein<br \/>\nSchweiz vs. Grekland<br \/>\nTurkiet vs. Estland <\/p>\n<p><a href=\"http:\/\/www.videosport.com\/qualifiers2010\/index_11_gb_SE.html?&#038;session=\">P\u00e5 webben kan du betala och se de flesta VM-kvalmatcherna p\u00e5 Videosport.<\/a><\/p>\n<p>Relaterat:<br \/>\n<a href=\"http:\/\/www.dn.se\/sport\/fotboll\/ibrahimovic-och-elmander-pa-topp-1.946252\">Dagens Nyheter rapporterar att Zlatan och Elmander ska starta p\u00e5 topp ikv\u00e4ll.<\/a><br \/>\n<a href=\"http:\/\/www.aftonbladet.se\/sportbladet\/fotbollsbladet\/landslagsfotboll\/vmkval2010\/article5745906.ab\">Aftonbladet<\/a><br \/>\n<a href=\"http:\/\/www.svd.se\/sportspel\/nyheter\/artikel_3471003.svd\">Svenska Dagbladet<\/a><\/p>\n<p>L\u00e4s \u00e4ven andra bloggares \u00e5sikter om <a href=\"http:\/\/bloggar.se\/om\/fotboll\" rel=\"tag\">fotboll<\/a>, <a href=\"http:\/\/bloggar.se\/om\/sport\" rel=\"tag\">sport<\/a>, <a href=\"http:\/\/bloggar.se\/om\/webb-tv\" rel=\"tag\">webb-tv<\/a>, <a href=\"http:\/\/bloggar.se\/om\/Zlatan\" rel=\"tag\">Zlatan<\/a>, <a href=\"http:\/\/bloggar.se\/om\/Ungern\" rel=\"tag\">Ungern<\/a><\/p>\n","protected":false},"excerpt":{"rendered":"<p>Det svenska fotbollslandslaget, eller Zlatan med tillbeh\u00f6r, ska spela en \u00f6desmatch ikv\u00e4ll. Alla svenska medier toppar nyhetsbevakningen redan nu med matchen och rapporterar liksom Expressen att Zlatan ska spela p\u00e5 topp, med Elmander vid sin sida. Men det k\u00e4nns inte bra. Det har inte g\u00e5tt s\u00e5 bra p\u00e5 sistone f\u00f6r det svenska herrlandslaget i fotboll [&hellip;]<\/p>\n","protected":false},"author":13,"featured_media":0,"comment_status":"open","ping_status":"open","sticky":false,"template":"","format":"standard","meta":{"_genesis_hide_title":false,"_genesis_hide_breadcrumbs":false,"_genesis_hide_singular_image":false,"_genesis_hide_footer_widgets":false,"_genesis_custom_body_class":"","_genesis_custom_post_class":"","_genesis_layout":"","footnotes":""},"categories":[20],"tags":[12292,27,6364],"class_list":{"0":"post-12462","1":"post","2":"type-post","3":"status-publish","4":"format-standard","6":"category-film","7":"tag-fotboll-sport-nyheter","8":"tag-sport","9":"tag-webb-tv","10":"entry"},"_links":{"self":[{"href":"https:\/\/kulturbloggen.com\/index.php?rest_route=\/wp\/v2\/posts\/12462","targetHints":{"allow":["GET"]}}],"collection":[{"href":"https:\/\/kulturbloggen.com\/index.php?rest_route=\/wp\/v2\/posts"}],"about":[{"href":"https:\/\/kulturbloggen.com\/index.php?rest_route=\/wp\/v2\/types\/post"}],"author":[{"embeddable":true,"href":"https:\/\/kulturbloggen.com\/index.php?rest_route=\/wp\/v2\/users\/13"}],"replies":[{"embeddable":true,"href":"https:\/\/kulturbloggen.com\/index.php?rest_route=%2Fwp%2Fv2%2Fcomments&post=12462"}],"version-history":[{"count":0,"href":"https:\/\/kulturbloggen.com\/index.php?rest_route=\/wp\/v2\/posts\/12462\/revisions"}],"wp:attachment":[{"href":"https:\/\/kulturbloggen.com\/index.php?rest_route=%2Fwp%2Fv2%2Fmedia&parent=12462"}],"wp:term":[{"taxonomy":"category","embeddable":true,"href":"https:\/\/kulturbloggen.com\/index.php?rest_route=%2Fwp%2Fv2%2Fcategories&post=12462"},{"taxonomy":"post_tag","embeddable":true,"href":"https:\/\/kulturbloggen.com\/index.php?rest_route=%2Fwp%2Fv2%2Ftags&post=12462"}],"curies":[{"name":"wp","href":"https:\/\/api.w.org\/{rel}","templated":true}]}}