{"id":12440,"date":"2009-09-04T20:39:09","date_gmt":"2009-09-04T18:39:09","guid":{"rendered":"http:\/\/kulturbloggen.com\/?p=12440"},"modified":"2009-09-04T20:39:09","modified_gmt":"2009-09-04T18:39:09","slug":"kvinnorna-pa-stranden-av-tove-alsterdal","status":"publish","type":"post","link":"https:\/\/kulturbloggen.com\/?p=12440","title":{"rendered":"Kvinnorna p\u00e5 stranden av Tove Alsterdal"},"content":{"rendered":"<p><img loading=\"lazy\" decoding=\"async\" src=\"http:\/\/sodergren.com\/kulturbloggen\/wp-content\/uploads\/2009\/09\/kvinnornapastranden-194x300.jpg\" alt=\"kvinnornapastranden\" title=\"kvinnornapastranden\" width=\"194\" height=\"300\" class=\"aligncenter size-medium wp-image-12441\" \/><br \/>\nSverige har f\u00e5tt en ny deckardrottning. Tove Alsterdal \u00e4r journalist och manusf\u00f6rfattare. &#8221;Kvinnorna p\u00e5 stranden&#8221; \u00e4r hennes romandebut.<br \/>\nI sin tackdel n\u00e4mner hon Liza Marklund: <em>F\u00f6r l\u00e4sning och oml\u00e4sning, uppmuntran och skarp kritik. Utan dig hade jag inte klarat det.<\/em><br \/>\nMen: Marklund skulle nog beh\u00f6va f\u00e5 hj\u00e4lp att t\u00e4ta sitt spr\u00e5k av Tove Alsterdal.<\/p>\n<p>&#8221;Kvinnorna p\u00e5 stranden&#8221; \u00e4r en stark ber\u00e4ttelse om m\u00e4nniskohandel och slaveri. Tre kvinnors liv korsas och p\u00e5verkar varandras liv.<\/p>\n<p>Baksidestexten sammanfattar bra vad romanen handlar om:<\/p>\n<blockquote><p>I gryningen vaknar Terese fr\u00e5n J\u00e4rf\u00e4lla p\u00e5 en strand i s\u00f6dra Spanien. Hon vinglar ner till havet och kliver p\u00e5 liket av en afrikansk man.<br \/>\nI skydd av natten smyger en kvinna i land i hamnen intill. Hon har smugglats \u00f6ver havet och r\u00e4ddats ur v\u00e5gorna. Hennes namn \u00e4r Mary, men inte l\u00e4nge till.<\/p>\n<p>I New York f\u00f6rs\u00f6ker Ally f\u00e5 tag i sin man som \u00e4r en k\u00e4nd frilansjournalist. Han har \u00e5kt till Paris f\u00f6r att skriva om m\u00e4nniskohandel och slaveri. Ally trotsar sin cellskr\u00e4ck och tar ett plan \u00f6ver Atlanten f\u00f6r att s\u00f6ka reda p\u00e5 honom. Det blir en resa in i det m\u00f6rkaste av Europa och djupt in i hennes eget f\u00f6rflutna.<\/p>\n<p>Kvinnorna p\u00e5 stranden \u00e4r en svart thriller om tre kvinnor, tre liv som f\u00f6r\u00e4ndras brutalt. Tre v\u00e4gar kommer att korsas v\u00e4gar som leder dit inga lagar n\u00e5r, d\u00e4r ondskan styr bakom vackra fasader och m\u00e4nniskor kan k\u00f6pas och s\u00e4ljas, byta skepnad eller d\u00f6.<\/p><\/blockquote>\n<p>Det \u00e4r en stark ber\u00e4ttelse som griper tag i mig. Sorgligt nog \u00e4r det ju en del av vad som faktiskt sker i v\u00e4rlden idag som Tove Alsterdal v\u00e4vt in i romanens form. Jag blir ledsen att det g\u00e5r till s\u00e5, men samtidigt k\u00e4nner jag en slags &#8221;j-lar anamma&#8221; f\u00f6r att aktivera mig mot dessa or\u00e4ttvisor. D\u00e5 har v\u00e4l en bok lyckats r\u00e4tt bra?<\/p>\n<p>Visst kan vissa delar av romanen vara lite sv\u00e5ra att tro p\u00e5, speciellt de sista kapitlen. Jag vill inte vara en spoiler, s\u00e5 jag kan inte skriva mer om det. Men \u00e4ven om det k\u00e4nns som r\u00e4tt sv\u00e5rt att tro p\u00e5, var det som en slags bekr\u00e4ftelse p\u00e5 den k\u00e4nsla man f\u00e5r inf\u00f6r slavhandeln.<\/p>\n<p>Kvinnorna p\u00e5 stranden<br \/>\nF\u00f6rfattare \tTove Alsterdal<br \/>\nF\u00f6rlag \tLind &#038; Co f\u00f6rlag AB<br \/>\nISBN \t9185801712<br \/>\nISBN-13 \t9789185801718<\/p>\n<p>L\u00e4s \u00e4ven andra bloggares \u00e5sikter om <a href=\"http:\/\/bloggar.se\/om\/deckare\" rel=\"tag\">deckare<\/a>, <a href=\"http:\/\/bloggar.se\/om\/f%F6rfattare\" rel=\"tag\">f\u00f6rfattare<\/a>, <a href=\"http:\/\/bloggar.se\/om\/recension\" rel=\"tag\">recension<\/a>, <a href=\"http:\/\/bloggar.se\/om\/slavhandel\" rel=\"tag\">slavhandel<\/a>, <a href=\"http:\/\/bloggar.se\/om\/Tove+Alsterdal\" rel=\"tag\">Tove Alsterdal<\/a>, <a href=\"http:\/\/bloggar.se\/om\/deckardrottning\" rel=\"tag\">deckardrottning<\/a><\/p>\n","protected":false},"excerpt":{"rendered":"<p>Sverige har f\u00e5tt en ny deckardrottning. Tove Alsterdal \u00e4r journalist och manusf\u00f6rfattare. &#8221;Kvinnorna p\u00e5 stranden&#8221; \u00e4r hennes romandebut. I sin tackdel n\u00e4mner hon Liza Marklund: F\u00f6r l\u00e4sning och oml\u00e4sning, uppmuntran och skarp kritik. Utan dig hade jag inte klarat det. Men: Marklund skulle nog beh\u00f6va f\u00e5 hj\u00e4lp att t\u00e4ta sitt spr\u00e5k av Tove Alsterdal. &#8221;Kvinnorna [&hellip;]<\/p>\n","protected":false},"author":2,"featured_media":0,"comment_status":"open","ping_status":"open","sticky":false,"template":"","format":"standard","meta":{"_genesis_hide_title":false,"_genesis_hide_breadcrumbs":false,"_genesis_hide_singular_image":false,"_genesis_hide_footer_widgets":false,"_genesis_custom_body_class":"","_genesis_custom_post_class":"","_genesis_layout":"","footnotes":""},"categories":[3,16],"tags":[1197,1919,12285,5178],"class_list":{"0":"post-12440","1":"post","2":"type-post","3":"status-publish","4":"format-standard","6":"category-litteratur","7":"category-recension","8":"tag-deckare","9":"tag-forfattare","10":"tag-recension","11":"tag-slavhandel","12":"entry"},"_links":{"self":[{"href":"https:\/\/kulturbloggen.com\/index.php?rest_route=\/wp\/v2\/posts\/12440","targetHints":{"allow":["GET"]}}],"collection":[{"href":"https:\/\/kulturbloggen.com\/index.php?rest_route=\/wp\/v2\/posts"}],"about":[{"href":"https:\/\/kulturbloggen.com\/index.php?rest_route=\/wp\/v2\/types\/post"}],"author":[{"embeddable":true,"href":"https:\/\/kulturbloggen.com\/index.php?rest_route=\/wp\/v2\/users\/2"}],"replies":[{"embeddable":true,"href":"https:\/\/kulturbloggen.com\/index.php?rest_route=%2Fwp%2Fv2%2Fcomments&post=12440"}],"version-history":[{"count":0,"href":"https:\/\/kulturbloggen.com\/index.php?rest_route=\/wp\/v2\/posts\/12440\/revisions"}],"wp:attachment":[{"href":"https:\/\/kulturbloggen.com\/index.php?rest_route=%2Fwp%2Fv2%2Fmedia&parent=12440"}],"wp:term":[{"taxonomy":"category","embeddable":true,"href":"https:\/\/kulturbloggen.com\/index.php?rest_route=%2Fwp%2Fv2%2Fcategories&post=12440"},{"taxonomy":"post_tag","embeddable":true,"href":"https:\/\/kulturbloggen.com\/index.php?rest_route=%2Fwp%2Fv2%2Ftags&post=12440"}],"curies":[{"name":"wp","href":"https:\/\/api.w.org\/{rel}","templated":true}]}}