{"id":124344,"date":"2019-04-12T19:16:52","date_gmt":"2019-04-12T18:16:52","guid":{"rendered":"https:\/\/kulturbloggen.com\/?p=124344"},"modified":"2019-04-12T19:44:55","modified_gmt":"2019-04-12T18:44:55","slug":"teaterkritik-har-du-sett-varlden-en-sang-for-en-sann-frihetskampe","status":"publish","type":"post","link":"https:\/\/kulturbloggen.com\/?p=124344","title":{"rendered":"Teaterkritik: Har du sett v\u00e4rlden &#8211; En s\u00e5ng f\u00f6r en sann frihetsk\u00e4mpe"},"content":{"rendered":"<p><img loading=\"lazy\" decoding=\"async\" class=\"alignnone size-medium wp-image-124351\" src=\"https:\/\/kulturbloggen.com\/wp-content\/uploads\/2019\/04\/w-1-300x200.jpg\" alt=\"\" width=\"300\" height=\"200\" srcset=\"https:\/\/kulturbloggen.com\/wp-content\/uploads\/2019\/04\/w-1-300x200.jpg 300w, https:\/\/kulturbloggen.com\/wp-content\/uploads\/2019\/04\/w-1.jpg 480w\" sizes=\"auto, (max-width: 300px) 100vw, 300px\" \/><\/p>\n<p>F\u00f6rest\u00e4llning: \u201cHar du sett v\u00e4rlden\u201d<br \/>\nMedverkande: Sissela Benn, Edda Magnason, Mikael Wiehe och Folkoperans orkester.<br \/>\nScen: Folkoperan<\/p>\n<p>\u201cH\u00e4r \u00e4r en s\u00e5ng till modet, till gl\u00e4dje, hopp och skratt. Till dom som tror p\u00e5 k\u00e4rleken, fast hatet \u00e4r s\u00e5 starkt.\u201d.. F\u00f6r att citera en sann hj\u00e4lte. Det h\u00e4r \u00e4r en s\u00e5ng till frihetsk\u00e4mpen, poeten och artisten. V\u00e4nsterfalangens fr\u00e4msta musikman &#8211; Mikael Wiehe.Efter fjol\u00e5rets succ\u00e9 med \u201cHar du sett v\u00e4rlden\u201d som s\u00e5lde f\u00f6r fullt hus p\u00e5 Malm\u00f6 Konserthus \u00e4r musikf\u00f6rest\u00e4llningen om Wiehe tillbaka och visas bland annat p\u00e5 Folkoperan i Stockholm.<\/p>\n<p>\u201cHar du sett v\u00e4rlden\u201d \u00e4r en uppt\u00e4cktsf\u00e4rd rakt in i Wiehes f\u00f6runderliga v\u00e4rld. Han \u00e4r p\u00e5gen vars mamma under andra v\u00e4rldskrigets slut flyttar fr\u00e5n ett oroligt Danmark till trygghetens vagga Sverige med f\u00f6r\u00e4ldraf\u00f6rs\u00e4kring, folkhem och statsminister Olof Palme. Han \u00e4r skolungdomen vars klasskamrater mobbar ut honom d\u00e5 han<br \/>\nst\u00e4ndigt g\u00e5r runt p\u00e5 eget bev\u00e5g och nynnar p\u00e5 trallv\u00e4nliga l\u00e5tar. Han \u00e4r grabben som dr\u00f6mmer om ett liv som jazzmusiker men vars f\u00f6r\u00e4ldrar \u00f6nskar se n\u00e4sta Dag Hammarskj\u00f6ld. Men Wiehe vill inte bli FN:s nya generalsekreterare. Nej, han vill bli musiker. Och han satsar helhj\u00e4rtat p\u00e5 att f\u00f6rs\u00f6ka n\u00e5 dit.<br \/>\n<img loading=\"lazy\" decoding=\"async\" class=\"alignnone size-full wp-image-124348\" src=\"https:\/\/kulturbloggen.com\/wp-content\/uploads\/2019\/04\/w2.jpg\" alt=\"\" width=\"180\" height=\"180\" srcset=\"https:\/\/kulturbloggen.com\/wp-content\/uploads\/2019\/04\/w2.jpg 180w, https:\/\/kulturbloggen.com\/wp-content\/uploads\/2019\/04\/w2-150x150.jpg 150w\" sizes=\"auto, (max-width: 180px) 100vw, 180px\" \/><\/p>\n<p>Tillsammans med ett g\u00e4ng kompisar bildar Wiehe Malm\u00f6baserade proggbandet HoolaBandoola Band. Det blir en omedelbar succ\u00e9. Men trots framg\u00e5ngen gl\u00f6mmer Wiehe aldrig sitt kall i livet &#8211; att alltid, i alla l\u00e4gen, st\u00e5 p\u00e5 den lilla m\u00e4nniskan\/arbetarens sida. Och detta \u00e4r n\u00e5got han \u00e4n idag st\u00e5r f\u00f6r. \u00a0Han \u00e4r krigaren med gitarren som vapen som v\u00e5gar st\u00e5 upp mot samh\u00e4llets alla or\u00e4ttvisor.<\/p>\n<p>Michael Wiehe spelas med en stor dos humor av Sissela Benn. Wiehe talar med Benn, hans yngre jag. I dialogen dem emellan kan Wiehe ge nyans till h\u00e4ndelserna. Via hans syrlighet f\u00e5r vi en humoristisk knorr p\u00e5 Wiehes tillvaro som ung lovande artist. V\u00e4rlden \u00e4r vid\u00f6ppen och m\u00f6jligheterna o\u00e4ndliga, men pl\u00f6tsligt \u00f6ppnar mitt framf\u00f6r Wiehes f\u00f6tter sig en vallgravsdjup tomhet. Det finns ett m\u00f6rker i f\u00f6rest\u00e4llningen som ger en v\u00e4lbeh\u00f6vlig tyngd till det hele.<\/p>\n<p>I \u201cHar du sett v\u00e4rlden\u201d f\u00f6ljer vi Wiehe genom livet, genom sv\u00e5righeter och tuffa kval; hat och hot &#8211; arga nazister och fascister som hotar med att br\u00e4nna upp hans hem. Vi f\u00e5r uppleva livsavg\u00f6rande \u00f6gonblick, som n\u00e4r Wiehe sl\u00e5r en knutte p\u00e5 fisf\u00f6rn\u00e4ma Savoy-klubben och d\u00e4r och d\u00e5 inser att det g\u00e5r utm\u00e4rkt att kombinera klasskamp med musicerande.<br \/>\n<img loading=\"lazy\" decoding=\"async\" class=\"alignnone size-full wp-image-124347\" src=\"https:\/\/kulturbloggen.com\/wp-content\/uploads\/2019\/04\/w3.jpg\" alt=\"\" width=\"180\" height=\"180\" srcset=\"https:\/\/kulturbloggen.com\/wp-content\/uploads\/2019\/04\/w3.jpg 180w, https:\/\/kulturbloggen.com\/wp-content\/uploads\/2019\/04\/w3-150x150.jpg 150w\" sizes=\"auto, (max-width: 180px) 100vw, 180px\" \/><\/p>\n<p>Det \u00e4r en f\u00f6rest\u00e4llning om frihet, klasskamp och om arbetarnas r\u00e4tt. Om hatet i samh\u00e4llet- Nazismen och fascismen och V\u00e4nsterr\u00f6relsens kraftiga t\u00e5g i Malm\u00f6 under 70-80 och 90-tal. \u201cHar du sett v\u00e4rlden\u201d handlar om Malm\u00f6, en stad i f\u00f6r\u00e4ndring. H\u00e4r finns m\u00e5ngfald, spirande kultur och en massa kreativitet. Det \u00e4r platsen som geografiskt ligger v\u00e4ldigt n\u00e4ra kontinenten. Danmark, K\u00f6penhamn och V\u00e4rlden och Vidare Bort\u00e5t mot Evigheten. H\u00e4r finns ocks\u00e5 kriminalitet och v\u00e5ldsamheter. Wiehe f\u00e5r musikalisk uppbackning av Folkoperans orkester och av sk\u00f6nsjungande Edda Magnason, vars kvinnliga r\u00f6st \u00e4r som tagen ur en 50-talsfilm. Hennes k\u00e4nslosamma st\u00e4mma ger ett emotionellt djup till Wiehes lika personliga som allm\u00e4ngiltiga l\u00e5ttexter. Musiken \u00e4r dramatisk. Det \u00e4r en cineastisk k\u00e4nsla n\u00e4r orkestern med trumpeter och bl\u00e5sinstrument, fioler och bas brummar p\u00e5. Och det \u00e4r en fr\u00f6jd att f\u00e5 lyssna till &#8221;Flickan och Kr\u00e5kan&#8221; och<br \/>\n&#8221;En S\u00e5ng till Frihet&#8221; som skickligt ackompanjeras av orkestern. I bakgrunden ser vi h\u00e4ftiga projicerade bilder fr\u00e5n Wiehes barndom.<\/p>\n<p>Det jag\u00a0 saknar \u00e4r paradoxalt nog politiken. Ena halvan av musikf\u00f6rest\u00e4llningen har ytterst lite politiskt sv\u00e4rta i sig, som att Wiehe bara brydde sig om luxu\u00f6sa hotellrum och dyra viner. Kanske \u00e4r den till f\u00f6r de invigda, men det \u00e4r synd att det subtila ska r\u00e5 rakt \u00f6ver huvudet p\u00e5 de yngre generationerna. Och det blir en m\u00e4rkligt kontrast till andra halvan d\u00e4r Wiehes senare \u00e5r speglas. Benn portr\u00e4tterar h\u00e4r Wiehes dotter. Med naivitet och barnslighet ber\u00e4ttar hon om sin pappa som \u00e5kt halva jordklotet runt f\u00f6r att musicera och f\u00f6r att tr\u00e4ffa framst\u00e5ende m\u00e4n som Dalai Lama och Nelson Mandela. Allt resande g\u00f6r att han &#8221;gl\u00f6mmer bort&#8221; sina barn. Det \u00e4r en sm\u00e4rtsam insikt som Wiehe p\u00e5 \u00e4ldre dar f\u00e5r till sig. Andra halvan skildrar tiden f\u00f6r Malexandermorden och f\u00f6r en nazistisk framv\u00e4xt. I posten f\u00e5r Wiehe en dag hem en bomb, men han klarar sig. Det \u00e4r ocks\u00e5 td\u00e5 som hans n\u00e4ra v\u00e4n och trogna f\u00f6ljeslagare Bj\u00f6rn Afzelius s\u00e4tter punkt. Hans tragiska bortg\u00e5ng n\u00e4r cancersvulsten v\u00e4grar sl\u00e4ppa taget l\u00e4gger sig som ett svart skynke \u00f6ver Wiehes liv. H\u00e4r ser vi en m\u00f6rkare sida av Wiehes tillvaro med hat och hot och med d\u00f6den som knackar p\u00e5 hans farstud\u00f6rr.<\/p>\n<p>Det \u00e4r mest en smaksak om man tycker att inneh\u00e5llet i f\u00f6rsta halvan saknar en politisk inramning eller om det personliga och fokusen p\u00e5 musiken och karri\u00e4ren f\u00e5r st\u00e5 f\u00f6r grundpl\u00e5ten i historien. Allts\u00e5 fr\u00e5ntar detta inte\u00a0 musikf\u00f6rest\u00e4llningens stora spr\u00e4ngkraft.<br \/>\n<img loading=\"lazy\" decoding=\"async\" class=\"alignnone size-medium wp-image-124350\" src=\"https:\/\/kulturbloggen.com\/wp-content\/uploads\/2019\/04\/w7-300x200.jpg\" alt=\"\" width=\"300\" height=\"200\" srcset=\"https:\/\/kulturbloggen.com\/wp-content\/uploads\/2019\/04\/w7-300x200.jpg 300w, https:\/\/kulturbloggen.com\/wp-content\/uploads\/2019\/04\/w7.jpg 650w\" sizes=\"auto, (max-width: 300px) 100vw, 300px\" \/><\/p>\n<p>\u201cHar du sett v\u00e4rlden\u201d speglar med bravur en sann svensk hj\u00e4lte och ett land i f\u00f6r\u00e4ndring. Det \u00e4r en f\u00f6rest\u00e4llning d\u00e4r b\u00e5de sk\u00e5despel, musik och framf\u00f6rande lever i symbios och d\u00e4r du genast kastas in i ber\u00e4ttelsen. Det \u00e4r en s\u00e5ng om frihetens k\u00e4mpe som forts\u00e4tter att ta kampen f\u00f6r den \u201clilla m\u00e4nniskan\u201d. Hj\u00e4ltar som Wiehe\u00a0 m\u00e5ste vi forts\u00e4tta att lyfta s\u00e5 att vi i g\u00e5rdagens hj\u00e4ltar kan spegla oss och h\u00e4mta inspiration och kraft i kriget mot nazism och fascism som t\u00e5gar p\u00e5 i h\u00f6gsta fart, men som har ett kraftigt motst\u00e5nd. Och l\u00e4ngst fram i demonstrationst\u00e5get mot Svastikans blodiga historia st\u00e5r v\u00e5r man &#8211; Mikael Wiehe.<\/p>\n<p><iframe loading=\"lazy\" title=\"Trailer &quot;... har du sett v\u00e4rlden&quot; 2019 - &quot;Keops pyramid&quot;\" width=\"500\" height=\"281\" src=\"https:\/\/www.youtube.com\/embed\/6yd2TOAV9S8?start=2&#038;feature=oembed\" frameborder=\"0\" allow=\"accelerometer; autoplay; clipboard-write; encrypted-media; gyroscope; picture-in-picture; web-share\" referrerpolicy=\"strict-origin-when-cross-origin\" allowfullscreen><\/iframe><\/p>\n<p>Petter Stjernstedt<\/p>\n","protected":false},"excerpt":{"rendered":"<p>F\u00f6rest\u00e4llning: \u201cHar du sett v\u00e4rlden\u201d Medverkande: Sissela Benn, Edda Magnason, Mikael Wiehe och Folkoperans orkester. Scen: Folkoperan \u201cH\u00e4r \u00e4r en s\u00e5ng till modet, till gl\u00e4dje, hopp och skratt. Till dom som tror p\u00e5 k\u00e4rleken, fast hatet \u00e4r s\u00e5 starkt.\u201d.. F\u00f6r att citera en sann hj\u00e4lte. Det h\u00e4r \u00e4r en s\u00e5ng till frihetsk\u00e4mpen, poeten och artisten. [&hellip;]<\/p>\n","protected":false},"author":40,"featured_media":124351,"comment_status":"closed","ping_status":"closed","sticky":false,"template":"","format":"standard","meta":{"_genesis_hide_title":false,"_genesis_hide_breadcrumbs":false,"_genesis_hide_singular_image":false,"_genesis_hide_footer_widgets":false,"_genesis_custom_body_class":"","_genesis_custom_post_class":"","_genesis_layout":"","footnotes":""},"categories":[7,20,30,31],"tags":[],"class_list":{"0":"post-124344","1":"post","2":"type-post","3":"status-publish","4":"format-standard","5":"has-post-thumbnail","7":"category-musik","8":"category-film","9":"category-teater","10":"category-teaterrecension","11":"entry"},"_links":{"self":[{"href":"https:\/\/kulturbloggen.com\/index.php?rest_route=\/wp\/v2\/posts\/124344","targetHints":{"allow":["GET"]}}],"collection":[{"href":"https:\/\/kulturbloggen.com\/index.php?rest_route=\/wp\/v2\/posts"}],"about":[{"href":"https:\/\/kulturbloggen.com\/index.php?rest_route=\/wp\/v2\/types\/post"}],"author":[{"embeddable":true,"href":"https:\/\/kulturbloggen.com\/index.php?rest_route=\/wp\/v2\/users\/40"}],"replies":[{"embeddable":true,"href":"https:\/\/kulturbloggen.com\/index.php?rest_route=%2Fwp%2Fv2%2Fcomments&post=124344"}],"version-history":[{"count":5,"href":"https:\/\/kulturbloggen.com\/index.php?rest_route=\/wp\/v2\/posts\/124344\/revisions"}],"predecessor-version":[{"id":124355,"href":"https:\/\/kulturbloggen.com\/index.php?rest_route=\/wp\/v2\/posts\/124344\/revisions\/124355"}],"wp:featuredmedia":[{"embeddable":true,"href":"https:\/\/kulturbloggen.com\/index.php?rest_route=\/wp\/v2\/media\/124351"}],"wp:attachment":[{"href":"https:\/\/kulturbloggen.com\/index.php?rest_route=%2Fwp%2Fv2%2Fmedia&parent=124344"}],"wp:term":[{"taxonomy":"category","embeddable":true,"href":"https:\/\/kulturbloggen.com\/index.php?rest_route=%2Fwp%2Fv2%2Fcategories&post=124344"},{"taxonomy":"post_tag","embeddable":true,"href":"https:\/\/kulturbloggen.com\/index.php?rest_route=%2Fwp%2Fv2%2Ftags&post=124344"}],"curies":[{"name":"wp","href":"https:\/\/api.w.org\/{rel}","templated":true}]}}