{"id":124086,"date":"2019-03-29T11:42:39","date_gmt":"2019-03-29T10:42:39","guid":{"rendered":"https:\/\/kulturbloggen.com\/?p=124086"},"modified":"2019-03-30T19:18:35","modified_gmt":"2019-03-30T18:18:35","slug":"lyssna-steve-earle-guy","status":"publish","type":"post","link":"https:\/\/kulturbloggen.com\/?p=124086","title":{"rendered":"Lyssna: Steve Earle &#8211; Guy"},"content":{"rendered":"<p><img loading=\"lazy\" decoding=\"async\" class=\"aligncenter size-full wp-image-124089\" src=\"https:\/\/kulturbloggen.com\/wp-content\/uploads\/2019\/03\/steveearleguy.jpg\" alt=\"\" width=\"560\" height=\"560\" srcset=\"https:\/\/kulturbloggen.com\/wp-content\/uploads\/2019\/03\/steveearleguy.jpg 560w, https:\/\/kulturbloggen.com\/wp-content\/uploads\/2019\/03\/steveearleguy-150x150.jpg 150w, https:\/\/kulturbloggen.com\/wp-content\/uploads\/2019\/03\/steveearleguy-300x300.jpg 300w\" sizes=\"auto, (max-width: 560px) 100vw, 560px\" \/><\/p>\n<p>Steve Earle har sl\u00e4ppt ett nytt album: Guy.<\/p>\n<p>F\u00f6r ganska precis tio \u00e5r sedan hyllade Steve Earle den ena av sina tv\u00e5 stora f\u00f6rebilder och mentorer med Grammy-bel\u00f6nade albumet &#8221;Townes&#8221;. F\u00f6rem\u00e5let f\u00f6r hyllningen den g\u00e5ngen var s\u00e5 klar Townes vann Zandt och nu \u00e4r det dags att s\u00e4tta fokus p\u00e5 Townes&#8217; kollega och gode v\u00e4n Guy Clark!<\/p>\n<p>Nya plattan &#8221;Guy&#8221; spelades in med Earles turn\u00e9band the Dukes (Kelley Looney p\u00e5 bas, Ricky Ray Jackson p\u00e5 pedal steel, Eleanor Whitmore p\u00e5 fiddle och mandolin och Brad Pemberton p\u00e5 trummor). Dessutom g\u00e4stspelar en rad av goda v\u00e4nner (b\u00e5de till Steve och Guy), band andra Rodney Crowell, Jerry Jeff Walker, Emmylou Harris, Shawn Camp och Terry Allen.<\/p>\n<p><iframe loading=\"lazy\" src=\"https:\/\/open.spotify.com\/embed\/album\/2z0IDfKBeLFuAhYi3ztrIJ\" width=\"300\" height=\"380\" frameborder=\"0\"><\/iframe><\/p>\n","protected":false},"excerpt":{"rendered":"<p>Steve Earle har sl\u00e4ppt ett nytt album: Guy. F\u00f6r ganska precis tio \u00e5r sedan hyllade Steve Earle den ena av sina tv\u00e5 stora f\u00f6rebilder och mentorer med Grammy-bel\u00f6nade albumet &#8221;Townes&#8221;. F\u00f6rem\u00e5let f\u00f6r hyllningen den g\u00e5ngen var s\u00e5 klar Townes vann Zandt och nu \u00e4r det dags att s\u00e4tta fokus p\u00e5 Townes&#8217; kollega och gode v\u00e4n [&hellip;]<\/p>\n","protected":false},"author":13,"featured_media":0,"comment_status":"closed","ping_status":"closed","sticky":false,"template":"","format":"standard","meta":{"_genesis_hide_title":false,"_genesis_hide_breadcrumbs":false,"_genesis_hide_singular_image":false,"_genesis_hide_footer_widgets":false,"_genesis_custom_body_class":"","_genesis_custom_post_class":"","_genesis_layout":"","footnotes":""},"categories":[7,13624],"tags":[13862],"class_list":{"0":"post-124086","1":"post","2":"type-post","3":"status-publish","4":"format-standard","6":"category-musik","7":"category-toppnytt","8":"tag-lyssnalyssna","9":"entry"},"_links":{"self":[{"href":"https:\/\/kulturbloggen.com\/index.php?rest_route=\/wp\/v2\/posts\/124086","targetHints":{"allow":["GET"]}}],"collection":[{"href":"https:\/\/kulturbloggen.com\/index.php?rest_route=\/wp\/v2\/posts"}],"about":[{"href":"https:\/\/kulturbloggen.com\/index.php?rest_route=\/wp\/v2\/types\/post"}],"author":[{"embeddable":true,"href":"https:\/\/kulturbloggen.com\/index.php?rest_route=\/wp\/v2\/users\/13"}],"replies":[{"embeddable":true,"href":"https:\/\/kulturbloggen.com\/index.php?rest_route=%2Fwp%2Fv2%2Fcomments&post=124086"}],"version-history":[{"count":4,"href":"https:\/\/kulturbloggen.com\/index.php?rest_route=\/wp\/v2\/posts\/124086\/revisions"}],"predecessor-version":[{"id":124091,"href":"https:\/\/kulturbloggen.com\/index.php?rest_route=\/wp\/v2\/posts\/124086\/revisions\/124091"}],"wp:attachment":[{"href":"https:\/\/kulturbloggen.com\/index.php?rest_route=%2Fwp%2Fv2%2Fmedia&parent=124086"}],"wp:term":[{"taxonomy":"category","embeddable":true,"href":"https:\/\/kulturbloggen.com\/index.php?rest_route=%2Fwp%2Fv2%2Fcategories&post=124086"},{"taxonomy":"post_tag","embeddable":true,"href":"https:\/\/kulturbloggen.com\/index.php?rest_route=%2Fwp%2Fv2%2Ftags&post=124086"}],"curies":[{"name":"wp","href":"https:\/\/api.w.org\/{rel}","templated":true}]}}