{"id":12391,"date":"2009-09-03T13:47:39","date_gmt":"2009-09-03T11:47:39","guid":{"rendered":"http:\/\/kulturbloggen.com\/?p=12391"},"modified":"2009-09-03T13:47:39","modified_gmt":"2009-09-03T11:47:39","slug":"trad-gras-och-stenar-iscensatter-en-mystisk-seans","status":"publish","type":"post","link":"https:\/\/kulturbloggen.com\/?p=12391","title":{"rendered":"Tr\u00e4d, gr\u00e4s och stenar iscens\u00e4tter en mystisk seans"},"content":{"rendered":"<p><img loading=\"lazy\" decoding=\"async\" src=\"http:\/\/sodergren.com\/kulturbloggen\/wp-content\/uploads\/2009\/09\/tradgrasstenar-300x224.jpg\" alt=\"tradgrasstenar\" title=\"tradgrasstenar\" width=\"300\" height=\"224\" class=\"aligncenter size-medium wp-image-12392\" \/><br \/>\nTR\u00c4D GR\u00c4S och STENAR iscens\u00e4tter <a href=\"http:\/\/nordiskamuseet.se\/Publication.asp?publicationid=12639&#038;topmenu=142\">en mystisk seans<\/a> p\u00e5 Nordiska Museet, Sthlm l\u00f6rdag 12 sept kl 17-18, i samband med utst\u00e4llningen &#8221;Proggens affischer&#8221;. Extra flum serveras av videomagikern La Noche. Intr\u00e4de 70:- (=museientr\u00e9)<br \/>\nKom i god tid innan f\u00f6r att hinna se utst\u00e4llningen &#8211; programmet b\u00f6rjar kl 12, museet st\u00e4nger kl 18!<\/p>\n<p>Torbj\u00f6rns hembyggda bash\u00f6gtalare fr\u00e5n tidigt 70-tal, Bo Anders&#8217; elplanka (jovisst &#8211; en riktig planka av asktr\u00e4!), Thomas Meras m\u00e5lade baskaggeskinn m fl hembyggen visas i en monter. H\u00f6gtalaren ska, som utlovats tidigare, l\u00e4ggas ut p\u00e5 Tradera inom kort.<\/p>\n<p>Proggarna i Tr\u00e4d, gr\u00e4s och stenar har en del spelningar fram\u00f6ver dessutom:<br \/>\nFredag 18 sept: K\u00f6ping &#8211; \u00d6gir Mat&#038;Musik, J\u00e4rnv\u00e4gsgatan 5<br \/>\nL\u00f6rdag 19 sept i Hammenh\u00f6g n\u00e4ra Simrishamn, Garaget<br \/>\n<strong><br \/>\nSedan Spanien:<\/strong><br \/>\nOnsdag 30 sept Barcelona<br \/>\nFredag 2 okt Madrid<br \/>\nev fler spelningar i Spanien.<\/p>\n<p>L\u00e4s \u00e4ven andra bloggares \u00e5sikter om <a href=\"http:\/\/bloggar.se\/om\/proggmusik\" rel=\"tag\">proggmusik<\/a>, <a href=\"http:\/\/bloggar.se\/om\/Tr%E4d\" rel=\"tag\">Tr\u00e4d<\/a>, <a href=\"http:\/\/bloggar.se\/om\/gr%E4s\" rel=\"tag\">gr\u00e4s<\/a>, <a href=\"http:\/\/bloggar.se\/om\/stenar\" rel=\"tag\">stenar<\/a><\/p>\n","protected":false},"excerpt":{"rendered":"<p>TR\u00c4D GR\u00c4S och STENAR iscens\u00e4tter en mystisk seans p\u00e5 Nordiska Museet, Sthlm l\u00f6rdag 12 sept kl 17-18, i samband med utst\u00e4llningen &#8221;Proggens affischer&#8221;. Extra flum serveras av videomagikern La Noche. Intr\u00e4de 70:- (=museientr\u00e9) Kom i god tid innan f\u00f6r att hinna se utst\u00e4llningen &#8211; programmet b\u00f6rjar kl 12, museet st\u00e4nger kl 18! Torbj\u00f6rns hembyggda bash\u00f6gtalare [&hellip;]<\/p>\n","protected":false},"author":13,"featured_media":0,"comment_status":"open","ping_status":"open","sticky":false,"template":"","format":"standard","meta":{"_genesis_hide_title":false,"_genesis_hide_breadcrumbs":false,"_genesis_hide_singular_image":false,"_genesis_hide_footer_widgets":false,"_genesis_custom_body_class":"","_genesis_custom_post_class":"","_genesis_layout":"","footnotes":""},"categories":[7,30],"tags":[],"class_list":{"0":"post-12391","1":"post","2":"type-post","3":"status-publish","4":"format-standard","6":"category-musik","7":"category-teater","8":"entry"},"_links":{"self":[{"href":"https:\/\/kulturbloggen.com\/index.php?rest_route=\/wp\/v2\/posts\/12391","targetHints":{"allow":["GET"]}}],"collection":[{"href":"https:\/\/kulturbloggen.com\/index.php?rest_route=\/wp\/v2\/posts"}],"about":[{"href":"https:\/\/kulturbloggen.com\/index.php?rest_route=\/wp\/v2\/types\/post"}],"author":[{"embeddable":true,"href":"https:\/\/kulturbloggen.com\/index.php?rest_route=\/wp\/v2\/users\/13"}],"replies":[{"embeddable":true,"href":"https:\/\/kulturbloggen.com\/index.php?rest_route=%2Fwp%2Fv2%2Fcomments&post=12391"}],"version-history":[{"count":0,"href":"https:\/\/kulturbloggen.com\/index.php?rest_route=\/wp\/v2\/posts\/12391\/revisions"}],"wp:attachment":[{"href":"https:\/\/kulturbloggen.com\/index.php?rest_route=%2Fwp%2Fv2%2Fmedia&parent=12391"}],"wp:term":[{"taxonomy":"category","embeddable":true,"href":"https:\/\/kulturbloggen.com\/index.php?rest_route=%2Fwp%2Fv2%2Fcategories&post=12391"},{"taxonomy":"post_tag","embeddable":true,"href":"https:\/\/kulturbloggen.com\/index.php?rest_route=%2Fwp%2Fv2%2Ftags&post=12391"}],"curies":[{"name":"wp","href":"https:\/\/api.w.org\/{rel}","templated":true}]}}