{"id":12384,"date":"2009-09-03T11:35:33","date_gmt":"2009-09-03T09:35:33","guid":{"rendered":"http:\/\/kulturbloggen.com\/?p=12384"},"modified":"2012-02-11T09:20:36","modified_gmt":"2012-02-11T08:20:36","slug":"en-humoristisk-monolog-med-standupkomikern-anna-granath","status":"publish","type":"post","link":"https:\/\/kulturbloggen.com\/?p=12384","title":{"rendered":"En humoristisk monolog med standupkomikern Anna Granath"},"content":{"rendered":"<p>Den 7 oktober \u00e4r det premi\u00e4r p\u00e5 CELLOFAN BABE &#8211; en humoristisk monolog med standupkomikern ANNA GRANATH p\u00e5 Maximteatern.<\/p>\n<p>CELLOFAN BABE av isl\u00e4ndska f\u00f6rfattaren Bj\u00f6rk  Jakobsd\u00f3ttir har spelats med stor framg\u00e5ng b\u00e5de p\u00e5 Island och i Finland. Nu \u00e4r det Sveriges tur att p\u00e5 allvar uppt\u00e4cka en av Sveriges roligaste kvinnor , Anna Granath i Cellofan Babe.<br \/>\nDen handlar om att vara kvinna, ha man, barn, karri\u00e4r, hem, bil och s\u00e5 ett vulkaniskt sexliv ovanp\u00e5 det &#8230; Herregud, hur ska man hinna med?!<\/p>\n<p><strong>Varf\u00f6r heter showen Cellofan Babe?<\/strong><br \/>\nF\u00f6r att f\u00e5 livet att g\u00e5 ihop kr\u00e4vs det organisation in i minstadetalj! Planering, logistik, jaga minuter &#8230;<br \/>\nKvinnan som Anna gestaltar inser dock att k\u00e4rlekslivet \u00e4r eftersatt. Hon l\u00e4ser ett tips i en veckotidning om att \u00f6verraska mannen med att vira in sig i cellofan.<\/p>\n<p>Under f\u00f6rest\u00e4llningen m\u00f6ter vi henne i olika situationer d\u00e4r vi ser hur hon sliter med att f\u00e5 vardagen att g\u00e5 ihop. Allt med glimten i<br \/>\n\u00f6gat och mycket skratt!<\/p>\n<p>Fakta om ANNA GRANATH<br \/>\n f\u00f6ddes p\u00e5 BB i Helsingborg den 3e januari 1976. Hon var ett tyst och skalligt barn, som ofta satt en bit ifr\u00e5n och stirrade p\u00e5 v\u00e4rlden med f\u00f6rv\u00e5nade \u00f6gon. Hennes storasyster brukade roa sig med att kl\u00e4 ut Anna till Benny Andersson i Abba, s\u00e5 att hon sj\u00e4lv kunde f\u00e5 vara Agneta med sitt l\u00e5nga, blonda h\u00e5r.<\/p>\n<p>Anna dansade ut sin \u00e5ngest hos Tant Birgittas barndans p\u00e5 Kommunala musikskolan och fortsatte sedan av bara farten att utbilda sig till dans\u00f6s. P\u00e5 Malm\u00f6 Stadsteaters Balettelevskola tuktades Anna enligt den ryska skolan och k\u00e4mpade med sin spagat och sina vrister &#8211; ej skapta f\u00f6r t\u00e5spetsskor.<\/p>\n<p>Som 17-\u00e5ring kom Anna, sina brister till trots, in p\u00e5 Balettakademien i Stockholm. Hon drog allts\u00e5 upp sina sk\u00e5nska r\u00f6tter och for till<br \/>\nhuvudstaden med f\u00f6rhoppningar, dr\u00f6mmar och hunden Helton. Efter bara tv\u00e5 \u00e5r p\u00e5 den tre-\u00e5riga utbildningen fick Anna sitt f\u00f6rsta jobb i musikalen Chicago. Lyckan var fullst\u00e4ndig! En flytt till G\u00f6teborg senare och hon kunde kalla sig musikalartist.<\/p>\n<p>Tio \u00e5r, fem produktioner och \u00e5tskilliga skador senare b\u00f6rjade Anna k\u00e4nna sig tr\u00f6tt p\u00e5 ensembleroller och roade sig ist\u00e4llet med att<br \/>\nst\u00e4ndigt med att s\u00e4tta upp egna shower s\u00e5 fort tillf\u00e4lle gavs. En annan favorithobby var att med hj\u00e4lp av l\u00f6st\u00e4nder och annat skoj<br \/>\nf\u00f6rs\u00f6ka f\u00e5 de andra kollegorna att b\u00f6rja skratta p\u00e5 scen, under f\u00f6rest\u00e4llning.<\/p>\n<p>N\u00e4r Anna ins\u00e5g att de skojsiga uppt\u00e5gen egentligen var tragiska uttryck f\u00f6r existentiell leda f\u00f6rstod hon att det var dags att g\u00e5<br \/>\nvidare. Men med vad? Kan man jobba med sin hobby? t\u00e4nkte en h\u00f6ggravid Anna och anm\u00e4lde sig till en t\u00e4vling i stand up comedy.<\/p>\n<p>Kanske har du sett Anna i SVT:s humorprogram MORGONSOFFAN eller h\u00f6rt henne som  radiopratare i Morgonpasset Helg i SR P3 ? Anna \u00e4r medf\u00f6rfattare till  &#8221; Mera sj\u00e4lvk\u00e4nsla \u00e4n du kan hantera&#8221; tillsammans med Petra Mede.<\/p>\n<p>Klipp fr\u00e5n f\u00f6rest\u00e4llningen:<br \/>\n<object width=\"560\" height=\"340\"><param name=\"movie\" value=\"http:\/\/www.youtube.com\/v\/GoeV94OQ8PE&#038;hl=sv&#038;fs=1&#038;\"><\/param><param name=\"allowFullScreen\" value=\"true\"><\/param><param name=\"allowscriptaccess\" value=\"always\"><\/param><embed src=\"http:\/\/www.youtube.com\/v\/GoeV94OQ8PE&#038;hl=sv&#038;fs=1&#038;\" type=\"application\/x-shockwave-flash\" allowscriptaccess=\"always\" allowfullscreen=\"true\" width=\"560\" height=\"340\"><\/embed><\/object><\/p>\n<p>L\u00e4s \u00e4ven andra bloggares \u00e5sikter om <a href=\"http:\/\/bloggar.se\/om\/scen\" rel=\"tag\">scen<\/a>, <a href=\"http:\/\/bloggar.se\/om\/komedi\" rel=\"tag\">komedi<\/a>, <a href=\"http:\/\/bloggar.se\/om\/teater\" rel=\"tag\">teater<\/a>, <a href=\"http:\/\/bloggar.se\/om\/stand+up+comedy\" rel=\"tag\">stand up comedy<\/a>, <a href=\"http:\/\/bloggar.se\/om\/Anna+Granath\" rel=\"tag\">Anna Granath<\/a>, <a href=\"http:\/\/bloggar.se\/om\/Maxim\" rel=\"tag\">Maxim<\/a><\/p>\n","protected":false},"excerpt":{"rendered":"<p>Den 7 oktober \u00e4r det premi\u00e4r p\u00e5 CELLOFAN BABE &#8211; en humoristisk monolog med standupkomikern ANNA GRANATH p\u00e5 Maximteatern. CELLOFAN BABE av isl\u00e4ndska f\u00f6rfattaren Bj\u00f6rk Jakobsd\u00f3ttir har spelats med stor framg\u00e5ng b\u00e5de p\u00e5 Island och i Finland. Nu \u00e4r det Sveriges tur att p\u00e5 allvar uppt\u00e4cka en av Sveriges roligaste kvinnor , Anna Granath i [&hellip;]<\/p>\n","protected":false},"author":13,"featured_media":0,"comment_status":"open","ping_status":"open","sticky":false,"template":"","format":"standard","meta":{"_genesis_hide_title":false,"_genesis_hide_breadcrumbs":false,"_genesis_hide_singular_image":false,"_genesis_hide_footer_widgets":false,"_genesis_custom_body_class":"","_genesis_custom_post_class":"","_genesis_layout":"","footnotes":""},"categories":[30],"tags":[2984,12286,5344,12288],"class_list":{"0":"post-12384","1":"post","2":"type-post","3":"status-publish","4":"format-standard","6":"category-teater","7":"tag-komedi","8":"tag-film","9":"tag-stand-up-comedy","10":"tag-teater","11":"entry"},"_links":{"self":[{"href":"https:\/\/kulturbloggen.com\/index.php?rest_route=\/wp\/v2\/posts\/12384","targetHints":{"allow":["GET"]}}],"collection":[{"href":"https:\/\/kulturbloggen.com\/index.php?rest_route=\/wp\/v2\/posts"}],"about":[{"href":"https:\/\/kulturbloggen.com\/index.php?rest_route=\/wp\/v2\/types\/post"}],"author":[{"embeddable":true,"href":"https:\/\/kulturbloggen.com\/index.php?rest_route=\/wp\/v2\/users\/13"}],"replies":[{"embeddable":true,"href":"https:\/\/kulturbloggen.com\/index.php?rest_route=%2Fwp%2Fv2%2Fcomments&post=12384"}],"version-history":[{"count":1,"href":"https:\/\/kulturbloggen.com\/index.php?rest_route=\/wp\/v2\/posts\/12384\/revisions"}],"predecessor-version":[{"id":48320,"href":"https:\/\/kulturbloggen.com\/index.php?rest_route=\/wp\/v2\/posts\/12384\/revisions\/48320"}],"wp:attachment":[{"href":"https:\/\/kulturbloggen.com\/index.php?rest_route=%2Fwp%2Fv2%2Fmedia&parent=12384"}],"wp:term":[{"taxonomy":"category","embeddable":true,"href":"https:\/\/kulturbloggen.com\/index.php?rest_route=%2Fwp%2Fv2%2Fcategories&post=12384"},{"taxonomy":"post_tag","embeddable":true,"href":"https:\/\/kulturbloggen.com\/index.php?rest_route=%2Fwp%2Fv2%2Ftags&post=12384"}],"curies":[{"name":"wp","href":"https:\/\/api.w.org\/{rel}","templated":true}]}}