{"id":12362,"date":"2009-09-02T20:48:24","date_gmt":"2009-09-02T18:48:24","guid":{"rendered":"http:\/\/kulturbloggen.com\/?p=12362"},"modified":"2009-09-02T20:48:24","modified_gmt":"2009-09-02T18:48:24","slug":"det-finns-satt-att-minska-svininfluensans-spridning-men-dessa-atgardes-genomfors-inte","status":"publish","type":"post","link":"https:\/\/kulturbloggen.com\/?p=12362","title":{"rendered":"Det finns s\u00e4tt att minska svininfluensans spridning, men dessa \u00e5tg\u00e4rder genomf\u00f6rs inte"},"content":{"rendered":"<p><img loading=\"lazy\" decoding=\"async\" src=\"http:\/\/sodergren.com\/kulturbloggen\/wp-content\/uploads\/2009\/09\/Svininfluensa.png\" alt=\"Svininfluensa\" title=\"Svininfluensa\" width=\"138\" height=\"138\" class=\"aligncenter size-full wp-image-12365\" \/><br \/>\nN\u00e5gon hostar i tunnelbanan eller i bussen &#8211; och alla hundratals arbetare som st\u00e5r och tr\u00e4ngs d\u00e4r och andas samma luft och om den som hostar b\u00e4r p\u00e5 det smittsamma H1N1-viruset \u00e4r chansen stor att hundratals nu f\u00e5tt smittan. I sin tur b\u00e4r de detta virus med sig till sina stora f\u00f6rel\u00e4sningssalar p\u00e5 universitet och arbetsplatser.<\/p>\n<p><a href=\"http:\/\/www.svd.se\/nyheter\/inrikes\/artikel_3456613.svd\">\u00c4nnu fler studenter studerar p\u00e5 h\u00f6gskolorna \u00e4n annars<\/a>, p\u00e5 grund av finanskrisen.<\/p>\n<p>Hur farlig \u00e4r H1N1-influensan och hur m\u00e5nga kommer att bli sjuka? Ingen vet. Vi f\u00e5r ju tyv\u00e4rr inte heller alla fakta. Mannen som avled hade uppenbarligen en riskfaktor. Vilken f\u00e5r vi inte vet, det hemligh\u00e5lles med h\u00e4nsyn till mannen och hans anh\u00f6riga. Hmm? Det hade v\u00e4l varit bra f\u00f6r m\u00e4nniskor som nu b\u00f6rjar gripas av panik att f\u00e5 veta mer. Kunskap brukar undanr\u00f6ja panik och on\u00f6dig oro.<\/p>\n<p>I vilket fall som helst finns det tv\u00e5 \u00e5tg\u00e4rder som kraftigt skulle kunna minska smittriskerna. Men inget av detta kommer troligen att genomf\u00f6ras.<\/p>\n<p>Det f\u00f6rsta \u00e4r s\u00e5 klart att ta bort karensdagen. Alla som blir sjuka i influensaliknande symptom borde tvingas att h\u00e5lla sig hemma. Den som drabbas f\u00f6r v\u00e4l kunna ta den h\u00e4nsynen att inte riskera smitta andra? Men d\u00e5 m\u00e5ste inst\u00e4llningen \u00e4ndras p\u00e5 m\u00e5nga arbetsplatser. Det \u00e4r inte tufft att jobba med influensa i kroppen.<\/p>\n<p>Den andra \u00e5tg\u00e4rden som skulle kunna minska smittoriskerna \u00e4r att s\u00e4tta in betydligt mer kollektivtrafik, s\u00e5 vi slapp att sitta i kn\u00e4et p\u00e5 varandra under rusningstimmarna.<\/p>\n<p>Jag vill inte rusa med i paniken, men jag tycker \u00e4nd\u00e5 det \u00e4r oansvarigt att s\u00e4ga att det inte \u00e4r n\u00e5got farligt alls. Sjukdomen sprids och vi vet inte hur h\u00e5rt den kommer att sl\u00e5 till. Men vi b\u00f6r g\u00f6ra vad vi kan f\u00f6r att minska den.<\/p>\n<p>Karensdagen b\u00f6r tas bort &#8211; omedelbart och s\u00e4tt in massor av mer bussar och t\u00e5g och sp\u00e5rvagnar.<br \/>\nOch uppmuntra till att m\u00e4nniskor kan arbeta hemma i den m\u00e5n det g\u00e5r emellan\u00e5t.<\/p>\n<p>Relaterat:<br \/>\nBloggaren Svensson har tagit upp svininfluensan ur olika synvinklar:<br \/>\n<a href=\"http:\/\/www.zaramis.nu\/blog\/2009\/09\/01\/smittspridningen-av-svininfluensan-sker-i-tva-faser\/\">Smittspridningen av svininfluensan sker i tv\u00e5 faser <\/a><br \/>\n<a href=\"http:\/\/www.zaramis.nu\/blog\/2009\/09\/01\/svininfluensan-inte-sa-farlig-som-den-verkar\/\">Svininfluensan &#8211; inte s\u00e5 farlig som den verkar<\/a><\/p>\n<p>Relaterat:<br \/>\n<a href=\"http:\/\/www.svd.se\/nyheter\/inrikes\/artikel_3450903.svd\">SVD1<\/a>, <a href=\"http:\/\/www.svd.se\/opinion\/brannpunkt\/artikel_3427795.svd\">SVD2<\/a>, <a href=\"http:\/\/www.svd.se\/nyheter\/inrikes\/artikel_3454791.svd\">SVD3<\/a>, <a href=\"http:\/\/www.dn.se\/nyheter\/vetenskap\/ratt-rad-gavs-till-avliden-1.943669\">DN1<\/a>, <a href=\"http:\/\/www.dn.se\/nyheter\/vetenskap\/tusentals-extra-vaccinatorer-behovs-1.943881\">DN2<\/a>, <a href=\"http:\/\/www.dn.se\/nyheter\/sverige\/40-aringen-uppfyllde-riskfaktorer-1.943239\">DN3<\/a>, <a href=\"http:\/\/www.aftonbladet.se\/nyheter\/article5732484.ab\">Aftonbladet<\/a>, <a href=\"http:\/\/www.expressen.se\/Nyheter\/1.1692277\/ratt-rad-gavs-till-avliden#\">Expressen<\/a>.<\/p>\n<p>L\u00e4s \u00e4ven andra bloggares \u00e5sikter om <a href=\"http:\/\/bloggar.se\/om\/samh%E4lle\" rel=\"tag\">samh\u00e4lle<\/a>, <a href=\"http:\/\/bloggar.se\/om\/sjukv%E5rd\" rel=\"tag\">sjukv\u00e5rd<\/a>, <a href=\"http:\/\/bloggar.se\/om\/politik\" rel=\"tag\">politik<\/a>, <a href=\"http:\/\/bloggar.se\/om\/svininfluensa\" rel=\"tag\">svininfluensa<\/a>, <a href=\"http:\/\/bloggar.se\/om\/H1N1\" rel=\"tag\">H1N1<\/a>, <a href=\"http:\/\/bloggar.se\/om\/karensdag\" rel=\"tag\">karensdag<\/a>, <a href=\"http:\/\/bloggar.se\/om\/kollektivtrafik\" rel=\"tag\">kollektivtrafik<\/a><\/p>\n","protected":false},"excerpt":{"rendered":"<p>N\u00e5gon hostar i tunnelbanan eller i bussen &#8211; och alla hundratals arbetare som st\u00e5r och tr\u00e4ngs d\u00e4r och andas samma luft och om den som hostar b\u00e4r p\u00e5 det smittsamma H1N1-viruset \u00e4r chansen stor att hundratals nu f\u00e5tt smittan. I sin tur b\u00e4r de detta virus med sig till sina stora f\u00f6rel\u00e4sningssalar p\u00e5 universitet och [&hellip;]<\/p>\n","protected":false},"author":2,"featured_media":0,"comment_status":"open","ping_status":"open","sticky":false,"template":"","format":"standard","meta":{"_genesis_hide_title":false,"_genesis_hide_breadcrumbs":false,"_genesis_hide_singular_image":false,"_genesis_hide_footer_widgets":false,"_genesis_custom_body_class":"","_genesis_custom_post_class":"","_genesis_layout":"","footnotes":""},"categories":[20],"tags":[12284,4917,5091],"class_list":{"0":"post-12362","1":"post","2":"type-post","3":"status-publish","4":"format-standard","6":"category-film","7":"tag-politik","8":"tag-samhalle","9":"tag-sjukvard","10":"entry"},"_links":{"self":[{"href":"https:\/\/kulturbloggen.com\/index.php?rest_route=\/wp\/v2\/posts\/12362","targetHints":{"allow":["GET"]}}],"collection":[{"href":"https:\/\/kulturbloggen.com\/index.php?rest_route=\/wp\/v2\/posts"}],"about":[{"href":"https:\/\/kulturbloggen.com\/index.php?rest_route=\/wp\/v2\/types\/post"}],"author":[{"embeddable":true,"href":"https:\/\/kulturbloggen.com\/index.php?rest_route=\/wp\/v2\/users\/2"}],"replies":[{"embeddable":true,"href":"https:\/\/kulturbloggen.com\/index.php?rest_route=%2Fwp%2Fv2%2Fcomments&post=12362"}],"version-history":[{"count":0,"href":"https:\/\/kulturbloggen.com\/index.php?rest_route=\/wp\/v2\/posts\/12362\/revisions"}],"wp:attachment":[{"href":"https:\/\/kulturbloggen.com\/index.php?rest_route=%2Fwp%2Fv2%2Fmedia&parent=12362"}],"wp:term":[{"taxonomy":"category","embeddable":true,"href":"https:\/\/kulturbloggen.com\/index.php?rest_route=%2Fwp%2Fv2%2Fcategories&post=12362"},{"taxonomy":"post_tag","embeddable":true,"href":"https:\/\/kulturbloggen.com\/index.php?rest_route=%2Fwp%2Fv2%2Ftags&post=12362"}],"curies":[{"name":"wp","href":"https:\/\/api.w.org\/{rel}","templated":true}]}}