{"id":123286,"date":"2019-02-27T00:54:17","date_gmt":"2019-02-26T23:54:17","guid":{"rendered":"https:\/\/kulturbloggen.com\/?p=123286"},"modified":"2019-06-25T03:50:39","modified_gmt":"2019-06-25T02:50:39","slug":"mandagar-storbandsshow-numera-ocksa-i-goteborg","status":"publish","type":"post","link":"https:\/\/kulturbloggen.com\/?p=123286","title":{"rendered":"M\u00e5ndagar + storbandsshow = numera ocks\u00e5 i G\u00f6teborg"},"content":{"rendered":"\n<figure class=\"wp-block-image\"><img loading=\"lazy\" decoding=\"async\" width=\"1024\" height=\"768\" src=\"https:\/\/kulturbloggen.com\/wp-content\/uploads\/2019\/02\/Pop-Swings-20190225_26_foto_\u00c5sa_Eklund-1024x768.jpg\" alt=\"\" class=\"wp-image-123287\" srcset=\"https:\/\/kulturbloggen.com\/wp-content\/uploads\/2019\/02\/Pop-Swings-20190225_26_foto_\u00c5sa_Eklund-1024x768.jpg 1024w, https:\/\/kulturbloggen.com\/wp-content\/uploads\/2019\/02\/Pop-Swings-20190225_26_foto_\u00c5sa_Eklund-300x225.jpg 300w, https:\/\/kulturbloggen.com\/wp-content\/uploads\/2019\/02\/Pop-Swings-20190225_26_foto_\u00c5sa_Eklund-768x576.jpg 768w\" sizes=\"auto, (max-width: 1024px) 100vw, 1024px\" \/><figcaption>Foton \u00c5sa Eklund<\/figcaption><\/figure>\n\n\n<p>Var? Vauxhall p\u00e5 Contrast Public House p\u00e5 Tredje L\u00e5nggatan 16 i G\u00f6teborg<\/p>\n<p>N\u00e4r? Sista m\u00e5ndagen varje m\u00e5nad \/entr\u00e9:150:-<\/p>\n<p>Vad? Nybildade Gothenburg Jazz Orchestra med&nbsp; g\u00e4ster &nbsp;<\/p>\n<p>Krogar och klubbar beh\u00f6ver&nbsp; event&nbsp; f\u00f6r att locka&nbsp; g\u00e4ster&nbsp; p\u00e5 vardagar. Tisdagar har det blivit kutym att k\u00f6ra quizz, framf\u00f6r allt p\u00e5 pubar. Ute\u00e4tare \u00e4r sv\u00e5rflirtade \u00e4ven m\u00e5ndagar. Monday Night Big Band fanns under m\u00e5nga \u00e5r i Malm\u00f6 (os\u00e4ker p\u00e5 om f\u00f6reteelsen finns kvar). F\u00f6rlagan hittas i New York p\u00e5 Village Vanguard, d\u00e4r storbandssv\u00e4ng varit en 50-\u00e5rig tradition \u00e4nda sedan klassiska orkestern Thad Jones\/ Mel Lewis i begynnelsen.&nbsp;<\/p>\n<p>Under en skivinspelning fann Johnny Olsson och Johan Borgstr\u00f6m varandra.&nbsp; Johnnys namn har varit synonymt med storband, tevegalor och prominenta s\u00e5ngare i decennier, medan Johan har ett rikt&nbsp; f\u00f6rflutet i framg\u00e5ngsrika Bohusl\u00e4n Big Band, f\u00f6rutom att han ett tag hade ig\u00e5ng&nbsp; egen karri\u00e4r. N\u00e4r de tr\u00e4ffades kom de fram till att de var sugna p\u00e5 att bilda ett ny jazzorkester, vars \u00e4ndam\u00e5l skulle vara gl\u00e4djefyllda krogkonserter med en varierad repertoar. I och med en \u00e4gare beredd att satsa l\u00e5ngsiktigt kunde man f\u00f6rverkliga sin id\u00e9. Jag hade f\u00e5tt inbjudan av Mats Eklund i orkestern. Hade m\u00f6jlighet att n\u00e4rvara p\u00e5 denna deras tredje spelning. F\u00e5r en pratstund med herrarna i god tid f\u00f6re musikerna \u00e4ntrar scen. Repat och riggat hade de redan gjort under s\u00f6ndagen, vilket gjorde att eventuell stress kunde undvikas.<\/p>\n<p><\/p>\n<p>Johnny som senaste \u00e5ren utr\u00e4ttat storverk med M\u00f6lnlycke Storband, \u00f6nskade att ha med Johan som bollplank och id\u00e9givare. En f\u00f6ruts\u00e4ttning var att hitta ett st\u00e4lle som l\u00e5g centralt plus en kr\u00f6gare som var intresserad av s\u00e5dan h\u00e4r verksamhet, en kr\u00f6gare som hade en vilja att bygga upp en publik p\u00e5 l\u00e5ng sikt. Kan flika in att jag&nbsp; f\u00f6r ett antal \u00e5r sedan varit med jobbet i dessa lokaler n\u00e4r artister sj\u00f6ng f\u00f6r matg\u00e4ster vid l\u00e5ngbord. &nbsp;&nbsp;<\/p>\n<p><\/p>\n\n\n<figure class=\"wp-block-image\"><img loading=\"lazy\" decoding=\"async\" width=\"768\" height=\"1024\" src=\"https:\/\/kulturbloggen.com\/wp-content\/uploads\/2019\/02\/Pop-Swings-20190225_34_foto_\u00c5sa_Eklund-768x1024.jpg\" alt=\"\" class=\"wp-image-123291\" srcset=\"https:\/\/kulturbloggen.com\/wp-content\/uploads\/2019\/02\/Pop-Swings-20190225_34_foto_\u00c5sa_Eklund-768x1024.jpg 768w, https:\/\/kulturbloggen.com\/wp-content\/uploads\/2019\/02\/Pop-Swings-20190225_34_foto_\u00c5sa_Eklund-225x300.jpg 225w\" sizes=\"auto, (max-width: 768px) 100vw, 768px\" \/><figcaption>Markus Barske och Gothenburg Jazz Orchestra<\/figcaption><\/figure>\n\n\n\n<p>\u00c4r f\u00f6rst\u00e5s nyfiken p\u00e5 hur duon gick till v\u00e4ga f\u00f6r att s\u00e4tta samman sin nybildade konstellation. Svaret blir att det g\u00e4ller att se sig omkring. Vilka favoriter &#8211; musikaliskt och socialt &#8211; finns att tillg\u00e5. Grundarna tycker att man ska v\u00e5ga sikta h\u00f6gt, inte vara r\u00e4dd f\u00f6r att fr\u00e5ga. Borgstr\u00f6m p\u00e5pekar att det egentligen bara finns ett storband som h\u00e5ller riktigt h\u00f6g klass i regionen, n\u00e4mligen Bohusl\u00e4n Big Band (som jag uppskattningsvis h\u00f6rt minst ett tjugotal g\u00e5nger sedan slutet p\u00e5 80-talet). Samtidigt framh\u00e5ller de att publiken \u00e4r glad f\u00f6r att det finns fler duktiga band. \u00c5tskilliga i orkestern spelar ocks\u00e5 i BBB eller West Coast Big Band eller har ing\u00e5tt i Janne Ersons Monster Big Band. Musikerna vill ta chansen och f\u00e5 fler gig. Betr\u00e4ffande de f\u00f6reg\u00e5ende framtr\u00e4dandena p\u00e5 Contrast, har orkestern f\u00e5tt ta emot  fina reaktioner. Responsen s\u00e4gs ha varit v\u00e4ldigt bra, folk har inte upplevt vad de g\u00f6r som spretigt. &#8221;Vi&nbsp;vill&nbsp;ha&nbsp;extremt&nbsp;h\u00f6g&nbsp;niv\u00e5&nbsp;i kombination med att folk har roligt&#8221;,&nbsp;kommenterar Johan.<\/p>\n\n\n\n<p> Varje l\u00e5t beh\u00f6ver inte vara upplagd som en symfoni. Det ska vara kul att h\u00f6ra dem. Man str\u00e4var inte efter att l\u00e5ta skrynkliga. Vidare anser Johan att man inte f\u00e5r vara r\u00e4dd f\u00f6r att spela enkelt. Vi vill g\u00f6ra v\u00e5r grej, inte j\u00e4mf\u00f6ra oss med andra etablerade storband. &#8221;<em>Vi\u00a0jobbar\u00a0brett,\u00a0vill\u00a0ge\u00a0utrymme\u00a0f\u00f6r\u00a0musikerna, hos oss ska det inte vara \u00a0som att l\u00f6sa korsord.&#8221; <\/em><\/p>\n\n\n\n<p><em>\u00a0<\/em><\/p>\n\n\n\n<p><em>&nbsp;<\/em> Hans stilideal \u00e4r Dizzy Gillespie och Sonny Rollins (tv\u00e5 giganter jag r\u00e5kar ha h\u00f6rt live). B\u00e5de Johnny och Johan vittnar om en p\u00e5taglig spelgl\u00e4dje hos GJO. <em>Den&nbsp;\u00e4r&nbsp;helt&nbsp;sensationell,&nbsp;vilket&nbsp;smittar&nbsp;av&nbsp;sig.<\/em> Johnny befinner sig i trumpetsektionen, medan Johan sitter bland tr\u00e4bl\u00e5sarna, fast vid detta gig hade det halvkrassliga bollplanket f\u00f6rhinder. Aprop\u00e5 vart det kommer leda, s\u00e4ger duon att det f\u00e5r ge sig sj\u00e4lv. De \u00e4r inst\u00e4llda p\u00e5 att det kommer ta tid att etablera sig, men tror absolut att det finns underlag f\u00f6r ytterligare ett storband i trakten. <em>Handlar&nbsp;mer&nbsp;om&nbsp;vad&nbsp;man&nbsp;g\u00f6r,&nbsp;vi&nbsp;till\u00e5ter&nbsp;oss&nbsp;att&nbsp;sk\u00e4mta.<\/em>&nbsp;Sammanhanget \u00e4r viktigt. Ett uttalat krav enligt initiativtagarna \u00e4r att det ska vara trivsamt. Milj\u00f6n och maten har d\u00e4rf\u00f6r betydelse. <\/p>\n\n\n\n<figure class=\"wp-block-image\"><img loading=\"lazy\" decoding=\"async\" width=\"1024\" height=\"768\" src=\"https:\/\/kulturbloggen.com\/wp-content\/uploads\/2019\/02\/Pop-Swings-20190225_19_foto_\u00c5sa_Eklund-1024x768.jpg\" alt=\"\" class=\"wp-image-123301\" srcset=\"https:\/\/kulturbloggen.com\/wp-content\/uploads\/2019\/02\/Pop-Swings-20190225_19_foto_\u00c5sa_Eklund-1024x768.jpg 1024w, https:\/\/kulturbloggen.com\/wp-content\/uploads\/2019\/02\/Pop-Swings-20190225_19_foto_\u00c5sa_Eklund-300x225.jpg 300w, https:\/\/kulturbloggen.com\/wp-content\/uploads\/2019\/02\/Pop-Swings-20190225_19_foto_\u00c5sa_Eklund-768x576.jpg 768w\" sizes=\"auto, (max-width: 1024px) 100vw, 1024px\" \/><\/figure>\n\n\n\n<p>Aftonens event har delvis annorlunda inriktning och annan m\u00e5lgrupp. Magikern Stefan Odenhall presenterar sin v\u00e4n Markus Barske, vars lena st\u00e4mma  tolkar ett knippe svenska hits i crooner-anda. Rubriken l\u00f6d Pop swings. De fr\u00e4cka arrangemangen \u00e4r skrivna av Andreas Hall, vilket han f\u00f6rtj\u00e4nar stor eloge f\u00f6r. Han har tagit fasta p\u00e5 klatschiga refr\u00e4nger och melodislingor, genom att frimodigt skala bort s\u00e5dant som gitarrsolon, l\u00e5tarnas beat och d\u00e4rtill ofta avl\u00e4gsnat det tempo vi f\u00f6rknippar dessa hits med. Vilka l\u00e5tar talar vi om? Jo, alster vi associerar med Bj\u00f6rn Skifs, Europe, the Cardigans, Niklas Str\u00f6mstedt\/ Christer Bj\u00f6rkman, Roxette, Ulf Lundell, Mikael Rickfors samt H\u00e5kan Hellstr\u00f6m. Liknande koncept genomf\u00f6rde den reslige vokalisten (har sjungit i krogshow hos Bj\u00f6rn Skifs) p\u00e5 AW i somras. <\/p>\n\n\n\n<p>Det var upplyftande att bara svepas med i en medryckande virvel. Ett par g\u00e5nger uppmanades till alls\u00e5ng. Flera l\u00e5tar var enormt omarbetade, hade bara kvar sitt skal. De var inte l\u00e4tta att omg\u00e5ende identifiera, vilket f\u00f6rh\u00f6jde lyssnandet. Vokalisten antydde att somliga egentligen simpla l\u00e5tar hade filtrerats och f\u00f6r\u00e4dlats i denna tappning. Kan t\u00e4nka mig att han syftade p\u00e5 titlar som (<em>Oh&nbsp;la&nbsp;la)&nbsp;jag&nbsp;vill&nbsp;ha&nbsp;dig,&nbsp;The&nbsp;Final&nbsp;Countdown&nbsp;&nbsp;<\/em>och <em>Vingar<\/em>. Det fina i kr\u00e5ks\u00e5ngen \u00e4r i alla fall att musikerna aldrig tummar p\u00e5 kvaliteten.  Med  nedtonad bas, exponerades tydligt s\u00e5v\u00e4l symmetrin och tryckv\u00e5gorna, som nyanserna och &#8221;grymma&#8221; tekniken hos  bl\u00e5ssektionerna. <\/p>\n\n\n\n<figure class=\"wp-block-image\"><img loading=\"lazy\" decoding=\"async\" width=\"1024\" height=\"768\" src=\"https:\/\/kulturbloggen.com\/wp-content\/uploads\/2019\/02\/Pop-Swings-20190225_33_foto_\u00c5sa_Eklund-1024x768.jpg\" alt=\"\" class=\"wp-image-123307\" srcset=\"https:\/\/kulturbloggen.com\/wp-content\/uploads\/2019\/02\/Pop-Swings-20190225_33_foto_\u00c5sa_Eklund-1024x768.jpg 1024w, https:\/\/kulturbloggen.com\/wp-content\/uploads\/2019\/02\/Pop-Swings-20190225_33_foto_\u00c5sa_Eklund-300x225.jpg 300w, https:\/\/kulturbloggen.com\/wp-content\/uploads\/2019\/02\/Pop-Swings-20190225_33_foto_\u00c5sa_Eklund-768x576.jpg 768w\" sizes=\"auto, (max-width: 1024px) 100vw, 1024px\" \/><figcaption>St\u00e5ende som saxofonsolist Axel M\u00e5rdsj\u00f6<\/figcaption><\/figure>\n\n\n\n<p>I andra set blev det instrumentalt f\u00f6r hela slanten, bortsett fr\u00e5n  n\u00e5gra skojiga  kollektiva utrop.  Noterbart att GJO klarade  sig utan dirigent. N\u00e4r det beh\u00f6vdes h\u00f6ll ist\u00e4llet Axel M\u00e5rdsj\u00f6  ordning p\u00e5 takter och inr\u00e4kning. Han tillh\u00f6r liksom Borgstr\u00f6m och tidigare n\u00e4mnde Hall den exklusiva skara som skriver arr. Tv\u00e5 p\u00e4rlor i andra set var <em>Angel&nbsp;<\/em>featuring Erik Weissglas med Wes Montgomery- ackord j\u00e4mte ett nummer med latin-stuk d\u00e4r Michael Andersson p\u00e5 slagverk hade en central position.<\/p>\n\n\n\n<p>Ska inte idka namedropping, bara n\u00e4mna n\u00e5gra viktiga kuggar. Tv\u00e5 kvinnor syntes, varav Kat Hermans p\u00e5 kontrabas hade avg\u00f6rande positiv inverkan. Vikarierna p\u00e5 klaviatur respektive trummor hette David Eckerstein respektive Pauls Pokratnieks. Trumpetaren Mats Eklund och n\u00e4mnde M\u00e5rdsj\u00f6 stod vid n\u00e5gra tillf\u00e4llen i centrum genom fina solon. Den  som f\u00f6r aftonen imponerade allra mest med flera ber\u00f6rande inpass var Orfeas W\u00e4rdig. Tror alla i lokalen absorberades av hans ljuvliga lir. Hans g\u00e4rning v\u00e4ckte beundran, liksom kunnandet och attityden hos unga Gothenburg Jazz Orchestra. Man hade fullt fokus trots att f\u00e5 i publiken fanns kvar till slutet. En entusiastisk person bredvid mig (en kvinna som sjungit i storband), hade \u00e5kt \u00e4nda fr\u00e5n Sk\u00e5ne f\u00f6r denna tilldragelse, n\u00e5got hon definitivt inte \u00e5ngrade.<\/p>\n\n\n\n<p>Gillar ni att se och h\u00f6ra bra, sitta ordentligt, spendera p\u00e5 renommerad restaurang och &#8221;uts\u00e4tta&#8221; er f\u00f6r livemusik med drag och djup? D\u00e5 ska ni ta er till Linn\u00e9staden i G\u00f6teborg sista m\u00e5ndagen varje m\u00e5nad. Spelningen b\u00f6rjar cirka 19:30. Hoppas n\u00e4sta konsert blir fullbokad. M\u00e5ndagar och storband h\u00f6r intimt ihop. \u00c5tminstone en m\u00e5ndag i m\u00e5naden kan i regi av Gothenburg Jazz Orchestra bli som ett naturligt lyckopiller.<\/p>\n","protected":false},"excerpt":{"rendered":"<p>Var? Vauxhall p\u00e5 Contrast Public House p\u00e5 Tredje L\u00e5nggatan 16 i G\u00f6teborg N\u00e4r? Sista m\u00e5ndagen varje m\u00e5nad \/entr\u00e9:150:- Vad? Nybildade Gothenburg Jazz Orchestra med&nbsp; g\u00e4ster &nbsp; Krogar och klubbar beh\u00f6ver&nbsp; event&nbsp; f\u00f6r att locka&nbsp; g\u00e4ster&nbsp; p\u00e5 vardagar. Tisdagar har det blivit kutym att k\u00f6ra quizz, framf\u00f6r allt p\u00e5 pubar. Ute\u00e4tare \u00e4r sv\u00e5rflirtade \u00e4ven m\u00e5ndagar. Monday [&hellip;]<\/p>\n","protected":false},"author":34,"featured_media":0,"comment_status":"closed","ping_status":"closed","sticky":false,"template":"","format":"standard","meta":{"_genesis_hide_title":false,"_genesis_hide_breadcrumbs":false,"_genesis_hide_singular_image":false,"_genesis_hide_footer_widgets":false,"_genesis_custom_body_class":"","_genesis_custom_post_class":"","_genesis_layout":"","footnotes":""},"categories":[7],"tags":[],"class_list":{"0":"post-123286","1":"post","2":"type-post","3":"status-publish","4":"format-standard","6":"category-musik","7":"entry"},"_links":{"self":[{"href":"https:\/\/kulturbloggen.com\/index.php?rest_route=\/wp\/v2\/posts\/123286","targetHints":{"allow":["GET"]}}],"collection":[{"href":"https:\/\/kulturbloggen.com\/index.php?rest_route=\/wp\/v2\/posts"}],"about":[{"href":"https:\/\/kulturbloggen.com\/index.php?rest_route=\/wp\/v2\/types\/post"}],"author":[{"embeddable":true,"href":"https:\/\/kulturbloggen.com\/index.php?rest_route=\/wp\/v2\/users\/34"}],"replies":[{"embeddable":true,"href":"https:\/\/kulturbloggen.com\/index.php?rest_route=%2Fwp%2Fv2%2Fcomments&post=123286"}],"version-history":[{"count":21,"href":"https:\/\/kulturbloggen.com\/index.php?rest_route=\/wp\/v2\/posts\/123286\/revisions"}],"predecessor-version":[{"id":125974,"href":"https:\/\/kulturbloggen.com\/index.php?rest_route=\/wp\/v2\/posts\/123286\/revisions\/125974"}],"wp:attachment":[{"href":"https:\/\/kulturbloggen.com\/index.php?rest_route=%2Fwp%2Fv2%2Fmedia&parent=123286"}],"wp:term":[{"taxonomy":"category","embeddable":true,"href":"https:\/\/kulturbloggen.com\/index.php?rest_route=%2Fwp%2Fv2%2Fcategories&post=123286"},{"taxonomy":"post_tag","embeddable":true,"href":"https:\/\/kulturbloggen.com\/index.php?rest_route=%2Fwp%2Fv2%2Ftags&post=123286"}],"curies":[{"name":"wp","href":"https:\/\/api.w.org\/{rel}","templated":true}]}}