{"id":123010,"date":"2019-02-17T08:32:37","date_gmt":"2019-02-17T07:32:37","guid":{"rendered":"https:\/\/kulturbloggen.com\/?p=123010"},"modified":"2019-02-18T09:36:59","modified_gmt":"2019-02-18T08:36:59","slug":"jonas-lundqvist-stor-vinnare-pa-arets-manifestgala","status":"publish","type":"post","link":"https:\/\/kulturbloggen.com\/?p=123010","title":{"rendered":"Jonas Lundqvist &#8211; stor vinnare p\u00e5 \u00e5rets Manifestgala"},"content":{"rendered":"\n<p>Popartisten Jonas Lundqvist tog i fredags hem tv\u00e5 priser &#8211; \u00e5rets pop och \u00e5rets live &#8211; p\u00e5 Manifestgalan f\u00f6r oberoende artister. \u00c4ven Sarah Klang och Cherrie tilldelades varsitt pris f\u00f6r b\u00e4sta singer\/songwriter och b\u00e4sta hiphop.<\/p>\n\n\n\n<p>Sedan 2003 har Manifestgalan p\u00e5 \u00e5rlig basis uppm\u00e4rksammat oberoende artister som vpgar g\u00e5 sin egen v\u00e4g och som hittar hem till unga indiepopers hj\u00e4rtan. Sexton\u00e5rsdagen firades med en stort uppd\u00e5d &#8211; h\u00e4ftiga priser, artister och exklusiva spelningar. Ett sluts\u00e5lt Nalen var fyllt till bredden med entusiastiska musik\u00e4lskare. Konferencier f\u00f6r kv\u00e4llen var Saga Becker och Tom Jerry Boman. Sk\u00e4mtsamt och med smarta knorrar ledde de \u00e5rets Manifestgala i m\u00e5l. Under kv\u00e4llen delades flera tunga priser ut till artister som Jenny Wilson, Sarah Klang och Cherrie.<br><br>\u00c5rets b\u00e4sta Singer\/songwriter gick till Sarah Klang. Juryns motivering l\u00f6d- &#8221; En albumdebutant som l\u00e4t som precis allt annat \u00e4n just detta. Med en r\u00f6st i v\u00e4rldsklass, sj\u00e4lvklart l\u00e5tmaterial och en elektrisk scenn\u00e4rvaro stod hon f\u00f6r ett genombrott av s\u00e4llan sk\u00e5dat slag. var.&#8221; Sarah tackade alla som medverkat p\u00e5 skivan samt alla de killar d\u00e4r ute som hon skrivit om.<\/p>\n\n\n\n<figure class=\"wp-block-image\"><img loading=\"lazy\" decoding=\"async\" width=\"1024\" height=\"768\" src=\"https:\/\/kulturbloggen.com\/wp-content\/uploads\/2019\/02\/20190215_192107-1-e1550324181163-1024x768.jpg\" alt=\"\" class=\"wp-image-123019\" srcset=\"https:\/\/kulturbloggen.com\/wp-content\/uploads\/2019\/02\/20190215_192107-1-e1550324181163-1024x768.jpg 1024w, https:\/\/kulturbloggen.com\/wp-content\/uploads\/2019\/02\/20190215_192107-1-e1550324181163-300x225.jpg 300w, https:\/\/kulturbloggen.com\/wp-content\/uploads\/2019\/02\/20190215_192107-1-e1550324181163-768x576.jpg 768w\" sizes=\"auto, (max-width: 1024px) 100vw, 1024px\" \/><figcaption>En glad Sarah Klang  var peppad p\u00e5 efterfesten<\/figcaption><\/figure>\n\n\n\n<p>\u00c5rets pop gick till Jonas Lundqvist. Juryn bel\u00f6nar honom f\u00f6r hans st\u00e4ndiga rock&#8217;n roll-gl\u00f6d och smarta textrader- &#8221;Tv\u00e5 decennier efter debuten med Bad Cash Quartet har Jonas Lundqvist f\u00f6r\u00e4dlat sin boogie till perfektion: I opposition mot tidens tandblekta framg\u00e5ngsideal m\u00e5lar han upp en v\u00e4rld d\u00e4r rock\u2019n\u2019roll aldrig d\u00f6r.&#8221;<br><br>Knappt hann Jonas g\u00e5 av scenen f\u00f6rr\u00e4n det blev dags att g\u00e5 upp igen.  \u00c5rets live-artist tilldelades Jonas.&#8221; Att f\u00e5 spela live \u00e4r en verkligt magisk grej och jag \u00e4r s\u00e5 glad att jag f\u00e5r g\u00f6ra detta&#8221;, sa en tacksam Jonas. <br><br>\u00c5rets Musikvideo gick till Jenny Wilson i samarbete med videoregiss\u00f6ren <br>Gustaf Holten\u00e4s. De f\u00e5r priset f\u00f6r videon till Rapin, en surrealistisk och vacker video som p\u00e5 ett originellt vis lyckas skildra en v\u00e5ldt\u00e4kt.<\/p>\n\n\n\n<figure class=\"wp-block-embed-vimeo wp-block-embed is-type-video is-provider-vimeo wp-embed-aspect-16-9 wp-has-aspect-ratio\"><div class=\"wp-block-embed__wrapper\">\n<iframe loading=\"lazy\" title=\"Jenny Wilson - RAPIN* (Official video)\" src=\"https:\/\/player.vimeo.com\/video\/253719333?dnt=1&amp;app_id=122963\" width=\"500\" height=\"281\" frameborder=\"0\" allow=\"autoplay; fullscreen; picture-in-picture; clipboard-write\"><\/iframe>\n<\/div><\/figure>\n\n\n\n<p>Det feministiska inkluderande budskapet genomsyrade hela galan. Saga Becker talar om psykisk oh\u00e4lsa kopplat till en transfobisk v\u00e4rld. Och \u00e5rets indie gick till Emma f\u00f6r hennes separatistiska feministiska festival Statement. Priset f\u00e5r hon f\u00f6r sin insats  &#8211; &#8221; Att lyckats s\u00e4tta fingret p\u00e5 en fr\u00e5ga som m\u00e5nga just nu k\u00e4mpar med svaret p\u00e5 \u2013 hur f\u00e5r vi stopp p\u00e5 sexuella trakasserier p\u00e5 festivaler. Debattens v\u00e5gor gick h\u00f6ga under 2018 och resulterade i en fantastisk bred, sprudlande och sp\u00e4nnande festival. En fristad med m\u00e5let att avskaffa sig sj\u00e4lv&#8221;. <br><strong>Emma Ahlberg Ek <\/strong> fr\u00e5n Sundsvall blev utn\u00e4mnd \u00e5rets Folk. Priset f\u00e5r hon f\u00f6r sin senaste platta Hillevi som lyfter den bortgl\u00f6mda folks\u00e5ngerskan Hillevis artistskap.<\/p>\n\n\n\n<figure class=\"wp-block-image\"><img loading=\"lazy\" decoding=\"async\" width=\"1024\" height=\"576\" src=\"https:\/\/kulturbloggen.com\/wp-content\/uploads\/2019\/02\/emma-2-1024x576.jpg\" alt=\"\" class=\"wp-image-123014\" srcset=\"https:\/\/kulturbloggen.com\/wp-content\/uploads\/2019\/02\/emma-2-1024x576.jpg 1024w, https:\/\/kulturbloggen.com\/wp-content\/uploads\/2019\/02\/emma-2-300x169.jpg 300w, https:\/\/kulturbloggen.com\/wp-content\/uploads\/2019\/02\/emma-2-768x432.jpg 768w, https:\/\/kulturbloggen.com\/wp-content\/uploads\/2019\/02\/emma-2.jpg 2048w\" sizes=\"auto, (max-width: 1024px) 100vw, 1024px\" \/><\/figure>\n\n\n\n<p>St\u00e4mningen \u00e4r god och folket glada n\u00e4r kv\u00e4llens artister entrar scenen.<br>Maxida M\u00e4rak och Adam Kanyama rapar i 180, Bonander skriker ut sina k\u00e4nslor och Symbio spelar skjortan av publiken med sin energiska dragspelsbaserade jazz- och folkmusik. Kv\u00e4llen forts\u00e4tter p\u00e5 Nalen bar i n\u00e4rheten och Kulturbloggen h\u00e4nger p\u00e5 och tar mingelbilder.<\/p>\n\n\n\n<h3 class=\"wp-block-heading\">Mingelbilder<\/h3>\n\n\n\n<figure class=\"wp-block-image\"><img loading=\"lazy\" decoding=\"async\" width=\"1024\" height=\"768\" src=\"https:\/\/kulturbloggen.com\/wp-content\/uploads\/2019\/02\/20190215_192238-e1550324140544-1024x768.jpg\" alt=\"\" class=\"wp-image-123027\" srcset=\"https:\/\/kulturbloggen.com\/wp-content\/uploads\/2019\/02\/20190215_192238-e1550324140544-1024x768.jpg 1024w, https:\/\/kulturbloggen.com\/wp-content\/uploads\/2019\/02\/20190215_192238-e1550324140544-300x225.jpg 300w, https:\/\/kulturbloggen.com\/wp-content\/uploads\/2019\/02\/20190215_192238-e1550324140544-768x576.jpg 768w\" sizes=\"auto, (max-width: 1024px) 100vw, 1024px\" \/><figcaption>Clara och Martin sk\u00e5lar f\u00f6r en lyckad gala. <\/figcaption><\/figure>\n\n\n\n<figure class=\"wp-block-image\"><img loading=\"lazy\" decoding=\"async\" width=\"1024\" height=\"768\" src=\"https:\/\/kulturbloggen.com\/wp-content\/uploads\/2019\/02\/20190215_192402-e1550324128167-1024x768.jpg\" alt=\"\" class=\"wp-image-123026\" srcset=\"https:\/\/kulturbloggen.com\/wp-content\/uploads\/2019\/02\/20190215_192402-e1550324128167-1024x768.jpg 1024w, https:\/\/kulturbloggen.com\/wp-content\/uploads\/2019\/02\/20190215_192402-e1550324128167-300x225.jpg 300w, https:\/\/kulturbloggen.com\/wp-content\/uploads\/2019\/02\/20190215_192402-e1550324128167-768x576.jpg 768w\" sizes=\"auto, (max-width: 1024px) 100vw, 1024px\" \/><figcaption>  &#8221; Det k\u00e4nns bra. Jag \u00e4r v\u00e4ldigt laddad och nyfiken p\u00e5 alla, s\u00e4ger Armand som \u00e4r artist, musiker och producent<\/figcaption><\/figure>\n\n\n\n<figure class=\"wp-block-image\"><img loading=\"lazy\" decoding=\"async\" width=\"1024\" height=\"768\" src=\"https:\/\/kulturbloggen.com\/wp-content\/uploads\/2019\/02\/20190215_191923-e1550324161992-1024x768.jpg\" alt=\"\" class=\"wp-image-123028\" srcset=\"https:\/\/kulturbloggen.com\/wp-content\/uploads\/2019\/02\/20190215_191923-e1550324161992-1024x768.jpg 1024w, https:\/\/kulturbloggen.com\/wp-content\/uploads\/2019\/02\/20190215_191923-e1550324161992-300x225.jpg 300w, https:\/\/kulturbloggen.com\/wp-content\/uploads\/2019\/02\/20190215_191923-e1550324161992-768x576.jpg 768w\" sizes=\"auto, (max-width: 1024px) 100vw, 1024px\" \/><figcaption>Hampus Carlsson med v\u00e4nner festar loss<\/figcaption><\/figure>\n\n\n\n<figure class=\"wp-block-image\"><img loading=\"lazy\" decoding=\"async\" width=\"1024\" height=\"768\" src=\"https:\/\/kulturbloggen.com\/wp-content\/uploads\/2019\/02\/20190215_192907-e1550324111949-1024x768.jpg\" alt=\"\" class=\"wp-image-123025\" srcset=\"https:\/\/kulturbloggen.com\/wp-content\/uploads\/2019\/02\/20190215_192907-e1550324111949-1024x768.jpg 1024w, https:\/\/kulturbloggen.com\/wp-content\/uploads\/2019\/02\/20190215_192907-e1550324111949-300x225.jpg 300w, https:\/\/kulturbloggen.com\/wp-content\/uploads\/2019\/02\/20190215_192907-e1550324111949-768x576.jpg 768w\" sizes=\"auto, (max-width: 1024px) 100vw, 1024px\" \/><figcaption>Monica och Patrik och Rickard p\u00e5 Orkesterjournalen g\u00e5r \u00e5rligen p\u00e5 Manifestgalan &#8211;<br>&#8221; Vi \u00e4r supern\u00f6jda. Roligast var att Oddjob vann f\u00f6r b\u00e4sta barnmusik.<\/figcaption><\/figure>\n\n\n\n<h3 class=\"wp-block-heading\">Alla vinnare<\/h3>\n\n\n\n<p>Synt: Roya<br>\nJazz: Lisa Ull\u00e9n <br>\nDans: Shakarchi &amp; Stran\u00e9us<br>\nDansband: Blender<br>\nRock: Det jordiska <br>\nFolk: Emma Ahlberg Ek <br>\nPunk: Twin Pigs<br>\nH\u00e5rdrock: Craft<br>\nHiphop: Cherri<br>\nBarn: Oddjob<br>\nLive: Jonas Lundqvist<br>\nPop: Jonas Lundqvist<br>\nMusikvideo: Jenny Wilson \u2013 Rapin (regi: Gustaf Holten\u00e4s)<br>\nExperimentellt: Maria w Horn<br>\nRytm: General Knas<br>\nSinger\/songwriter: Sarah Klang<br>\nSKAP:s och Manifests pris till \u00e5rets komposit\u00f6r: Nina Kinert<br>\nSKAP:s och Manifests pris till \u00e5rets textf\u00f6rfattare: Kajsa Grytt<br>\nVisa:Jonathan Hilli \u2013 \u201dJords\u00e5nger\u201d<br>\nNykomling: Haerdsmaelta<br>\n\u00c5rets indie: Emma Knyckare f\u00f6r Statement festival (inga nominerade till detta pris)<\/p>\n","protected":false},"excerpt":{"rendered":"<p>Popartisten Jonas Lundqvist tog i fredags hem tv\u00e5 priser &#8211; \u00e5rets pop och \u00e5rets live &#8211; p\u00e5 Manifestgalan f\u00f6r oberoende artister. \u00c4ven Sarah Klang och Cherrie tilldelades varsitt pris f\u00f6r b\u00e4sta singer\/songwriter och b\u00e4sta hiphop. Sedan 2003 har Manifestgalan p\u00e5 \u00e5rlig basis uppm\u00e4rksammat oberoende artister som vpgar g\u00e5 sin egen v\u00e4g och som hittar hem [&hellip;]<\/p>\n","protected":false},"author":40,"featured_media":0,"comment_status":"closed","ping_status":"closed","sticky":false,"template":"","format":"standard","meta":{"_genesis_hide_title":false,"_genesis_hide_breadcrumbs":false,"_genesis_hide_singular_image":false,"_genesis_hide_footer_widgets":false,"_genesis_custom_body_class":"","_genesis_custom_post_class":"","_genesis_layout":"","footnotes":""},"categories":[7,20,13624],"tags":[],"class_list":{"0":"post-123010","1":"post","2":"type-post","3":"status-publish","4":"format-standard","6":"category-musik","7":"category-film","8":"category-toppnytt","9":"entry"},"_links":{"self":[{"href":"https:\/\/kulturbloggen.com\/index.php?rest_route=\/wp\/v2\/posts\/123010","targetHints":{"allow":["GET"]}}],"collection":[{"href":"https:\/\/kulturbloggen.com\/index.php?rest_route=\/wp\/v2\/posts"}],"about":[{"href":"https:\/\/kulturbloggen.com\/index.php?rest_route=\/wp\/v2\/types\/post"}],"author":[{"embeddable":true,"href":"https:\/\/kulturbloggen.com\/index.php?rest_route=\/wp\/v2\/users\/40"}],"replies":[{"embeddable":true,"href":"https:\/\/kulturbloggen.com\/index.php?rest_route=%2Fwp%2Fv2%2Fcomments&post=123010"}],"version-history":[{"count":14,"href":"https:\/\/kulturbloggen.com\/index.php?rest_route=\/wp\/v2\/posts\/123010\/revisions"}],"predecessor-version":[{"id":123071,"href":"https:\/\/kulturbloggen.com\/index.php?rest_route=\/wp\/v2\/posts\/123010\/revisions\/123071"}],"wp:attachment":[{"href":"https:\/\/kulturbloggen.com\/index.php?rest_route=%2Fwp%2Fv2%2Fmedia&parent=123010"}],"wp:term":[{"taxonomy":"category","embeddable":true,"href":"https:\/\/kulturbloggen.com\/index.php?rest_route=%2Fwp%2Fv2%2Fcategories&post=123010"},{"taxonomy":"post_tag","embeddable":true,"href":"https:\/\/kulturbloggen.com\/index.php?rest_route=%2Fwp%2Fv2%2Ftags&post=123010"}],"curies":[{"name":"wp","href":"https:\/\/api.w.org\/{rel}","templated":true}]}}