{"id":123,"date":"2008-06-29T18:28:58","date_gmt":"2008-06-29T18:28:58","guid":{"rendered":"http:\/\/kulturbloggen.com\/?p=123"},"modified":"2008-06-29T18:28:58","modified_gmt":"2008-06-29T18:28:58","slug":"traffa-andra-bloggare-pa-bloggpicknick-10-juli","status":"publish","type":"post","link":"https:\/\/kulturbloggen.com\/?p=123","title":{"rendered":"Tr\u00e4ffa andra bloggare p\u00e5 bloggpicknick i Stockholm 10 juli"},"content":{"rendered":"<p><a href=\"http:\/\/sodergren.com\/kulturbloggen\/wp-content\/uploads\/2008\/06\/cole_thomas_the_picnic_1846c2ad_300.jpg\"><img loading=\"lazy\" decoding=\"async\" class=\"alignright size-medium wp-image-124\" title=\"cole_thomas_the_picnic_1846c2ad_300\" src=\"http:\/\/sodergren.com\/kulturbloggen\/wp-content\/uploads\/2008\/06\/cole_thomas_the_picnic_1846c2ad_300.jpg\" alt=\"\" width=\"300\" height=\"198\" \/><\/a>Dags f\u00f6r bloggtr\u00e4ff och n\u00e4r nu sommarv\u00e4dret tycks ha hittat hit \u00e4r det v\u00e4l smart att ha tr\u00e4ffen som en picknick. Datum: 10 juli.<\/p>\n<p>Nu \u00e4r det bloggpicknick p\u00e5 g\u00e5ng i Stockholm. <a href=\"http:\/\/traffas.blogspot.com\/2008\/06\/picknick-10-juli-p-rosendal.html\">Fr\u00e5n Bloggtr\u00e4ffbloggen<\/a>:<\/p>\n<p><em>Platsen \u00e4r allts\u00e5 Rosendals Tr\u00e4dg\u00e5rd p\u00e5 Djurg\u00e5rden. Spana efter en bloggpicknick-flagga n\u00e5nstans i \u00e4ppeltr\u00e4dg\u00e5rden. Tiden \u00e4r torsdag den 10 juli klockan 14 och hela eftermiddagen, kanske en bit in p\u00e5 kv\u00e4llen om v\u00e4dret \u00e4r varmt. K\u00e4rleken fl\u00f6dar. Alla \u00e4r v\u00e4lkomna &#8211; bloggare, b\u00e4stisar och barn! Fikat och filten tar du med sj\u00e4lv.<\/em><\/p>\n<p>Andra bloggar om: <a rel=\"tag\" href=\"http:\/\/bloggar.se\/om\/bloggpicknick\">bloggpicknick<\/a>, <a rel=\"tag\" href=\"http:\/\/bloggar.se\/om\/bloggtr%E4ff\">bloggtr\u00e4ff<\/a>, <a rel=\"tag\" href=\"http:\/\/bloggar.se\/om\/Stockholm\">Stockholm<\/a>, <a rel=\"tag\" href=\"http:\/\/bloggar.se\/om\/Rosendals+tr%E4dg%E5rd\">Rosendals tr\u00e4dg\u00e5rd<\/a><\/p>\n<p><strong>Book Mark it-&gt;<\/strong><span><a title=\"Save to del.icio.us\" href=\"http:\/\/del.icio.us\/post?url=http%3A%2F%2Fbloggtidningen.se%2F2008%2F06%2F29%2Fbloggpicknick-i-stockholm%2F&amp;title=Bloggpicknick+i+Stockholm\" target=\"_blank\"> del.icio.us<\/a> | <a title=\"Save to Reddit\" href=\"http:\/\/reddit.com\/submit?url=http%3A%2F%2Fbloggtidningen.se%2F2008%2F06%2F29%2Fbloggpicknick-i-stockholm%2F&amp;title=Bloggpicknick+i+Stockholm\" target=\"_blank\"> Reddit<\/a> | <a title=\"Slashdot It!\" href=\"http:\/\/slashdot.org\/bookmark.pl?url=http%3A%2F%2Fbloggtidningen.se%2F2008%2F06%2F29%2Fbloggpicknick-i-stockholm%2F&amp;title=Bloggpicknick+i+Stockholm\" target=\"_blank\"> Slashdot<\/a> | <a title=\"Digg This Post!\" href=\"http:\/\/digg.com\/submit?phase=2&amp;url=http%3A%2F%2Fbloggtidningen.se%2F2008%2F06%2F29%2Fbloggpicknick-i-stockholm%2F&amp;title=Bloggpicknick+i+Stockholm\" target=\"_blank\"> Digg<\/a> | <a title=\"Share on Facebook!\" href=\"http:\/\/www.facebook.com\/share.php?u=http%3A%2F%2Fbloggtidningen.se%2F2008%2F06%2F29%2Fbloggpicknick-i-stockholm%2F\" target=\"_blank\"> Facebook<\/a> | <a title=\"Add to my Technorati Favorites!\" href=\"http:\/\/technorati.com\/faves?add=http%3A%2F%2Fbloggtidningen.se%2F2008%2F06%2F29%2Fbloggpicknick-i-stockholm%2F\" target=\"_blank\"> Technorati<\/a> | <a title=\"Add to my Google Bookmarks!\" href=\"http:\/\/www.google.com\/bookmarks\/mark?op=edit&amp;output=popup&amp;bkmk=http%3A%2F%2Fbloggtidningen.se%2F2008%2F06%2F29%2Fbloggpicknick-i-stockholm%2F&amp;title=Bloggpicknick+i+Stockholm\" target=\"_blank\"> Google<\/a> | <a title=\"Stumble it!\" href=\"http:\/\/www.stumbleupon.com\/submit?url=http%3A%2F%2Fbloggtidningen.se%2F2008%2F06%2F29%2Fbloggpicknick-i-stockholm%2F&amp;title=Bloggpicknick+i+Stockholm\" target=\"_blank\"> StumbleUpon<\/a> | <a title=\"Add to Windows Live!\" href=\"https:\/\/favorites.live.com\/quickadd.aspx?marklet=1&amp;mkt=en-us&amp;url=http%3A%2F%2Fbloggtidningen.se%2F2008%2F06%2F29%2Fbloggpicknick-i-stockholm%2F&amp;title=Bloggpicknick+i+Stockholm&amp;top=1\" target=\"_blank\"> Window Live<\/a> | <a title=\"Add to Tailrank!\" href=\"http:\/\/tailrank.com\/share\/?link_href=http%3A%2F%2Fbloggtidningen.se%2F2008%2F06%2F29%2Fbloggpicknick-i-stockholm%2F&amp;title=Bloggpicknick+i+Stockholm\" target=\"_blank\"> Tailrank<\/a> | <a title=\"Add to Furl\" href=\"http:\/\/furl.net\/storeIt.jsp?u=http%3A%2F%2Fbloggtidningen.se%2F2008%2F06%2F29%2Fbloggpicknick-i-stockholm%2F&amp;t=Bloggpicknick+i+Stockholm\" target=\"_blank\"> Furl<\/a> | <a title=\"Add to Netscape\" href=\"http:\/\/www.netscape.com\/submit\/?U=http%3A%2F%2Fbloggtidningen.se%2F2008%2F06%2F29%2Fbloggpicknick-i-stockholm%2F&amp;T=Bloggpicknick+i+Stockholm\" target=\"_blank\"> Netscape<\/a> | <a title=\"Add to Yahoo!\" href=\"http:\/\/myweb2.search.yahoo.com\/myresults\/bookmarklet?u=http%3A%2F%2Fbloggtidningen.se%2F2008%2F06%2F29%2Fbloggpicknick-i-stockholm%2F&amp;t=Bloggpicknick+i+Stockholm\" target=\"_blank\"> Yahoo<\/a> | <a title=\"Add to BlinkList!\" href=\"http:\/\/blinklist.com\/index.php?Action=Blink\/addblink.php&amp;Url=http%3A%2F%2Fbloggtidningen.se%2F2008%2F06%2F29%2Fbloggpicknick-i-stockholm%2F&amp;Title=Bloggpicknick+i+Stockholm\" target=\"_blank\"> BlinkList<\/a><\/span><\/p>\n","protected":false},"excerpt":{"rendered":"<p>Dags f\u00f6r bloggtr\u00e4ff och n\u00e4r nu sommarv\u00e4dret tycks ha hittat hit \u00e4r det v\u00e4l smart att ha tr\u00e4ffen som en picknick. Datum: 10 juli. Nu \u00e4r det bloggpicknick p\u00e5 g\u00e5ng i Stockholm. Fr\u00e5n Bloggtr\u00e4ffbloggen: Platsen \u00e4r allts\u00e5 Rosendals Tr\u00e4dg\u00e5rd p\u00e5 Djurg\u00e5rden. Spana efter en bloggpicknick-flagga n\u00e5nstans i \u00e4ppeltr\u00e4dg\u00e5rden. Tiden \u00e4r torsdag den 10 juli klockan [&hellip;]<\/p>\n","protected":false},"author":2,"featured_media":0,"comment_status":"open","ping_status":"open","sticky":false,"template":"","format":"standard","meta":{"_genesis_hide_title":false,"_genesis_hide_breadcrumbs":false,"_genesis_hide_singular_image":false,"_genesis_hide_footer_widgets":false,"_genesis_custom_body_class":"","_genesis_custom_post_class":"","_genesis_layout":"","footnotes":""},"categories":[20],"tags":[],"class_list":{"0":"post-123","1":"post","2":"type-post","3":"status-publish","4":"format-standard","6":"category-film","7":"entry"},"_links":{"self":[{"href":"https:\/\/kulturbloggen.com\/index.php?rest_route=\/wp\/v2\/posts\/123","targetHints":{"allow":["GET"]}}],"collection":[{"href":"https:\/\/kulturbloggen.com\/index.php?rest_route=\/wp\/v2\/posts"}],"about":[{"href":"https:\/\/kulturbloggen.com\/index.php?rest_route=\/wp\/v2\/types\/post"}],"author":[{"embeddable":true,"href":"https:\/\/kulturbloggen.com\/index.php?rest_route=\/wp\/v2\/users\/2"}],"replies":[{"embeddable":true,"href":"https:\/\/kulturbloggen.com\/index.php?rest_route=%2Fwp%2Fv2%2Fcomments&post=123"}],"version-history":[{"count":0,"href":"https:\/\/kulturbloggen.com\/index.php?rest_route=\/wp\/v2\/posts\/123\/revisions"}],"wp:attachment":[{"href":"https:\/\/kulturbloggen.com\/index.php?rest_route=%2Fwp%2Fv2%2Fmedia&parent=123"}],"wp:term":[{"taxonomy":"category","embeddable":true,"href":"https:\/\/kulturbloggen.com\/index.php?rest_route=%2Fwp%2Fv2%2Fcategories&post=123"},{"taxonomy":"post_tag","embeddable":true,"href":"https:\/\/kulturbloggen.com\/index.php?rest_route=%2Fwp%2Fv2%2Ftags&post=123"}],"curies":[{"name":"wp","href":"https:\/\/api.w.org\/{rel}","templated":true}]}}