{"id":122625,"date":"2019-01-29T11:08:02","date_gmt":"2019-01-29T10:08:02","guid":{"rendered":"https:\/\/kulturbloggen.com\/?p=122625"},"modified":"2019-02-03T11:12:17","modified_gmt":"2019-02-03T10:12:17","slug":"bildgalleri-ennio-morricone-ett-avslut-fran-maestro","status":"publish","type":"post","link":"https:\/\/kulturbloggen.com\/?p=122625","title":{"rendered":"Bildgalleri: Ennio Morricone &#8211; ett avslut fr\u00e5n Maestro"},"content":{"rendered":"<p><a href=\"https:\/\/2.bp.blogspot.com\/-6fkyWs4ItBc\/XFa-FdbstaI\/AAAAAAAAFzc\/GUcGZv5TPpMO27hDxcQyoxgR6WpXE0UWgCLcBGAs\/s1600\/G40B1864.jpg\" imageanchor=\"1\"><img loading=\"lazy\" decoding=\"async\" border=\"0\" src=\"https:\/\/2.bp.blogspot.com\/-6fkyWs4ItBc\/XFa-FdbstaI\/AAAAAAAAFzc\/GUcGZv5TPpMO27hDxcQyoxgR6WpXE0UWgCLcBGAs\/s640\/G40B1864.jpg\" width=\"640\" height=\"427\" data-original-width=\"1600\" data-original-height=\"1067\"><\/a><\/p>\n<p>90 \u00e5r gammal tog han sig till Ericsson Globe s\u00f6ndag den 27e Januari f\u00f6r att avsluta sin karri\u00e4r med en l\u00e5ng europaturn\u00e9. Denna konsert skulle vara ett v\u00e4rdigt avslut f\u00f6r m\u00e4sstaren sj\u00e4lv. Men finessen avstod och upplevelsen uteblev.<\/p>\n<p>Ennio Morricone har varit i Sverige tidigare, bland annat f\u00f6r en konsert 2016 och f\u00f6r att ta emot Polarpriset 2010. Denna turn\u00e9 &#8221;The Last ever tour&#8221; skulle ta farv\u00e4l av sina svenska fans och med en storslagen konsert. Under konserten som blev hans sista att dirigera fanns \u00e4ven den portugisiska fados\u00e5ngerskan Dulce Pontes tillsammans med Czech National Symphony Orchestra och Stockholms Musikgymnasiums Kammark\u00f6r!<\/p>\n<p>Han kommer in l\u00e5ngsamt med en publik som jublar och hedrande tar emot Ennio, han kliver fram\u00e5t p\u00e5 scenen och bugar sig. Med det inledande sp\u00e5ret fr\u00e5n filmen De Omutbara p\u00e5b\u00f6rjar han sin sista spelning. Konserten inneh\u00e5ller b\u00e5de klassiker fr\u00e5n Cinema Paradiso, Den Gode, den Onde och den Fule och s\u00e5klart \u00e4ven The Ecstasy of Gold! Musikaliskts\u00e4tt \u00e4r detta ett rent m\u00e4sterverk med de b\u00e4sta bitarna ut hans karri\u00e4r, men upplevelsen uteblir n\u00e4r det tar form i gigantiska arenor. Han st\u00e5r med ryggen emot publiken under hela konserten och \u00e4ven under l\u00e5tbytena. Det var vackert att lyssna p\u00e5, men inte mycket mer. Tr\u00e5kigt.<\/p>\n<p>Foto: Calle Andersson<\/p>\n<p><a href=\"https:\/\/2.bp.blogspot.com\/-nxJpZGkzHKU\/XFa-NzqskYI\/AAAAAAAAFzg\/vVz1DZSSRaIYkPtZuCc2Fi2lWN2ObqsLwCLcBGAs\/s1600\/G40B1695.jpg\" imageanchor=\"1\"><img loading=\"lazy\" decoding=\"async\" border=\"0\" src=\"https:\/\/2.bp.blogspot.com\/-nxJpZGkzHKU\/XFa-NzqskYI\/AAAAAAAAFzg\/vVz1DZSSRaIYkPtZuCc2Fi2lWN2ObqsLwCLcBGAs\/s640\/G40B1695.jpg\" width=\"640\" height=\"423\" data-original-width=\"1600\" data-original-height=\"1058\"><\/a><\/p>\n<p><a href=\"https:\/\/3.bp.blogspot.com\/-7FgK6nLwpyg\/XFa-N7Ec3jI\/AAAAAAAAFzk\/ZLzjLL1qa7Mwk2KzSV-5XXb24K36q8MfQCLcBGAs\/s1600\/G40B1720.jpg\" imageanchor=\"1\"><img loading=\"lazy\" decoding=\"async\" border=\"0\" src=\"https:\/\/3.bp.blogspot.com\/-7FgK6nLwpyg\/XFa-N7Ec3jI\/AAAAAAAAFzk\/ZLzjLL1qa7Mwk2KzSV-5XXb24K36q8MfQCLcBGAs\/s640\/G40B1720.jpg\" width=\"640\" height=\"427\" data-original-width=\"1600\" data-original-height=\"1067\"><\/a><\/p>\n<p><a href=\"https:\/\/3.bp.blogspot.com\/-8R3jJ_iCboI\/XFa-OOVrHCI\/AAAAAAAAFzo\/fXeLuYvpy7UwmkRU3vMEYr6heexQZSw2wCLcBGAs\/s1600\/G40B1725.jpg\" imageanchor=\"1\"><img loading=\"lazy\" decoding=\"async\" border=\"0\" src=\"https:\/\/3.bp.blogspot.com\/-8R3jJ_iCboI\/XFa-OOVrHCI\/AAAAAAAAFzo\/fXeLuYvpy7UwmkRU3vMEYr6heexQZSw2wCLcBGAs\/s640\/G40B1725.jpg\" width=\"640\" height=\"427\" data-original-width=\"1600\" data-original-height=\"1067\"><\/a><\/p>\n<p><a href=\"https:\/\/1.bp.blogspot.com\/-fQUlp5qXkLc\/XFa-OrcWtjI\/AAAAAAAAFzs\/bx0PYfNxplU2mIWeDTDOD-t9P-6Jk5JXgCLcBGAs\/s1600\/G40B1739.jpg\" imageanchor=\"1\"><img loading=\"lazy\" decoding=\"async\" border=\"0\" src=\"https:\/\/1.bp.blogspot.com\/-fQUlp5qXkLc\/XFa-OrcWtjI\/AAAAAAAAFzs\/bx0PYfNxplU2mIWeDTDOD-t9P-6Jk5JXgCLcBGAs\/s640\/G40B1739.jpg\" width=\"640\" height=\"427\" data-original-width=\"1600\" data-original-height=\"1067\"><\/a><\/p>\n<p><a href=\"https:\/\/4.bp.blogspot.com\/-sOqxoOACtKw\/XFa-PAL1lQI\/AAAAAAAAFzw\/i3EjP-7RfusKvpoMQxCTsy8iUA326U_RwCLcBGAs\/s1600\/G40B1773.jpg\" imageanchor=\"1\"><img loading=\"lazy\" decoding=\"async\" border=\"0\" src=\"https:\/\/4.bp.blogspot.com\/-sOqxoOACtKw\/XFa-PAL1lQI\/AAAAAAAAFzw\/i3EjP-7RfusKvpoMQxCTsy8iUA326U_RwCLcBGAs\/s640\/G40B1773.jpg\" width=\"640\" height=\"427\" data-original-width=\"1600\" data-original-height=\"1067\"><\/a><\/p>\n<p><a href=\"https:\/\/1.bp.blogspot.com\/-6c_n0OtQ-eQ\/XFa-PUPd-cI\/AAAAAAAAFz0\/JoFmfqG9qOMrLKhZOqb3473kzzLIlWgEQCLcBGAs\/s1600\/G40B1912.jpg\" imageanchor=\"1\"><img loading=\"lazy\" decoding=\"async\" border=\"0\" src=\"https:\/\/1.bp.blogspot.com\/-6c_n0OtQ-eQ\/XFa-PUPd-cI\/AAAAAAAAFz0\/JoFmfqG9qOMrLKhZOqb3473kzzLIlWgEQCLcBGAs\/s640\/G40B1912.jpg\" width=\"640\" height=\"427\" data-original-width=\"1600\" data-original-height=\"1067\"><\/a><\/p>\n<p><a href=\"https:\/\/1.bp.blogspot.com\/-5du2YE4YxRM\/XFa-PfviwcI\/AAAAAAAAFz4\/hgWgfLi5T58uXW19UT9XBdff5WbZRsQRACLcBGAs\/s1600\/G40B1918.jpg\" imageanchor=\"1\"><img loading=\"lazy\" decoding=\"async\" border=\"0\" src=\"https:\/\/1.bp.blogspot.com\/-5du2YE4YxRM\/XFa-PfviwcI\/AAAAAAAAFz4\/hgWgfLi5T58uXW19UT9XBdff5WbZRsQRACLcBGAs\/s640\/G40B1918.jpg\" width=\"640\" height=\"427\" data-original-width=\"1600\" data-original-height=\"1067\"><\/a><\/p>\n","protected":false},"excerpt":{"rendered":"<p>90 \u00e5r gammal tog han sig till Ericsson Globe s\u00f6ndag den 27e Januari f\u00f6r att avsluta sin karri\u00e4r med en l\u00e5ng europaturn\u00e9. Denna konsert skulle vara ett v\u00e4rdigt avslut f\u00f6r m\u00e4sstaren sj\u00e4lv. Men finessen avstod och upplevelsen uteblev. Ennio Morricone har varit i Sverige tidigare, bland annat f\u00f6r en konsert 2016 och f\u00f6r att ta [&hellip;]<\/p>\n","protected":false},"author":13,"featured_media":0,"comment_status":"closed","ping_status":"closed","sticky":false,"template":"","format":"standard","meta":{"_genesis_hide_title":false,"_genesis_hide_breadcrumbs":false,"_genesis_hide_singular_image":false,"_genesis_hide_footer_widgets":false,"_genesis_custom_body_class":"","_genesis_custom_post_class":"","_genesis_layout":"","footnotes":""},"categories":[7,20],"tags":[],"class_list":{"0":"post-122625","1":"post","2":"type-post","3":"status-publish","4":"format-standard","6":"category-musik","7":"category-film","8":"entry"},"_links":{"self":[{"href":"https:\/\/kulturbloggen.com\/index.php?rest_route=\/wp\/v2\/posts\/122625","targetHints":{"allow":["GET"]}}],"collection":[{"href":"https:\/\/kulturbloggen.com\/index.php?rest_route=\/wp\/v2\/posts"}],"about":[{"href":"https:\/\/kulturbloggen.com\/index.php?rest_route=\/wp\/v2\/types\/post"}],"author":[{"embeddable":true,"href":"https:\/\/kulturbloggen.com\/index.php?rest_route=\/wp\/v2\/users\/13"}],"replies":[{"embeddable":true,"href":"https:\/\/kulturbloggen.com\/index.php?rest_route=%2Fwp%2Fv2%2Fcomments&post=122625"}],"version-history":[{"count":2,"href":"https:\/\/kulturbloggen.com\/index.php?rest_route=\/wp\/v2\/posts\/122625\/revisions"}],"predecessor-version":[{"id":122628,"href":"https:\/\/kulturbloggen.com\/index.php?rest_route=\/wp\/v2\/posts\/122625\/revisions\/122628"}],"wp:attachment":[{"href":"https:\/\/kulturbloggen.com\/index.php?rest_route=%2Fwp%2Fv2%2Fmedia&parent=122625"}],"wp:term":[{"taxonomy":"category","embeddable":true,"href":"https:\/\/kulturbloggen.com\/index.php?rest_route=%2Fwp%2Fv2%2Fcategories&post=122625"},{"taxonomy":"post_tag","embeddable":true,"href":"https:\/\/kulturbloggen.com\/index.php?rest_route=%2Fwp%2Fv2%2Ftags&post=122625"}],"curies":[{"name":"wp","href":"https:\/\/api.w.org\/{rel}","templated":true}]}}