{"id":12253,"date":"2009-08-30T21:46:19","date_gmt":"2009-08-30T19:46:19","guid":{"rendered":"http:\/\/kulturbloggen.com\/?p=12253"},"modified":"2009-08-30T21:46:19","modified_gmt":"2009-08-30T19:46:19","slug":"oj-vad-svart-reinfeldt-hade-att-ge-ett-rakt-svar-i-agenda","status":"publish","type":"post","link":"https:\/\/kulturbloggen.com\/?p=12253","title":{"rendered":"Oj vad sv\u00e5rt Reinfeldt hade att ge ett rakt svar i Agenda"},"content":{"rendered":"<p><img loading=\"lazy\" decoding=\"async\" src=\"http:\/\/sodergren.com\/kulturbloggen\/wp-content\/uploads\/2009\/08\/20090830129-300x225.jpg\" alt=\"20090830129\" title=\"20090830129\" width=\"300\" height=\"225\" class=\"aligncenter size-medium wp-image-12254\" \/><br \/>\nSj\u00e4lvklart fick moderatledaren och statsminister Fredrik Reinfeldt sitta i en l\u00e5ng intervju i Agenda p\u00e5 s\u00f6ndagskv\u00e4llen, med tanke p\u00e5 att moderatst\u00e4mman avslutades p\u00e5 s\u00f6ndagen.<br \/>\nMen oj, vilken ovanligt blek insats han gjorde, herr Reinfeldt.<br \/>\nHan kunde inte svara rakt och \u00e4rligt p\u00e5 den tydligt formulerade fr\u00e5gan om hur s\u00e4nkt skatt f\u00f6r de med v\u00e4lbetalda fasta jobb ska ge arbete \u00e5t de arbetsl\u00f6sa.<\/p>\n<p>Hur ska skattes\u00e4nkningar ge fler jobb?<br \/>\nDen fr\u00e5gan har Moderaterna och deras allianskamrater inte kunnat svara p\u00e5 och inte p\u00e5 n\u00e5got vis kunna visa hur det g\u00e5r till.<\/p>\n<p>Den sv\u00e5ra finanskrisen, skyllde Reinfeldt p\u00e5. Men vad g\u00f6r de f\u00f6r att lindra verkningarna? Inget rakt besked.<\/p>\n<p>Hur ska en arbetsl\u00f6s f\u00e5 ett jobb f\u00f6r att den som har jobb f\u00e5r s\u00e4nkt skatt?<\/p>\n<p>Reinfeldt sade att han vill f\u00e5 ett mer humant samh\u00e4lle i Afganistan. Ja, de flesta h\u00e5ller med om det. Men vi vill ha en human inst\u00e4llning ocks\u00e5 h\u00e4r i Sverige. Den som blir sjuk ska inte f\u00e5 h\u00f6gre skatt.<\/p>\n<p><a href=\"http:\/\/www.aftonbladet.se\/nyheter\/article5714051.ab\">Eller som fallet Aftonbladet tar upp<\/a>:<\/p>\n<blockquote><p>I juli fick Tuija och hennes man Bela ett chockbesked:<\/p>\n<p>Tuijas sjukers\u00e4ttning skulle halveras. F\u00f6rs\u00e4kringskassan tyckte hon borde jobba halvtid \u2013 trots att en l\u00e4karunders\u00f6kning visat att hon inte kan. <\/p><\/blockquote>\n<p><a href=\"http:\/\/www.makthavare.se\/2009\/08\/30\/nojd-reinfeldt-avslutade-stamman\/\">Makthavare skrev att en n\u00f6jd Reinfeldt avslutade moderatst\u00e4mman.<\/a> Men han kan inte vara n\u00f6jd med sin r\u00f6riga insats i Agenda. Vi som inte vill ha fortsatt utveckling med st\u00f6rre klyftor i samh\u00e4llet och vi som inte vill att \u00e4nnu fler hamnar i utanf\u00f6rskap, vi har d\u00e4remot anledning att vara n\u00f6jda att Reinfeldt b\u00f6rjar bli s\u00e4mre i tv-intervjuerna. Det kan vara b\u00f6rjan till slutet p\u00e5 deras regeringsperiod.<\/p>\n<p>S\u00e5 \u00e4ven om Moderaterna inte vill strida mot LAS, som Centerkollegan Maud Olofsson vill, forts\u00e4tter de \u00e4nd\u00e5 bygga ett samh\u00e4lle d\u00e4r de med bra jobb f\u00e5r det b\u00e4ttre och b\u00e4ttre allmedan de sjuka, arbetsl\u00f6sa och pension\u00e4rerna f\u00e5r det s\u00e4mre.<\/p>\n<p><a href=\"http:\/\/www.svd.se\/nyheter\/inrikes\/artikel_3435635.svd\">Ur SVD<\/a>:<\/p>\n<blockquote><p>Borgerliga som hoppades att alliansregeringen skulle sopa bort den socialdemokratiska \u201dmakthegemonin\u201d kommer att bli besvikna. Ensam kvar p\u00e5 uppe barrikaderna st\u00e5r Maud Olofsson (C) sedan moderatledaren Fredrik Reinfeldt inf\u00f6r partiv\u00e4nnerna i fredags valde att kliva ned. <\/p><\/blockquote>\n<p>Anledningen till att Reinfeldt inte kan svara p\u00e5 fr\u00e5gan hur skattes\u00e4nkning \u00e5t de v\u00e4lbetalda kan ge fler jobb, \u00e4r ju att det inte ger fler jobb. <\/p>\n<p>Relaterat:<br \/>\n<a href=\"http:\/\/www.svd.se\/nyheter\/politik\/artikel_3438561.svd\">Svenska Dagbladet<\/a>, <a href=\"http:\/\/www.expressen.se\/Nyheter\/1.1688756\/reinfeldt-firade-alliansens-femarsdag#\">Expressen<\/a><\/p>\n<p>L\u00e4s \u00e4ven andra bloggares \u00e5sikter om <a href=\"http:\/\/bloggar.se\/om\/jobb%E4vning\" rel=\"tag\">jobb\u00e4vning<\/a>, <a href=\"http:\/\/bloggar.se\/om\/Moderaterna\" rel=\"tag\">Moderaterna<\/a>, <a href=\"http:\/\/bloggar.se\/om\/Agenda.+samh%E4lle\" rel=\"tag\">Agenda. samh\u00e4lle<\/a>, <a href=\"http:\/\/bloggar.se\/om\/politik\" rel=\"tag\">politik<\/a>.<\/p>\n","protected":false},"excerpt":{"rendered":"<p>Sj\u00e4lvklart fick moderatledaren och statsminister Fredrik Reinfeldt sitta i en l\u00e5ng intervju i Agenda p\u00e5 s\u00f6ndagskv\u00e4llen, med tanke p\u00e5 att moderatst\u00e4mman avslutades p\u00e5 s\u00f6ndagen. Men oj, vilken ovanligt blek insats han gjorde, herr Reinfeldt. Han kunde inte svara rakt och \u00e4rligt p\u00e5 den tydligt formulerade fr\u00e5gan om hur s\u00e4nkt skatt f\u00f6r de med v\u00e4lbetalda fasta [&hellip;]<\/p>\n","protected":false},"author":2,"featured_media":0,"comment_status":"open","ping_status":"open","sticky":false,"template":"","format":"standard","meta":{"_genesis_hide_title":false,"_genesis_hide_breadcrumbs":false,"_genesis_hide_singular_image":false,"_genesis_hide_footer_widgets":false,"_genesis_custom_body_class":"","_genesis_custom_post_class":"","_genesis_layout":"","footnotes":""},"categories":[20],"tags":[160,2686,12284],"class_list":{"0":"post-12253","1":"post","2":"type-post","3":"status-publish","4":"format-standard","6":"category-film","7":"tag-agenda-samhalle","8":"tag-jobbavning","9":"tag-politik","10":"entry"},"_links":{"self":[{"href":"https:\/\/kulturbloggen.com\/index.php?rest_route=\/wp\/v2\/posts\/12253","targetHints":{"allow":["GET"]}}],"collection":[{"href":"https:\/\/kulturbloggen.com\/index.php?rest_route=\/wp\/v2\/posts"}],"about":[{"href":"https:\/\/kulturbloggen.com\/index.php?rest_route=\/wp\/v2\/types\/post"}],"author":[{"embeddable":true,"href":"https:\/\/kulturbloggen.com\/index.php?rest_route=\/wp\/v2\/users\/2"}],"replies":[{"embeddable":true,"href":"https:\/\/kulturbloggen.com\/index.php?rest_route=%2Fwp%2Fv2%2Fcomments&post=12253"}],"version-history":[{"count":0,"href":"https:\/\/kulturbloggen.com\/index.php?rest_route=\/wp\/v2\/posts\/12253\/revisions"}],"wp:attachment":[{"href":"https:\/\/kulturbloggen.com\/index.php?rest_route=%2Fwp%2Fv2%2Fmedia&parent=12253"}],"wp:term":[{"taxonomy":"category","embeddable":true,"href":"https:\/\/kulturbloggen.com\/index.php?rest_route=%2Fwp%2Fv2%2Fcategories&post=12253"},{"taxonomy":"post_tag","embeddable":true,"href":"https:\/\/kulturbloggen.com\/index.php?rest_route=%2Fwp%2Fv2%2Ftags&post=12253"}],"curies":[{"name":"wp","href":"https:\/\/api.w.org\/{rel}","templated":true}]}}