{"id":122417,"date":"2019-01-27T18:25:56","date_gmt":"2019-01-27T17:25:56","guid":{"rendered":"https:\/\/kulturbloggen.com\/?p=122417"},"modified":"2019-01-27T18:25:58","modified_gmt":"2019-01-27T17:25:58","slug":"filmrecension-chelas-arv-en-mycket-speciell-film-om-tva-medelalders-lesbiska-kvinnor-i-paraguay","status":"publish","type":"post","link":"https:\/\/kulturbloggen.com\/?p=122417","title":{"rendered":"Filmrecension: Chelas arv &#8211; en mycket speciell film om tv\u00e5 medel\u00e5lders lesbiska kvinnor i Paraguay"},"content":{"rendered":"<p><img loading=\"lazy\" decoding=\"async\" class=\"aligncenter size-large wp-image-122423\" src=\"https:\/\/kulturbloggen.com\/wp-content\/uploads\/2019\/01\/chelasarv-682x1024.jpg\" alt=\"\" width=\"682\" height=\"1024\" srcset=\"https:\/\/kulturbloggen.com\/wp-content\/uploads\/2019\/01\/chelasarv-682x1024.jpg 682w, https:\/\/kulturbloggen.com\/wp-content\/uploads\/2019\/01\/chelasarv-200x300.jpg 200w, https:\/\/kulturbloggen.com\/wp-content\/uploads\/2019\/01\/chelasarv-768x1153.jpg 768w, https:\/\/kulturbloggen.com\/wp-content\/uploads\/2019\/01\/chelasarv.jpg 1440w\" sizes=\"auto, (max-width: 682px) 100vw, 682px\" \/><\/p>\n<p><strong>Chelas arv<\/strong><br \/>\nBetyg 3<br \/>\nSvensk biopremi\u00e4r 1 februari 2019<\/p>\n<p>Chelas arv \u00e4r en film som sticker ut, den \u00e4r speciell och skiljer sig fr\u00e5n vad som brukar visas p\u00e5 biografer b\u00e5de n\u00e4r det g\u00e4ller inneh\u00e5ll och huvudkarakt\u00e4rens val i olika situationer. Filmen som \u00e4r Paraguays Oscarsbidrag har uppm\u00e4rksammats p\u00e5 filmfestivaler, den har kammat hem \u00f6ver 30 festivalpriser v\u00e4rlden \u00f6ver.<\/p>\n<p>Filmen handlar om tv\u00e5 medel\u00e5lders kvinnor, Chela och Chiquita, som levt tillsammans i ett f\u00f6rh\u00e5llande l\u00e4nge. De lever tillsammans i ett stort och fint hus med kristallampor och v\u00e4rdefulla m\u00f6bler och servis, glasen \u00e4r av kristallglas. De har dessutom en tj\u00e4nstekvinna, s\u00e5 de tillh\u00f6r inte den l\u00e4gre arbetarklassen.<\/p>\n<p><img loading=\"lazy\" decoding=\"async\" class=\"alignright size-medium wp-image-122424\" src=\"https:\/\/kulturbloggen.com\/wp-content\/uploads\/2019\/01\/chelasarv2-300x125.jpg\" alt=\"\" width=\"300\" height=\"125\" \/>N\u00e4r filmen b\u00f6rjar har de dock f\u00e5tt ekonomiska problem och m\u00e5ste b\u00f6rja s\u00e4lja delar av vad som finns i huset. Eftersom huset och allt d\u00e4ri har Chela \u00e4rvt, hon \u00e4r uppv\u00e4xt i huset och har bott d\u00e4r hela sitt liv.<\/p>\n<p>Det m\u00e4rks att Chela \u00e4r deprimerad \u00f6ver att saker m\u00e5ste s\u00e4ljas. Hon lider n\u00e4r fr\u00e4mmande m\u00e4nniskor fingrar p\u00e5 deras saker och diskuterar pris och f\u00f6rs\u00f6ker pruta. H\u00e4r kommer ett av sk\u00e4len till att filmen inte f\u00e5r \u00e4nnu h\u00f6gre betyg av mig. Jag har extremt sv\u00e5rt att associera till en s\u00e5dan inst\u00e4llning. Materiella saker \u00e4r f\u00f6r mig n\u00e5got vi har f\u00f6r att anv\u00e4nda, att samla prylar \u00e4r att samla saker som m\u00e5ste dammas. Nej, jag menar inte att jag m\u00e5ste kunna identifiera mig med en huvudkarakt\u00e4r f\u00f6r att en film ska vara bra, inte alls. Film, och alla kultur, kan ta oss p\u00e5 resor in i nya v\u00e4rldar, in i olika m\u00e4nniskors psyken. Men jag har \u00e4nd\u00e5 sv\u00e5rt att tycka s\u00e4rskilt synd om henne f\u00f6r att hon m\u00e5ste s\u00e4lja en del saker. Hon har trots allt tillg\u00e5ng till saker att s\u00e4lja, det \u00e4r mer \u00e4n m\u00e5nga fattigare har.<\/p>\n<p>Den f\u00f6rmodligen st\u00f6rsta anledningen till att de m\u00e5ste s\u00e4lja saker och f\u00e5 in pengar \u00e4r att Chiquita ska sitta i f\u00e4ngelse f\u00f6r n\u00e5gon form av ekonomiskt brott. Chiguita \u00e4r den ut\u00e5triktade av de tv\u00e5 kvinnorna medan Chela \u00e4r mer introvert och helst stannar hemma och arbetar med sin konst. N\u00e4r Chiquita nu skickas till f\u00e4ngelse Chela l\u00e4mnas sj\u00e4lv.<\/p>\n<p>Chela har inte k\u00f6rkort men de har en bil, eftersom Chiquita har k\u00f6rk\u00f6rt. Men Chela kan k\u00f6ra bil. Av en slump b\u00f6rjar hon k\u00f6ra taxi f\u00f6r \u00e4ldre rika kvinnor. D\u00e4r m\u00f6ter hon en ung livlig kvinna, Angy. En v\u00e4nskap v\u00e4xer fram mellan Chela och Angy och sakta b\u00f6rjar Chela bli mer ut\u00e5triktad.<\/p>\n<p>Chelas arv tog hem tv\u00e5 Silverbj\u00f6rnar p\u00e5 Berlins filmfestival, en f\u00f6r B\u00e4sta sk\u00e5despelerska och Alfred Bauer-priset f\u00f6r en film som erbjuder nya perspektiv i film, samt FIPRESCI-priset f\u00f6r b\u00e4sta film.<\/p>\n<p>En av filmens styrkor \u00e4r att vi f\u00e5r f\u00f6lja tv\u00e5 medel\u00e5lders lesbiska kvinnor i ett sydamerikanskt land. Det h\u00f6r inte till de vanligaste teman i en film. Ett plus \u00e4r att filmen inte handlar om att de \u00e4r f\u00f6rtryckta p\u00e5 grund av sin homosexualitet. Det kan i och f\u00f6r sig vibrera under ytan men det \u00e4r inget som h\u00e4nvisas till. Filmer om m\u00e4nniskor som lever i ett homosexuellt f\u00f6rh\u00e5llande m\u00e5ste inte n\u00f6dv\u00e4ndigtvis handla om omv\u00e4rldens f\u00f6rdomar.<\/p>\n<p>Ett annat plus f\u00f6r filmen \u00e4r att den inte v\u00e4ljer de vanligaste schablonerna och att Chelas val i olika situationer inte \u00e4r f\u00f6ruts\u00e4gbara. En av filmens minus \u00e4r dock att den av och till \u00e4r lite f\u00f6r l\u00e5ngsam i ber\u00e4ttandet, lite f\u00f6r seg och att vi f\u00e5r veta lite f\u00f6r lite om bakgrunden till deras liv.<\/p>\n<p><iframe loading=\"lazy\" src=\"https:\/\/www.youtube.com\/embed\/qircrN-ROBg\" width=\"560\" height=\"315\" frameborder=\"0\" allowfullscreen=\"allowfullscreen\"><\/iframe><\/p>\n","protected":false},"excerpt":{"rendered":"<p>Chelas arv Betyg 3 Svensk biopremi\u00e4r 1 februari 2019 Chelas arv \u00e4r en film som sticker ut, den \u00e4r speciell och skiljer sig fr\u00e5n vad som brukar visas p\u00e5 biografer b\u00e5de n\u00e4r det g\u00e4ller inneh\u00e5ll och huvudkarakt\u00e4rens val i olika situationer. Filmen som \u00e4r Paraguays Oscarsbidrag har uppm\u00e4rksammats p\u00e5 filmfestivaler, den har kammat hem \u00f6ver [&hellip;]<\/p>\n","protected":false},"author":2,"featured_media":0,"comment_status":"closed","ping_status":"closed","sticky":false,"template":"","format":"standard","meta":{"_genesis_hide_title":false,"_genesis_hide_breadcrumbs":false,"_genesis_hide_singular_image":false,"_genesis_hide_footer_widgets":false,"_genesis_custom_body_class":"","_genesis_custom_post_class":"","_genesis_layout":"","footnotes":""},"categories":[50,51,16,20,13624],"tags":[1738,13806,12285,12286],"class_list":{"0":"post-122417","1":"post","2":"type-post","3":"status-publish","4":"format-standard","6":"category-filmfilm","7":"category-filmer","8":"category-recension","9":"category-film","10":"category-toppnytt","11":"tag-filmrecension","12":"tag-paraguay","13":"tag-recension","14":"tag-film","15":"entry"},"_links":{"self":[{"href":"https:\/\/kulturbloggen.com\/index.php?rest_route=\/wp\/v2\/posts\/122417","targetHints":{"allow":["GET"]}}],"collection":[{"href":"https:\/\/kulturbloggen.com\/index.php?rest_route=\/wp\/v2\/posts"}],"about":[{"href":"https:\/\/kulturbloggen.com\/index.php?rest_route=\/wp\/v2\/types\/post"}],"author":[{"embeddable":true,"href":"https:\/\/kulturbloggen.com\/index.php?rest_route=\/wp\/v2\/users\/2"}],"replies":[{"embeddable":true,"href":"https:\/\/kulturbloggen.com\/index.php?rest_route=%2Fwp%2Fv2%2Fcomments&post=122417"}],"version-history":[{"count":7,"href":"https:\/\/kulturbloggen.com\/index.php?rest_route=\/wp\/v2\/posts\/122417\/revisions"}],"predecessor-version":[{"id":122426,"href":"https:\/\/kulturbloggen.com\/index.php?rest_route=\/wp\/v2\/posts\/122417\/revisions\/122426"}],"wp:attachment":[{"href":"https:\/\/kulturbloggen.com\/index.php?rest_route=%2Fwp%2Fv2%2Fmedia&parent=122417"}],"wp:term":[{"taxonomy":"category","embeddable":true,"href":"https:\/\/kulturbloggen.com\/index.php?rest_route=%2Fwp%2Fv2%2Fcategories&post=122417"},{"taxonomy":"post_tag","embeddable":true,"href":"https:\/\/kulturbloggen.com\/index.php?rest_route=%2Fwp%2Fv2%2Ftags&post=122417"}],"curies":[{"name":"wp","href":"https:\/\/api.w.org\/{rel}","templated":true}]}}