{"id":122343,"date":"2019-01-25T10:00:54","date_gmt":"2019-01-25T09:00:54","guid":{"rendered":"https:\/\/kulturbloggen.com\/?p=122343"},"modified":"2019-01-25T10:00:57","modified_gmt":"2019-01-25T09:00:57","slug":"skivrecension-evergrey-the-atlantic","status":"publish","type":"post","link":"https:\/\/kulturbloggen.com\/?p=122343","title":{"rendered":"Skivrecension: Evergrey &#8211; The Atlantic"},"content":{"rendered":"<p><img loading=\"lazy\" decoding=\"async\" class=\"aligncenter size-full wp-image-122352\" src=\"https:\/\/kulturbloggen.com\/wp-content\/uploads\/2019\/01\/unnamed-4.jpg\" alt=\"\" width=\"337\" height=\"337\" srcset=\"https:\/\/kulturbloggen.com\/wp-content\/uploads\/2019\/01\/unnamed-4.jpg 337w, https:\/\/kulturbloggen.com\/wp-content\/uploads\/2019\/01\/unnamed-4-150x150.jpg 150w, https:\/\/kulturbloggen.com\/wp-content\/uploads\/2019\/01\/unnamed-4-300x300.jpg 300w\" sizes=\"auto, (max-width: 337px) 100vw, 337px\" \/><\/p>\n<p>Artist: Evergrey<br \/>\nTitel: The Atlantic<br \/>\nBetyg: 4<\/p>\n<p>G\u00f6teborgsbandet Evergrey har sl\u00e4ppt sitt elfte album, kanske bandets djupaste album hittills. Det var tre \u00e5r sedan Evergrey sl\u00e4ppte kritikerhyllade \u201dThe Storm Within\u201d. \u00c5terigen har bandet samarbetat med Jacob Hansen (Volbeat, Amaranthe, Primal Fear) som \u00e5tog sig uppgiften att mixa och mastra albumet.<\/p>\n<p>Elfte albumet \u00e4r ocks\u00e5 den tredje och avslutande delen i ett koncept som b\u00f6rjade med \u201dHymns For The Broken\u201d och \u201dThe Storm Within.<\/p>\n<p>Jag gillar albumet starkt och flera av l\u00e5tarna kommer att hamna p\u00e5 min Spotifylista. Tv\u00e5 favoritl\u00e5tar p\u00e5 albumet \u00e4r &#8221;End of Silence&#8221; och &#8221;Departure&#8221;. F\u00f6re &#8221;End of Silence&#8221; kommer den instrumentala l\u00e5ten &#8221;The Tedal&#8221; som fungerar v\u00e4ldigt fint som intro.<\/p>\n<p>Ett par l\u00e5tar har l\u00e5nga instrumentala delar i mitten som f\u00f6rst k\u00e4ndes f\u00f6r l\u00e5nga men efter ett par lyssningar v\u00e4xte och fungerade mycket bra. \u00d6verlag \u00e4r det ett album som t\u00e5l att lyssna p\u00e5 m\u00e5nga g\u00e5nger, det \u00e4r genomarbetat och det finns mycket att uppt\u00e4cka. De flesta l\u00e5tarna \u00e4r ganska l\u00e5nga, \u00f6ver fem minuter och n\u00e5gra \u00e4r upp emot sju minuter.<\/p>\n","protected":false},"excerpt":{"rendered":"<p>Artist: Evergrey Titel: The Atlantic Betyg: 4 G\u00f6teborgsbandet Evergrey har sl\u00e4ppt sitt elfte album, kanske bandets djupaste album hittills. Det var tre \u00e5r sedan Evergrey sl\u00e4ppte kritikerhyllade \u201dThe Storm Within\u201d. \u00c5terigen har bandet samarbetat med Jacob Hansen (Volbeat, Amaranthe, Primal Fear) som \u00e5tog sig uppgiften att mixa och mastra albumet. Elfte albumet \u00e4r ocks\u00e5 den [&hellip;]<\/p>\n","protected":false},"author":13,"featured_media":0,"comment_status":"closed","ping_status":"closed","sticky":false,"template":"","format":"standard","meta":{"_genesis_hide_title":false,"_genesis_hide_breadcrumbs":false,"_genesis_hide_singular_image":false,"_genesis_hide_footer_widgets":false,"_genesis_custom_body_class":"","_genesis_custom_post_class":"","_genesis_layout":"","footnotes":""},"categories":[7,16,22,13624],"tags":[13803],"class_list":{"0":"post-122343","1":"post","2":"type-post","3":"status-publish","4":"format-standard","6":"category-musik","7":"category-recension","8":"category-skivor","9":"category-toppnytt","10":"tag-nya-album","11":"entry"},"_links":{"self":[{"href":"https:\/\/kulturbloggen.com\/index.php?rest_route=\/wp\/v2\/posts\/122343","targetHints":{"allow":["GET"]}}],"collection":[{"href":"https:\/\/kulturbloggen.com\/index.php?rest_route=\/wp\/v2\/posts"}],"about":[{"href":"https:\/\/kulturbloggen.com\/index.php?rest_route=\/wp\/v2\/types\/post"}],"author":[{"embeddable":true,"href":"https:\/\/kulturbloggen.com\/index.php?rest_route=\/wp\/v2\/users\/13"}],"replies":[{"embeddable":true,"href":"https:\/\/kulturbloggen.com\/index.php?rest_route=%2Fwp%2Fv2%2Fcomments&post=122343"}],"version-history":[{"count":5,"href":"https:\/\/kulturbloggen.com\/index.php?rest_route=\/wp\/v2\/posts\/122343\/revisions"}],"predecessor-version":[{"id":122353,"href":"https:\/\/kulturbloggen.com\/index.php?rest_route=\/wp\/v2\/posts\/122343\/revisions\/122353"}],"wp:attachment":[{"href":"https:\/\/kulturbloggen.com\/index.php?rest_route=%2Fwp%2Fv2%2Fmedia&parent=122343"}],"wp:term":[{"taxonomy":"category","embeddable":true,"href":"https:\/\/kulturbloggen.com\/index.php?rest_route=%2Fwp%2Fv2%2Fcategories&post=122343"},{"taxonomy":"post_tag","embeddable":true,"href":"https:\/\/kulturbloggen.com\/index.php?rest_route=%2Fwp%2Fv2%2Ftags&post=122343"}],"curies":[{"name":"wp","href":"https:\/\/api.w.org\/{rel}","templated":true}]}}