{"id":122259,"date":"2019-01-21T00:13:02","date_gmt":"2019-01-20T23:13:02","guid":{"rendered":"https:\/\/kulturbloggen.com\/?p=122259"},"modified":"2019-01-21T12:12:59","modified_gmt":"2019-01-21T11:12:59","slug":"skaplig-standard-och-frikostig-budget-kronika-om-p3-guld-2019","status":"publish","type":"post","link":"https:\/\/kulturbloggen.com\/?p=122259","title":{"rendered":"Skaplig standard och frikostig budget &#8211; Kr\u00f6nika om P3 Guld 2019"},"content":{"rendered":"\n<figure class=\"wp-block-image\"><img loading=\"lazy\" decoding=\"async\" width=\"800\" height=\"533\" src=\"https:\/\/kulturbloggen.com\/wp-content\/uploads\/2019\/01\/56A8790.jpg\" alt=\"\" class=\"wp-image-122260\" srcset=\"https:\/\/kulturbloggen.com\/wp-content\/uploads\/2019\/01\/56A8790.jpg 800w, https:\/\/kulturbloggen.com\/wp-content\/uploads\/2019\/01\/56A8790-300x200.jpg 300w, https:\/\/kulturbloggen.com\/wp-content\/uploads\/2019\/01\/56A8790-768x512.jpg 768w\" sizes=\"auto, (max-width: 800px) 100vw, 800px\" \/><figcaption>Mwuana med crew &#8211; foto Daniel Diaz<\/figcaption><\/figure>\n\n\n\n<p>F\u00f6r tredje \u00e5ret i rad tog jag chansen att bevaka P3 Guld, vilket inneb\u00e4r att jag varit med de g\u00e5nger evenemanget  f\u00f6rlagts till Partille arena. Om ni anser att jag med mina 60 \u00e5r \u00e4r f\u00f6r gammal och dessutom oinitierad, kan s\u00e4gas till mitt f\u00f6rsvar att det fanns \u00e5tminstone en \u00e4ldre kollega. Sedan \u00e4r det f\u00f6rvisso sant att jag har d\u00e5lig koll, \u00e4ven om jag fortfarande \u00e4lskar musik. N\u00e4r den f\u00f6r mig totalt ok\u00e4nde Fricky h\u00f6ll tacktal inkluderade han Cleo. Kan som kuriosa upplysa om att jag intervjuat henne backstage.<\/p>\n\n\n\n<p> Finns mycket att spekulera om s\u00e5 h\u00e4r dygnet efter, flera relevanta fr\u00e5gest\u00e4llningar att fundera p\u00e5. Hur m\u00e5nga ser p\u00e5 galan? N\u00e4r jag fr\u00e5gade yngre personer p\u00e5 min stora arbetsplats, var jakande svar extremt s\u00e4llsynta. Vidare \u00e4r det intressant att f\u00e5 reda p\u00e5 vad kalaset kostade. T\u00e4nker p\u00e5 alla  som jobbade med galan, j\u00e4mte alla som f\u00f6rekom framf\u00f6r kamerorna. Ett tredje sp\u00f6rsm\u00e5l att fokusera p\u00e5, \u00e4r hur mycket medverkan p\u00e5 galan, antingen genom upptr\u00e4dande eller via mottagande av pris, betyder f\u00f6r artisternas karri\u00e4r och ekonomi? Som ni m\u00e4rkte var om\u00e5ttligt popul\u00e4ra Hov1 fr\u00e5nvarande, liksom Robyn.<\/p>\n\n\n\n<ul class=\"wp-block-gallery columns-1 is-cropped wp-block-gallery-1 is-layout-flex wp-block-gallery-is-layout-flex\"><li class=\"blocks-gallery-item\"><figure><img loading=\"lazy\" decoding=\"async\" width=\"799\" height=\"533\" src=\"https:\/\/kulturbloggen.com\/wp-content\/uploads\/2019\/01\/D3A1061.jpg\" alt=\"\" data-id=\"122261\" data-link=\"https:\/\/kulturbloggen.com\/?attachment_id=122261\" class=\"wp-image-122261\" srcset=\"https:\/\/kulturbloggen.com\/wp-content\/uploads\/2019\/01\/D3A1061.jpg 799w, https:\/\/kulturbloggen.com\/wp-content\/uploads\/2019\/01\/D3A1061-300x200.jpg 300w, https:\/\/kulturbloggen.com\/wp-content\/uploads\/2019\/01\/D3A1061-768x512.jpg 768w\" sizes=\"auto, (max-width: 799px) 100vw, 799px\" \/><figcaption>Seinabo Sey -foto Mattias Ahlm<\/figcaption><\/figure><\/li><\/ul>\n\n\n<p>Det \u00e4r ett v\u00e4lregisserat arrangemang, alltifr\u00e5n busstransporten tur och retur till efterfesten p\u00e5 Park och d\u00e4remellan det minuti\u00f6sa k\u00f6rschemat f\u00f6r teves\u00e4ndningen. P\u00e5 bussen till Partille satt jag bredvid en kvinna som var inbjuden som artist, ok\u00e4nd f\u00f6r mig. Hon heter Monika M\u00e4k och tillh\u00f6rde de som pl\u00e5tades p\u00e5 r\u00f6da mattan. Ville vara framme i god tid f\u00f6r att hinna h\u00f6ra p\u00e5 Hanna J\u00e4rver, en nominerad artist som framtr\u00e4dde p\u00e5 f\u00f6rfesten.&nbsp; Hade inte perfekt tajming, vilket medf\u00f6rde att jag bara h\u00f6rde 6-7 minuter av hennes korta set. Hon hade fyra snubbar i sitt band, spelade h\u00e5rdf\u00f6r, larmig pop i en singer-song writer tradition med svenska texter.&nbsp; Att l\u00e5ta \u00f6ronen ta emot deras distade sound uppluckrat av dr\u00f6msk electronica gav definitivt mersmak. S\u00e5g ocks\u00e5 slutet p\u00e5 en kort akt med hiphop. Z.E (en av galans vinnare) var otroligt duktig p\u00e5 att rimma till feta beats.&nbsp; Om denne macho rappare\/ spoken word artist h\u00e5ller i l\u00e4ngden g\u00e5r inte att uttala sig om. Att unga lyssnare&nbsp; bed\u00f6mt att han \u00e4r beg\u00e5vad nog, \u00e4r f\u00f6rvisso ett faktum.<\/p>\n\n\n<figure class=\"wp-block-image\"><img loading=\"lazy\" decoding=\"async\" width=\"800\" height=\"533\" src=\"https:\/\/kulturbloggen.com\/wp-content\/uploads\/2019\/01\/56A7989.jpg\" alt=\"\" class=\"wp-image-122263\" srcset=\"https:\/\/kulturbloggen.com\/wp-content\/uploads\/2019\/01\/56A7989.jpg 800w, https:\/\/kulturbloggen.com\/wp-content\/uploads\/2019\/01\/56A7989-300x200.jpg 300w, https:\/\/kulturbloggen.com\/wp-content\/uploads\/2019\/01\/56A7989-768x512.jpg 768w\" sizes=\"auto, (max-width: 800px) 100vw, 800px\" \/><figcaption>Viagra Boys\/ Punani  &#8211; foto Daniel Diaz<\/figcaption><\/figure>\n\n\n\n<p>Minnesgoda tittare m\u00e4rkte att man \u00e4ndrat p\u00e5 scenografin. I \u00e5r fanns ingen publik p\u00e5 parkett, bortsett fr\u00e5n n\u00e4r Benjamin Ingrosso avslutade hela tillst\u00e4llningen. Ist\u00e4llet  ju en m\u00e4ngd boxar att laborera med, uppep\u00e5 dessa agerade dansare och k\u00f6rs\u00e5ngare tog i.  En annan nyhet var hur och var artisterna hade placerats. Det var uts\u00e5lt, men inte riktigt fullsatt. Som vanligt brydde sig inte publiken om att inta sina platser i tid.  Betr\u00e4ffande de speedade programledarna inst\u00e4ller sig tv\u00e5 sp\u00f6rsm\u00e5l.  Exakt  hur stor dos trams parat med narcissism borde de f\u00e5 \u00e4gna sig \u00e5t? Och kan Marcus Berggren komma  undan med vilka p\u00e5hopp som helst, genom att h\u00e4nvisa till satirens ramverk och ansvarig utgivare? T\u00e5l att t\u00e4nka p\u00e5! N\u00e4r det g\u00e4ller musikskaparnas framf\u00f6rande av sin musik, kan varje liveakt liknas vid ett statement, n\u00e5got som skulle f\u00f6rmedlas. Ibland krystat som i fallet med tennismatchen herre  mot dam, ibland v\u00e4lfunnet som paraden av l\u00e4ttkl\u00e4dda kvinnor med skiftande kroppar i m\u00e5ngkulturens tecken.  <\/p>\n\n\n\n<figure class=\"wp-block-image is-resized\"><img loading=\"lazy\" decoding=\"async\" src=\"https:\/\/kulturbloggen.com\/wp-content\/uploads\/2019\/01\/D3A2604.jpg\" alt=\"\" class=\"wp-image-122266\" width=\"580\" height=\"386\" srcset=\"https:\/\/kulturbloggen.com\/wp-content\/uploads\/2019\/01\/D3A2604.jpg 799w, https:\/\/kulturbloggen.com\/wp-content\/uploads\/2019\/01\/D3A2604-300x200.jpg 300w, https:\/\/kulturbloggen.com\/wp-content\/uploads\/2019\/01\/D3A2604-768x512.jpg 768w\" sizes=\"auto, (max-width: 580px) 100vw, 580px\" \/><figcaption>Little Dragon -foto Mattias Ahlm<\/figcaption><\/figure>\n\n\n<p>N\u00e4r jag l\u00e4mnade efterfesten fr\u00e5gade jag den legendariske programledaren Mats Nilesk\u00e4r ( Soul Corner)&nbsp; &#8211; som trevligt nog k\u00e4nde igen mig &#8211; om \u00e5rets upplaga var bra.&nbsp; JA, blev hans entydiga svar.&nbsp; Duetten Miriam Bryant gjorde med Markus Kruneg\u00e5rd och band i en byggbarack(?) tillh\u00f6r inte hennes fr\u00e4msta alster, vilket jag kom fram till redan n\u00e4r jag recenserade p\u00e5 WOW.&nbsp; Programmakarna ska harangeras f\u00f6r den finst\u00e4mda, fylliga hyllningen till tragiskt bortg\u00e5ngne Tim Bergling (Avicii). D\u00e5 kunde publikens sorg f\u00f6rnimmas,&nbsp; v\u00e5r tids motsvarighet till stearinljus sk\u00e5dades p\u00e5 l\u00e4ktarna. En omst\u00e4ndighet som ibland fallerade var tyv\u00e4rr ljudkvaliteten. Utg\u00e5r fr\u00e5n att teknisk personal \u00e5tg\u00e4rdade, s\u00e5 att de som h\u00f6rde&nbsp; s\u00e4ndningen slapp ta del av missf\u00f6rh\u00e5llandet.. Min tinnitus \u00e4r ett tillr\u00e4ckligt problem \u00e4nd\u00e5.&nbsp;<\/p>\n\n\n<figure class=\"wp-block-image\"><img loading=\"lazy\" decoding=\"async\" width=\"800\" height=\"533\" src=\"https:\/\/kulturbloggen.com\/wp-content\/uploads\/2019\/01\/D3A1305.jpg\" alt=\"\" class=\"wp-image-122267\" srcset=\"https:\/\/kulturbloggen.com\/wp-content\/uploads\/2019\/01\/D3A1305.jpg 800w, https:\/\/kulturbloggen.com\/wp-content\/uploads\/2019\/01\/D3A1305-300x200.jpg 300w, https:\/\/kulturbloggen.com\/wp-content\/uploads\/2019\/01\/D3A1305-768x512.jpg 768w\" sizes=\"auto, (max-width: 800px) 100vw, 800px\" \/><figcaption>Norlie &amp; KKV med Estrad &#8211; foto Mattias Ahlm<\/figcaption><\/figure>\n\n\n<p>Vad har rent musikaliskt fastnat hos mig? Jo i viss m\u00e5n&nbsp; Seinabo Sey med eleganten Martin Hederos p\u00e5 elpiano och en str\u00e5kensemble som t\u00e4ckte in b\u00e5de diskant och bas. Tveksam till om l\u00e5ten blir en stor hit, fast r\u00f6sten gjort henne till odiskutabel soulstj\u00e4rna. Associerar till storheter som Anita Baker och Angie Stone. Uppt\u00e4ckte Little Dragon vars s\u00e5ngerska sympatiskt nog introducerade bandmedlemmarna (trummisen Erik Bodin har jag h\u00f6rt live i annat betydligt mindre sammanhang). Trots el\u00e4ndigt ljud, registrerade jag ett rytmiskt tunggung i halvsnabb takt vars sound l\u00e4t osvenskt. Snygg soulfunk helt enkelt! Nutida r&amp; b med hiphop-element som jag f\u00f6ll pladask f\u00f6r, serverades av en stolt Mwuana, vinnare ifjol. H\u00f6g klass p\u00e5 hans medryckande sing back-framf\u00f6rande med fr\u00e4cka samplingar.&nbsp; Tredje positiva \u00f6verraskningen kom fr\u00e5n n\u00e4stan f\u00e5nigt tuffa Viagra Boys.&nbsp; H\u00e4rligt kompromissl\u00f6s mix av grunge, punk och heavy metal med vokalist influerad av Henry Rollins. H\u00e5rt och samtidigt melodiskt, vilket gjorde att jag fick blodad tand.&nbsp;<\/p>\n\n\n<figure class=\"wp-block-image\"><img loading=\"lazy\" decoding=\"async\" width=\"799\" height=\"533\" src=\"https:\/\/kulturbloggen.com\/wp-content\/uploads\/2019\/01\/D3A1932.jpg\" alt=\"\" class=\"wp-image-122269\" srcset=\"https:\/\/kulturbloggen.com\/wp-content\/uploads\/2019\/01\/D3A1932.jpg 799w, https:\/\/kulturbloggen.com\/wp-content\/uploads\/2019\/01\/D3A1932-300x200.jpg 300w, https:\/\/kulturbloggen.com\/wp-content\/uploads\/2019\/01\/D3A1932-768x512.jpg 768w\" sizes=\"auto, (max-width: 799px) 100vw, 799px\" \/><figcaption>Miriam Bryant\/ Markus Kruneg\u00e5rd &#8211; foto Mattias Ahlm \/ Sveriges radio<\/figcaption><\/figure>\n\n\n<p>Inget anm\u00e4rkningsv\u00e4rt att rapportera fr\u00e5n efterfesten. Folk minglade och trivdes. Fanns inga utannonserade upptr\u00e4danden i \u00e5r, lyckades \u00e4nd\u00e5 snappa upp ett kul, kort vokalt techno-set. Jag k\u00e4nde igen ytterst f\u00e5: hejade p\u00e5 en cellist fr\u00e5n G\u00f6teborgs symfoniker, gitarristen Anders &#8221;Agge&#8221; Augustsson och en man fr\u00e5n Jazzradion.&nbsp; Innan jag s\u00e4tter punkt lovade jag att ha med n\u00e5gra repliker fr\u00e5n segraren i kategorin \u00e5rets pop. P\u00e5 Park uppstod tillf\u00e4lle att fr\u00e5ga h\u00f6ggravida Linnea Henriksson om hon kom ih\u00e5g att vi s\u00e5gs i Halmstad (Jazzriksdag) i v\u00e5ras och om f\u00e5tt veta i f\u00f6rv\u00e4g att hon skulle f\u00e5 pris. Linnea sa att hon visste att hon har m\u00e5nga fans, men blev \u00e4nd\u00e5 glatt f\u00f6rv\u00e5nad \u00f6ver att tilldelas priset. Med tanke p\u00e5 sin kropps tillst\u00e5nd var hon p\u00e5 v\u00e4g att l\u00e4mna. Gl\u00f6mde b\u00e5de att fr\u00e5ga om gjorda erfarenheter av <em>S\u00e5 mycket b\u00e4ttre<\/em> och ber\u00f6mma f\u00f6r hennes f\u00f6rm\u00e5ga att tolka jazzstandards. &nbsp;<\/p>","protected":false},"excerpt":{"rendered":"<p>F\u00f6r tredje \u00e5ret i rad tog jag chansen att bevaka P3 Guld, vilket inneb\u00e4r att jag varit med de g\u00e5nger evenemanget f\u00f6rlagts till Partille arena. Om ni anser att jag med mina 60 \u00e5r \u00e4r f\u00f6r gammal och dessutom oinitierad, kan s\u00e4gas till mitt f\u00f6rsvar att det fanns \u00e5tminstone en \u00e4ldre kollega. Sedan \u00e4r det [&hellip;]<\/p>\n","protected":false},"author":34,"featured_media":0,"comment_status":"closed","ping_status":"closed","sticky":false,"template":"","format":"standard","meta":{"_genesis_hide_title":false,"_genesis_hide_breadcrumbs":false,"_genesis_hide_singular_image":false,"_genesis_hide_footer_widgets":false,"_genesis_custom_body_class":"","_genesis_custom_post_class":"","_genesis_layout":"","footnotes":""},"categories":[44,7],"tags":[],"class_list":{"0":"post-122259","1":"post","2":"type-post","3":"status-publish","4":"format-standard","6":"category-chadie","7":"category-musik","8":"entry"},"_links":{"self":[{"href":"https:\/\/kulturbloggen.com\/index.php?rest_route=\/wp\/v2\/posts\/122259","targetHints":{"allow":["GET"]}}],"collection":[{"href":"https:\/\/kulturbloggen.com\/index.php?rest_route=\/wp\/v2\/posts"}],"about":[{"href":"https:\/\/kulturbloggen.com\/index.php?rest_route=\/wp\/v2\/types\/post"}],"author":[{"embeddable":true,"href":"https:\/\/kulturbloggen.com\/index.php?rest_route=\/wp\/v2\/users\/34"}],"replies":[{"embeddable":true,"href":"https:\/\/kulturbloggen.com\/index.php?rest_route=%2Fwp%2Fv2%2Fcomments&post=122259"}],"version-history":[{"count":7,"href":"https:\/\/kulturbloggen.com\/index.php?rest_route=\/wp\/v2\/posts\/122259\/revisions"}],"predecessor-version":[{"id":122273,"href":"https:\/\/kulturbloggen.com\/index.php?rest_route=\/wp\/v2\/posts\/122259\/revisions\/122273"}],"wp:attachment":[{"href":"https:\/\/kulturbloggen.com\/index.php?rest_route=%2Fwp%2Fv2%2Fmedia&parent=122259"}],"wp:term":[{"taxonomy":"category","embeddable":true,"href":"https:\/\/kulturbloggen.com\/index.php?rest_route=%2Fwp%2Fv2%2Fcategories&post=122259"},{"taxonomy":"post_tag","embeddable":true,"href":"https:\/\/kulturbloggen.com\/index.php?rest_route=%2Fwp%2Fv2%2Ftags&post=122259"}],"curies":[{"name":"wp","href":"https:\/\/api.w.org\/{rel}","templated":true}]}}