{"id":12222,"date":"2009-08-30T14:53:21","date_gmt":"2009-08-30T12:53:21","guid":{"rendered":"http:\/\/kulturbloggen.com\/?p=12222"},"modified":"2009-08-30T14:53:21","modified_gmt":"2009-08-30T12:53:21","slug":"adjo-wallander-tankar-kring-mankells-den-orolige-mannen","status":"publish","type":"post","link":"https:\/\/kulturbloggen.com\/?p=12222","title":{"rendered":"Adj\u00f6 Wallander (tankar kring Mankells Den orolige mannen)"},"content":{"rendered":"<p><img loading=\"lazy\" decoding=\"async\" src=\"http:\/\/sodergren.com\/kulturbloggen\/wp-content\/uploads\/2009\/08\/denoroligemannen-187x300.jpg\" alt=\"denoroligemannen\" title=\"denoroligemannen\" width=\"187\" height=\"300\" class=\"aligncenter size-medium wp-image-12227\" \/><br \/>\n&#8221;Den orolige mannen&#8221; \u00e4r Henning Mankells avslutande bok om polismannen Wallander.<br \/>\nHenning Mankell visar att han \u00e4r den svenske deckarkungen &#8211; ja kejsaren utan konkurrens egentligen. &#8221;Den orolige mannen&#8221; \u00e4r mer \u00e4n en sp\u00e4nningsroman, det \u00e4r litteratur om livets g\u00e5ng.<\/p>\n<p>Grundhandlingen har v\u00e4l m\u00e5nga som \u00e4r intresserade av Mankells b\u00f6cker redan l\u00e4st om:<\/p>\n<blockquote><p>En vinterdag 2008 f\u00f6rsvinner en pensionerad h\u00f6g marinofficer under sin dagliga promenad i Lilljansskogen.<br \/>\nF\u00f6r Kurt Wallander blir det en personlig fr\u00e5ga av h\u00f6gsta rang. Officeren \u00e4r n\u00e4mligen Linda Wallanders sv\u00e4rfar in spe och hennes lilla dotters farfar.<br \/>\nTrots att utredningen handl\u00e4ggs av polisen i Stockholm kan Kurt Wallander inte l\u00e5ta bli att engagera sig. N\u00e4r ocks\u00e5 officerens hustru Louise f\u00f6rsvinner, lika sp\u00e5rl\u00f6st, lika g\u00e5tfullt, blir hans engagemang om m\u00f6jligt \u00e4nnu st\u00f6rre.<br \/>\nTr\u00e5darna leder bak\u00e5t i tiden, till Kalla kriget, h\u00f6gerextrema sammanslutningar och l\u00f6nnm\u00f6rdare fr\u00e5n det gamla \u00d6steuropa. Wallander anar att han har kommit en stor hemlighet p\u00e5 sp\u00e5ren, som ber\u00f6r hela den svenska efterkrigshistorien. <\/p><\/blockquote>\n<p>Wallander \u00e4r 60 och n\u00e4r en m\u00e4nniska kommit till den \u00e5ldern vet han att han med st\u00f6rsta s\u00e4kerhet har levt st\u00f6rre delen av sitt liv och nu v\u00e4ntar f\u00f6rmodligen \u00e5lderdom, sjukdom och skr\u00f6plighet av olika slag. Eftersom de flesta deckardrottningar i Sverige bara skriver om unga tjejer som skaffar familj och br\u00e5kar med sin man om vem som ska h\u00e4mta p\u00e5 dagis, \u00e4r \u00e4mnet \u00e5lderdom inte med i m\u00e5nga svenska deckare.<\/p>\n<p>Deckarhistorien i &#8221;Den orolige mannen&#8221; tar upp svensk nutidshistoria, om ub\u00e5tshistorier och Sveriges f\u00f6rh\u00e5llande till Ryssland och USA. Mankells b\u00f6cker om Wallander har alltid varit samh\u00e4llskritiska och tagit upp politiska fr\u00e5gor. Men i &#8221;Den orolige mannen&#8221; blir det \u00e4n mer p\u00e5tagligt.<\/p>\n<p>Romanen \u00e4r den typ av deckarhistoria som jag inte kan slita mig fr\u00e5n, jag vill forts\u00e4tta vara i den milj\u00f6n, vara n\u00e4ra ber\u00e4ttelsen och h\u00f6ra hur det g\u00e5r. det m\u00e4rks att Henning Mankell best\u00e4mt sig f\u00f6r att l\u00e5ta Wallander s\u00e4ga adj\u00f6 nu &#8211; och alla faser i hans liv dyker, lite v\u00e4l \u00f6vertydligt ibland. Romanen hade nog kunnat t\u00e4tats till och dragit ner p\u00e5 en del delar.<\/p>\n<p>Jag tycker att hans f\u00f6rh\u00e5llande till sin f\u00f6re detta fru och hur hon utvecklats inte k\u00e4nns trov\u00e4rdigt i f\u00f6rh\u00e5llande till de tidigare romanerna. K\u00e4nns p\u00e5klistrat.<\/p>\n<p>Men \u00e4nd\u00e5: som skildring av en m\u00e4nniska i slutet av sitt yrkesliv och p\u00e5 v\u00e4g mot \u00e5lderdomen, med reflektioner kring hur han hanskats med livet och sina medm\u00e4nniskor, \u00e4r mycket bra. Jag kan ocks\u00e5 bli r\u00e4tt arg p\u00e5 Wallander, hur han l\u00e5ter sin egen \u00e5ngest g\u00f6ra att han g\u00f6r andra m\u00e4nniskor illa. Precis som det \u00e4r i livet.<\/p>\n<p>Wallanderserien har ju filmatiserats, lite v\u00e4l mycket kanske, en del avsnitt bygger bara mycket l\u00f6st p\u00e5 romanens karakt\u00e4rer. F\u00f6r min del, n\u00e4r jag l\u00e4ser boken, kan jag varken se Rolf Lassg\u00e5rd eller Krister Henriksson framf\u00f6r mig som Wallander. Jag ser Henning Mankell. Wallander \u00e4r f\u00f6r mig ett stycke Henning Mankell och \u00e4nnu mer n\u00e4r han i avslutningsdeckaren tr\u00e4der fram med sin \u00e5ngest inf\u00f6r \u00e5lderdomen och sk\u00e4rper sitt politiska engagemang och intresse.<\/p>\n<p>Henning Mankell har definitivt visat att han vill s\u00e4ga adj\u00f6 till Wallander nu. Men fr\u00e5gan \u00e4r: m\u00e5ste vi s\u00e4ga farv\u00e4l till Wallander? Jag ska inte avsl\u00f6ja hur boken slutar, s\u00e5 jag kan inte vidareutveckla detta. Men det g\u00e5r ju att g\u00f6ra deckare kring \u00e5ren fram till 60 om inte annat. Det l\u00e4r v\u00e4l filmbolag och tv-bolag komma p\u00e5 f\u00f6r att mj\u00f6lka ut \u00e4nnu mer finansiell vinning ur karakt\u00e4rerna. Men jag vill ha en annan slags roman om Wallander, en f\u00f6rdjupning av det som h\u00e4nder honom i &#8221;Den orolige mannen&#8221;.<\/p>\n<p><a href=\"http:\/\/www.svd.se\/kulturnoje\/litteratur\/artikel_3370095.svd\">Svenska Dagbladets recensent tycker att boken \u00e4r taffligt skriven<\/a>:<\/p>\n<blockquote><p>Den f\u00f6rsta k\u00e4nsla som griper tag i mig efter ett par kapitels l\u00e4sning i Henning Mankells nya roman om Kurt Wallander, Den orolige mannen , \u00e4r f\u00f6rl\u00e4genhet. Det jag h\u00e5ller p\u00e5 att l\u00e4sa \u00e4r rent ut sagt taffligt skrivet. Upprepningarna, klich\u00e9erna och \u00f6vertydligheterna duggar t\u00e4tt, pinsamt t\u00e4tt. F\u00f6r att inte tala om de egendomliga liknelserna.<\/p><\/blockquote>\n<p>Det beror p\u00e5 vad boken j\u00e4mf\u00f6rs med. I j\u00e4mf\u00f6relse med andra svenska deckare \u00e4r &#8221;Den orolige mannen&#8221; v\u00e4lskriven, tycker jag.<br \/>\n<a href=\"http:\/\/www.gp.se\/gp\/jsp\/Crosslink.jsp?d=404&#038;a=512212\"><br \/>\nG\u00f6teborgsposten<\/a> har samma positiva inst\u00e4llning som jag:<\/p>\n<blockquote><p>Mankell har kallat b\u00f6ckerna om Wallander f\u00f6r romaner &#8221;om den svenska oron&#8221;. Den orolige mannen handlar i h\u00f6g grad ocks\u00e5 om kommissariens oro f\u00f6r sin egen h\u00e4lsa, sitt eget liv. Vad har han egentligen gjort med det? Wallander m\u00e5 framst\u00e5 som tr\u00f6tt och skr\u00f6plig men som romangestalt \u00e4r han starkare och intressantare \u00e4n n\u00e5gonsin f\u00f6rr. Nog skiljs jag fr\u00e5n honom med saknad.<\/p><\/blockquote>\n<p><a href=\"http:\/\/www.bokhora.se\/blog\/allmant\/2009\/08\/orolige-mannen-mankell\/\">Bokhoras recensent \u00e4r en av de som \u00e4r mer kritisk till boken<\/a>:<\/p>\n<p>Andra som skrivit om boken:<br \/>\n<a href=\"http:\/\/enbokomdagen.blogspot.com\/2009\/08\/den-orolige-mannen-av-henning-mankell.html\">En bok om dagen<\/a>, <a href=\"http:\/\/www.dn.se\/dnbok\/bokrecensioner\/recension-henning-mankell-den-orolige-mannen-1.932905\">Dagens Nyheter<\/a>, <a href=\"http:\/\/www.expressen.se\/kultur\/1.1675078\/henning-mankell-den-orolige-mannen#\">Expressen<\/a>, <a href=\"http:\/\/www.tidningenkulturen.se\/index.php\/kritik-mainmenu-52\/litteratur-mainmenu-35\/4922-litteratur-henning-mankell-den-orolige-mannen\">Tidningen Kulturen<\/a>. <\/p>\n<p>Den orolige mannen<br \/>\nHenning Mankell<br \/>\nISBN:  9789173432658<\/p>\n<p>L\u00e4s \u00e4ven andra bloggares \u00e5sikter om <a href=\"http:\/\/bloggar.se\/om\/litteratur\" rel=\"tag\">litteratur<\/a>, <a href=\"http:\/\/bloggar.se\/om\/b%F6cker\" rel=\"tag\">b\u00f6cker<\/a>, <a href=\"http:\/\/bloggar.se\/om\/deckare\" rel=\"tag\">deckare<\/a>, <a href=\"http:\/\/bloggar.se\/om\/f%F6rfattare\" rel=\"tag\">f\u00f6rfattare<\/a>, <a href=\"http:\/\/bloggar.se\/om\/Henning+Mankell\" rel=\"tag\">Henning Mankell<\/a>, <a href=\"http:\/\/bloggar.se\/om\/Wallander\" rel=\"tag\">Wallander<\/a><\/p>\n","protected":false},"excerpt":{"rendered":"<p>&#8221;Den orolige mannen&#8221; \u00e4r Henning Mankells avslutande bok om polismannen Wallander. Henning Mankell visar att han \u00e4r den svenske deckarkungen &#8211; ja kejsaren utan konkurrens egentligen. &#8221;Den orolige mannen&#8221; \u00e4r mer \u00e4n en sp\u00e4nningsroman, det \u00e4r litteratur om livets g\u00e5ng. Grundhandlingen har v\u00e4l m\u00e5nga som \u00e4r intresserade av Mankells b\u00f6cker redan l\u00e4st om: En vinterdag [&hellip;]<\/p>\n","protected":false},"author":2,"featured_media":0,"comment_status":"open","ping_status":"open","sticky":false,"template":"","format":"standard","meta":{"_genesis_hide_title":false,"_genesis_hide_breadcrumbs":false,"_genesis_hide_singular_image":false,"_genesis_hide_footer_widgets":false,"_genesis_custom_body_class":"","_genesis_custom_post_class":"","_genesis_layout":"","footnotes":""},"categories":[3,16],"tags":[907,12280,1197,1919],"class_list":{"0":"post-12222","1":"post","2":"type-post","3":"status-publish","4":"format-standard","6":"category-litteratur","7":"category-recension","8":"tag-bocker","9":"tag-litteratur","10":"tag-deckare","11":"tag-forfattare","12":"entry"},"_links":{"self":[{"href":"https:\/\/kulturbloggen.com\/index.php?rest_route=\/wp\/v2\/posts\/12222","targetHints":{"allow":["GET"]}}],"collection":[{"href":"https:\/\/kulturbloggen.com\/index.php?rest_route=\/wp\/v2\/posts"}],"about":[{"href":"https:\/\/kulturbloggen.com\/index.php?rest_route=\/wp\/v2\/types\/post"}],"author":[{"embeddable":true,"href":"https:\/\/kulturbloggen.com\/index.php?rest_route=\/wp\/v2\/users\/2"}],"replies":[{"embeddable":true,"href":"https:\/\/kulturbloggen.com\/index.php?rest_route=%2Fwp%2Fv2%2Fcomments&post=12222"}],"version-history":[{"count":0,"href":"https:\/\/kulturbloggen.com\/index.php?rest_route=\/wp\/v2\/posts\/12222\/revisions"}],"wp:attachment":[{"href":"https:\/\/kulturbloggen.com\/index.php?rest_route=%2Fwp%2Fv2%2Fmedia&parent=12222"}],"wp:term":[{"taxonomy":"category","embeddable":true,"href":"https:\/\/kulturbloggen.com\/index.php?rest_route=%2Fwp%2Fv2%2Fcategories&post=12222"},{"taxonomy":"post_tag","embeddable":true,"href":"https:\/\/kulturbloggen.com\/index.php?rest_route=%2Fwp%2Fv2%2Ftags&post=12222"}],"curies":[{"name":"wp","href":"https:\/\/api.w.org\/{rel}","templated":true}]}}