{"id":12219,"date":"2009-08-30T13:30:46","date_gmt":"2009-08-30T11:30:46","guid":{"rendered":"http:\/\/kulturbloggen.com\/?p=12219"},"modified":"2009-08-30T13:30:46","modified_gmt":"2009-08-30T11:30:46","slug":"varfor-ar-det-sa-tyst-om-fangslade-bloggare-i-azerbajdzjan","status":"publish","type":"post","link":"https:\/\/kulturbloggen.com\/?p=12219","title":{"rendered":"Varf\u00f6r \u00e4r det s\u00e5 tyst om f\u00e4ngslade bloggare i Azerbajdzjan?"},"content":{"rendered":"<p><img loading=\"lazy\" decoding=\"async\" src=\"http:\/\/sodergren.com\/kulturbloggen\/wp-content\/uploads\/2009\/08\/emin_adnan.png\" alt=\"emin_adnan\" title=\"emin_adnan\" width=\"182\" height=\"191\" class=\"aligncenter size-full wp-image-12220\" \/><br \/>\nDet verkar vara r\u00e4tt tyst i den svenska bloggosf\u00e4ren om de f\u00e4ngslade regimkritiska azerbajdzjanska bloggarna, skriver en bloggv\u00e4n till mig i ett facebookmeddelande.<\/p>\n<p>Ja det \u00e4r tyst i alla medier om \u00f6vergreppen och bristen p\u00e5 m\u00e4nskliga r\u00e4ttigheter i Azerbajdzjan.<\/p>\n<p><a href=\"http:\/\/kornet.nu\/blindhona\/arkiv\/002720.html\">L\u00e4s mer hos Blind H\u00f6na och sprid informationen<\/a>. Vi m\u00e5ste kr\u00e4va bloggarnas frihet:<\/p>\n<blockquote><p>Tv\u00e5 regimkritiska bloggare i Azerbajdzjan riskerar l\u00e5nga f\u00e4ngelsestraff f\u00f6r ett p\u00e5st\u00e5tt restaurangbr\u00e5k i Baku i juli.<\/p>\n<p>Men anklagelserna mot Emin Milli och Adnan Hajizada \u00e4r falska, h\u00e4vdar m\u00e4nniskor\u00e4ttsorganisationer och oberoende bed\u00f6mare.<\/p>\n<p>Syftet \u00e4r att tysta en v\u00e4xande blogg-r\u00f6relse bland azerbajdzjanska ungdomar. De v\u00e4djar nu om internationellt st\u00f6d.<\/p><\/blockquote>\n","protected":false},"excerpt":{"rendered":"<p>Det verkar vara r\u00e4tt tyst i den svenska bloggosf\u00e4ren om de f\u00e4ngslade regimkritiska azerbajdzjanska bloggarna, skriver en bloggv\u00e4n till mig i ett facebookmeddelande. Ja det \u00e4r tyst i alla medier om \u00f6vergreppen och bristen p\u00e5 m\u00e4nskliga r\u00e4ttigheter i Azerbajdzjan. L\u00e4s mer hos Blind H\u00f6na och sprid informationen. Vi m\u00e5ste kr\u00e4va bloggarnas frihet: Tv\u00e5 regimkritiska bloggare [&hellip;]<\/p>\n","protected":false},"author":2,"featured_media":0,"comment_status":"open","ping_status":"open","sticky":false,"template":"","format":"standard","meta":{"_genesis_hide_title":false,"_genesis_hide_breadcrumbs":false,"_genesis_hide_singular_image":false,"_genesis_hide_footer_widgets":false,"_genesis_custom_body_class":"","_genesis_custom_post_class":"","_genesis_layout":"","footnotes":""},"categories":[20],"tags":[56,3897,12284],"class_list":{"0":"post-12219","1":"post","2":"type-post","3":"status-publish","4":"format-standard","6":"category-film","7":"tag-internationellt-politik-nyheter","8":"tag-manskliga-rattigheter","9":"tag-politik","10":"entry"},"_links":{"self":[{"href":"https:\/\/kulturbloggen.com\/index.php?rest_route=\/wp\/v2\/posts\/12219","targetHints":{"allow":["GET"]}}],"collection":[{"href":"https:\/\/kulturbloggen.com\/index.php?rest_route=\/wp\/v2\/posts"}],"about":[{"href":"https:\/\/kulturbloggen.com\/index.php?rest_route=\/wp\/v2\/types\/post"}],"author":[{"embeddable":true,"href":"https:\/\/kulturbloggen.com\/index.php?rest_route=\/wp\/v2\/users\/2"}],"replies":[{"embeddable":true,"href":"https:\/\/kulturbloggen.com\/index.php?rest_route=%2Fwp%2Fv2%2Fcomments&post=12219"}],"version-history":[{"count":0,"href":"https:\/\/kulturbloggen.com\/index.php?rest_route=\/wp\/v2\/posts\/12219\/revisions"}],"wp:attachment":[{"href":"https:\/\/kulturbloggen.com\/index.php?rest_route=%2Fwp%2Fv2%2Fmedia&parent=12219"}],"wp:term":[{"taxonomy":"category","embeddable":true,"href":"https:\/\/kulturbloggen.com\/index.php?rest_route=%2Fwp%2Fv2%2Fcategories&post=12219"},{"taxonomy":"post_tag","embeddable":true,"href":"https:\/\/kulturbloggen.com\/index.php?rest_route=%2Fwp%2Fv2%2Ftags&post=12219"}],"curies":[{"name":"wp","href":"https:\/\/api.w.org\/{rel}","templated":true}]}}