{"id":121960,"date":"2019-01-03T09:46:17","date_gmt":"2019-01-03T08:46:17","guid":{"rendered":"https:\/\/kulturbloggen.com\/?p=121960"},"modified":"2019-01-03T09:47:00","modified_gmt":"2019-01-03T08:47:00","slug":"ortens-basta-poet-lagger-ned","status":"publish","type":"post","link":"https:\/\/kulturbloggen.com\/?p=121960","title":{"rendered":"Ortens b\u00e4sta poet l\u00e4gger ned"},"content":{"rendered":"<p><img loading=\"lazy\" decoding=\"async\" class=\"aligncenter size-full wp-image-121962\" src=\"https:\/\/kulturbloggen.com\/wp-content\/uploads\/2019\/01\/books-3454385_1920-e1546505125982.jpg\" alt=\"\" width=\"650\" height=\"433\" \/><\/p>\n<p>Ortens b\u00e4sta poet &#8211; har funnits i fyra \u00e5r och 20.000 personer har n\u00e5tts via evenemang i landet och lives\u00e4ndningar p\u00e5 n\u00e4tet. 300 poeter har deltagit och minst det dubbla antalet har g\u00e5tt p\u00e5 workshops i poesi, skriver Melody Farshin, st\u00e5uppkomiker och skribent i Dagens Nyheters kulturbilaga den 3 januari 2019.<br \/>\nMelody Farshin som debuterade som f\u00f6rfattare h\u00f6sten 2018 med boken Mizeria var konferencier p\u00e5 Ortens b\u00e4sta poet sedan starten 2015.<\/p>\n<p>Melody Farshin ger uttryck f\u00f6r stark besvikelse och skriver att Rinkeby-Kista stadsdelsf\u00f6rvaltning inte har \u00f6rat mot gatan och att den v\u00e4grar lyssna p\u00e5 folket. Hon j\u00e4mf\u00f6r med hur mycket resurser som staden var beredd att satsa f\u00f6r att ist\u00e4llet f\u00f6r att satsa p\u00e5 poesi gav st\u00f6d till en melodifestival i f\u00f6rorten.<\/p>\n<p>Det \u00e4r v\u00e4l ganska typiskt, denna f\u00f6rdomsfulla nedv\u00e4rdering och f\u00f6rutfattade meningar fr\u00e5n beslutsfattare gentemot m\u00e4nniskor som bor i mindre eleganta stadsdelar. F\u00f6r att m\u00e4nniskor inte har lika h\u00f6g genomsnittsl\u00f6n som i Danderyd och inte lika m\u00e5nga med h\u00f6ga akademiska po\u00e4ng beh\u00f6ver dessa m\u00e4nniskor inte vara obildbara och bara vilja ha l\u00e4ttsm\u00e4lt ytlig underh\u00e5llning.<\/p>\n<p>I f\u00f6rorter d\u00e4r genomsnittsinkomsten ofta \u00e4r l\u00e4gre \u00e4n i v\u00e4lb\u00e4rgade omr\u00e5den bor ofta en st\u00f6rre m\u00e5ngfald m\u00e4nniskor med brokigare bakgrund. F\u00f6r att dessa m\u00e4nniskor inte tagit sig in i de v\u00e4lavl\u00f6nade svenska arbetsplatser betyder inte att de inte skulle ha f\u00f6rst\u00e5else eller k\u00e4nsla f\u00f6r poesi eller att uttrycka sig metaforiskt eller symboliskt. Det finns m\u00e4nniskor som flytt fr\u00e5n andra l\u00e4nder som \u00e4r poeter.<\/p>\n<p>Jag tycker det \u00e4r sorgligt och bedr\u00f6vligt att Ortens b\u00e4sta poet inte kan \u00f6verleva f\u00f6r poesi vidgar v\u00e5rt spr\u00e5k, vidgar f\u00e5r fantasi och v\u00e5r f\u00f6rm\u00e5ga att f\u00f6rst\u00e5 och utveckla spr\u00e5ket och alla dess m\u00f6jligheter.<\/p>\n<p>2017 fick f\u00f6reningen drygt en halv miljon i bland annat kulturst\u00f6d fr\u00e5n Stockholms stad. F\u00f6rutom det fick de ytterligare n\u00e4stan 1,3 miljoner kronor fr\u00e5n landstinget, studief\u00f6rbund och privatpersoner, som delvis anv\u00e4nts f\u00f6r att finansiera t\u00e4vlingen \u201dOrtens b\u00e4sta poet\u201d, <a href=\"https:\/\/www.svt.se\/nyheter\/lokalt\/stockholm\/ortens-basta-poet-laggs-ned\">rapporterar SVT Nyheter.<\/a><\/p>\n<p>F\u00f6r 2018 fick f\u00f6reningen 300.000 kronor i kulturst\u00f6d fr\u00e5n Stockholms stad och 250 000 kr fr\u00e5n statens kulturr\u00e5d. Men de f\u00e5r \u00e4nd\u00e5 inte projektet att g\u00e5 ihop.<\/p>\n<p>\u2013 Vi har inte n\u00e5tt upp till de niv\u00e5er vi beh\u00f6ver f\u00f6r att finansiera t\u00e4vlingen, s\u00e4ger Bipasha Huq, fr\u00e5n F\u00f6renade f\u00f6rorter till SVT.<\/p>\n","protected":false},"excerpt":{"rendered":"<p>Ortens b\u00e4sta poet &#8211; har funnits i fyra \u00e5r och 20.000 personer har n\u00e5tts via evenemang i landet och lives\u00e4ndningar p\u00e5 n\u00e4tet. 300 poeter har deltagit och minst det dubbla antalet har g\u00e5tt p\u00e5 workshops i poesi, skriver Melody Farshin, st\u00e5uppkomiker och skribent i Dagens Nyheters kulturbilaga den 3 januari 2019. Melody Farshin som debuterade [&hellip;]<\/p>\n","protected":false},"author":2,"featured_media":0,"comment_status":"open","ping_status":"open","sticky":false,"template":"","format":"standard","meta":{"_genesis_hide_title":false,"_genesis_hide_breadcrumbs":false,"_genesis_hide_singular_image":false,"_genesis_hide_footer_widgets":false,"_genesis_custom_body_class":"","_genesis_custom_post_class":"","_genesis_layout":"","footnotes":""},"categories":[44,62,3,13624],"tags":[3109,3386,4408,13791],"class_list":{"0":"post-121960","1":"post","2":"type-post","3":"status-publish","4":"format-standard","6":"category-chadie","7":"category-medie-och-kulturpolitik","8":"category-litteratur","9":"category-toppnytt","10":"tag-kulturpolitik","11":"tag-lyrik","12":"tag-poesi","13":"tag-pooesi","14":"entry"},"_links":{"self":[{"href":"https:\/\/kulturbloggen.com\/index.php?rest_route=\/wp\/v2\/posts\/121960","targetHints":{"allow":["GET"]}}],"collection":[{"href":"https:\/\/kulturbloggen.com\/index.php?rest_route=\/wp\/v2\/posts"}],"about":[{"href":"https:\/\/kulturbloggen.com\/index.php?rest_route=\/wp\/v2\/types\/post"}],"author":[{"embeddable":true,"href":"https:\/\/kulturbloggen.com\/index.php?rest_route=\/wp\/v2\/users\/2"}],"replies":[{"embeddable":true,"href":"https:\/\/kulturbloggen.com\/index.php?rest_route=%2Fwp%2Fv2%2Fcomments&post=121960"}],"version-history":[{"count":2,"href":"https:\/\/kulturbloggen.com\/index.php?rest_route=\/wp\/v2\/posts\/121960\/revisions"}],"predecessor-version":[{"id":121963,"href":"https:\/\/kulturbloggen.com\/index.php?rest_route=\/wp\/v2\/posts\/121960\/revisions\/121963"}],"wp:attachment":[{"href":"https:\/\/kulturbloggen.com\/index.php?rest_route=%2Fwp%2Fv2%2Fmedia&parent=121960"}],"wp:term":[{"taxonomy":"category","embeddable":true,"href":"https:\/\/kulturbloggen.com\/index.php?rest_route=%2Fwp%2Fv2%2Fcategories&post=121960"},{"taxonomy":"post_tag","embeddable":true,"href":"https:\/\/kulturbloggen.com\/index.php?rest_route=%2Fwp%2Fv2%2Ftags&post=121960"}],"curies":[{"name":"wp","href":"https:\/\/api.w.org\/{rel}","templated":true}]}}